{"id":4061,"date":"2007-07-05T00:12:01","date_gmt":"2007-07-04T22:12:01","guid":{"rendered":"http:\/\/www.schoene-nachrichten.de\/?p=4061"},"modified":"2007-07-05T01:43:15","modified_gmt":"2007-07-04T23:43:15","slug":"fuldaer-kanuten-starteten-bei-titlis-river-race-2007","status":"publish","type":"post","link":"https:\/\/www.fuldaernachrichten.de\/?p=4061","title":{"rendered":"Fuldaer Kanuten starteten bei Titlis-River-Race 2007"},"content":{"rendered":"<p><strong><a rel=\"lightbox[roadtrip]\" target=\"_blank\" href=\"http:\/\/www.schoene-nachrichten.de\/wp-content\/uploads\/2007\/07\/070705_kanuten.jpg\" title=\"070705_kanuten.jpg\"><img decoding=\"async\" align=\"left\" src=\"http:\/\/www.schoene-nachrichten.de\/wp-content\/uploads\/2007\/07\/070705_kanuten.thumbnail.jpg\" hspace=\"5\" alt=\"070705_kanuten.jpg\" \/><\/a>Sport.<\/strong> Mit\u00c2\u00a0elf Aktiven und den Trainern Andreas Dajek und Harald Piaskowski war eine Landesauswahl des Hessischen Kanu-Verbandes am vergangenen Wochenende zum Titlis-River-Race 2007 gestartet. Auf der Engelbergeraa wurde ein internationaler Junioren-Vergleichswettkampf angeboten. Neben den Hessen war auch Ralf Beerschwenger mit einer Landesauswahl aus NRW vertreten. Weitere Starter kamen aus Frankreich und Luxemburg.<!--more--><\/p>\n<p>Angeboten wurden auf der Engelbergeraa &#8211; die bei Buochs in den Vierwaldst\u00e4tter See m\u00fcndet &#8211; Sprint- und Classicwettk\u00e4mpfe. Das Team um Organisationsleiter Heinz Wyss hatte alles bestens im Griff! Die Wettk\u00e4mpfe verliefen wie am Schn\u00fcrchen und das Umfeld (Unterbringung der Sportler, Siegerehrung, Nudelparty, etc.) war bestens organisiert.\u00c2\u00a0<\/p>\n<p>Gut vorbereitet war Janina Piaskowski, die mit einem Doppelsieg im Kajak-Einer der weiblichen Jugend auf beiden Distanzen, ihre Nominierung f\u00fcr die Junioren-WM in Charlotte eindrucksvoll best\u00e4tigte. Der 2. Hessische WM-Teilnehmer &#8211; Kaspar Zoth &#8211; hatte Pech. Aufgrund eines Paddelbruchs kam er \u00fcber 4. Pl\u00e4tze nicht hinaus.<\/p>\n<p>Ganz vorne dabei waren die Hessischen Sch\u00fcler. Julius Stark, der im letzten Jahr einen schweren Unfall auf der Wettkampfstrecke zu verzeichnen hatte, siegte zwei Mal bei den Sch\u00fclern A im Kajak-Einer und Joshua Piaskowski dominierte bei den &#8220;Bejamini&#8221; (Sch\u00fcler B).<\/p>\n<p>Fazit der Kanuten: Die Erfolge des HKV-Teams k\u00f6nnen sich sehen lassen und das Titlis-River-Race ist immer eine Reise wert!<\/p>\n","protected":false},"excerpt":{"rendered":"<div class=\"tmnf_excerpt\"><p>Sport. Mit\u00c2\u00a0elf Aktiven und den Trainern Andreas Dajek und Harald Piaskowski war eine Landesauswahl des Hessischen Kanu-Verbandes am vergangenen Wochenende zum Titlis-River-Race 2007 gestartet. Auf der Engelbergeraa wurde ein internationaler Junioren-Vergleichswettkampf angeboten. Neben den Hessen war auch Ralf Beerschwenger mit einer Landesauswahl aus NRW vertreten. Weitere Starter kamen aus Frankreich und Luxemburg.<\/p>\n<\/div>","protected":false},"author":1,"featured_media":0,"comment_status":"closed","ping_status":"closed","sticky":false,"template":"","format":"standard","meta":{"footnotes":""},"categories":[1,46],"tags":[],"class_list":["post-4061","post","type-post","status-publish","format-standard","hentry","category-startseite","category-sport"],"_links":{"self":[{"href":"https:\/\/www.fuldaernachrichten.de\/index.php?rest_route=\/wp\/v2\/posts\/4061","targetHints":{"allow":["GET"]}}],"collection":[{"href":"https:\/\/www.fuldaernachrichten.de\/index.php?rest_route=\/wp\/v2\/posts"}],"about":[{"href":"https:\/\/www.fuldaernachrichten.de\/index.php?rest_route=\/wp\/v2\/types\/post"}],"author":[{"embeddable":true,"href":"https:\/\/www.fuldaernachrichten.de\/index.php?rest_route=\/wp\/v2\/users\/1"}],"replies":[{"embeddable":true,"href":"https:\/\/www.fuldaernachrichten.de\/index.php?rest_route=%2Fwp%2Fv2%2Fcomments&post=4061"}],"version-history":[{"count":0,"href":"https:\/\/www.fuldaernachrichten.de\/index.php?rest_route=\/wp\/v2\/posts\/4061\/revisions"}],"wp:attachment":[{"href":"https:\/\/www.fuldaernachrichten.de\/index.php?rest_route=%2Fwp%2Fv2%2Fmedia&parent=4061"}],"wp:term":[{"taxonomy":"category","embeddable":true,"href":"https:\/\/www.fuldaernachrichten.de\/index.php?rest_route=%2Fwp%2Fv2%2Fcategories&post=4061"},{"taxonomy":"post_tag","embeddable":true,"href":"https:\/\/www.fuldaernachrichten.de\/index.php?rest_route=%2Fwp%2Fv2%2Ftags&post=4061"}],"curies":[{"name":"wp","href":"https:\/\/api.w.org\/{rel}","templated":true}]}}