{"id":40607,"date":"2009-10-01T05:35:54","date_gmt":"2009-10-01T03:35:54","guid":{"rendered":"http:\/\/www.schoene-nachrichten.de\/?p=40607"},"modified":"2009-09-30T20:36:11","modified_gmt":"2009-09-30T18:36:11","slug":"wirtschaftsregion-zum-4-mal-auf-der-expo-real","status":"publish","type":"post","link":"https:\/\/www.fuldaernachrichten.de\/?p=40607","title":{"rendered":"Wirtschaftsregion zum 4. Mal auf der Expo Real"},"content":{"rendered":"<p><strong>Fulda. <\/strong>Die Wirtschaftsregion Fulda beteiligt sich zum 4. Mal an der gr\u00f6\u00dften europ\u00e4ischen Gewerbe-Immobilien-Messe, der \u00c2\u00a0Expo Real vom 05. bis 07. Oktober 2009 in M\u00fcnchen. Unter dem Dach des Regionalen Standortmarketings pr\u00e4sentieren sich neben Stadt und Landkreis Fulda auch die Gemeinde Bad Salzschlirf sowie die Unternehmensgruppe Burg (Petersberg).<!--more--><\/p>\n<p>Mit ihrem Engagement auf der Immobilienmesse will die Wirtschaftsregion Fulda sich als bedeutende, eigenst\u00e4ndige Region in Hessen darstellen. Den Standortvorteil in der N\u00e4he des Rhein-Main-Gebietes dokumentieren die Fuldaer jetzt auch mit der Platzierung auf der Messe. Der Messestand der Wirtschaftsregion Fulda befindet sich innerhalb der Metropolregion Frankfurt-Rhein-Main. Damit wird der Fuldaer\u00c2\u00a0 Messestand auf Grund seiner zentralen Lage besser gefunden. Dar\u00fcberhinaus profitiert die Region von den gemeinsamen Werbe-und Marketingma\u00dfnahmen der Metropolregion Frankfurt-Rhein-Main.<\/p>\n<p>Als eine von vier Wirtschaftsregionen nimmt Fulda gleichberechtigt mit Nordhessen, Mittelhessen und Rhein-Main am Immobiliendialog des Hessischen Wirtschaftsministers mit Experten der Deutschen Immobilienwirtschaft teil. Oberb\u00fcrgermeister Gerhard M\u00f6ller wird wie schon im vergangenen Jahr nicht nur die Wirtschaftsregion Fulda vorstellen, sondern im Dialog mit den wichtigsten Immobilienmanagern die Position der Kommunen auf der einen Seite deutlich markieren und auf der anderen Seite Anregungen f\u00fcr die Vermarktung von Gewerbefl\u00e4chen und Immobilien mitnehmen.<\/p>\n<p>Der Fuldaer Messestand selbst setzt in seiner Aussage mehr auf die weichen Standortfaktoren. So stehen die Faktoren Werte und Lebensqualit\u00e4t ganz oben auf der Pr\u00e4sentationsagenda. Regionalmanager Christoph Burkard:\u201cWir haben festgestellt, dass die zentrale Lage als Standortfaktor uns nur wenig von anderen Regionen unterscheidet. In Kombination mit der hohen Lebensqualit\u00e4t und den guten Tagungsm\u00f6glichkeiten wird daraus jedoch ein unverwechselbarer Standortvorteil.\u201c<\/p>\n<p>Die Fuldaer bieten den Besuchern auch in diesem Jahr wieder die M\u00f6glichkeit vom Messestand aus Gr\u00fc\u00dfe nach Hause zu senden. Anstelle von Blumenstr\u00e4u\u00dfen wie in den vergangenen Jahren k\u00f6nnen jetzt Postkarten versendet werden. Alle Teilnehmer an der Postkartenaktion k\u00f6nnen zu dem wertvolle Preise gewinnen. Als erster Preis winkt ein Wellness-Wochenende f\u00fcr zwei Personen im Hotel Esperanto in Fulda, als zweiter Preis ein Wellness-Wochenende f\u00fcr zwei Personen\u00c2\u00a0 im Badehof in Bad Salzschlirf und der dritte Preis sind zwei Eintrittskarten f\u00fcr den Besuch des Fuldaer Wirtschaftstags am 27. November 2009 in der Orangerie in Fulda.<\/p>\n","protected":false},"excerpt":{"rendered":"<div class=\"tmnf_excerpt\"><p>Fulda. Die Wirtschaftsregion Fulda beteiligt sich zum 4. Mal an der gr\u00f6\u00dften europ\u00e4ischen Gewerbe-Immobilien-Messe, der \u00c2\u00a0Expo Real vom 05. bis 07. Oktober 2009 in M\u00fcnchen. Unter dem Dach des Regionalen Standortmarketings pr\u00e4sentieren sich neben Stadt und Landkreis Fulda auch die Gemeinde Bad Salzschlirf sowie die Unternehmensgruppe Burg (Petersberg).<\/p>\n<\/div>","protected":false},"author":1,"featured_media":0,"comment_status":"closed","ping_status":"closed","sticky":false,"template":"","format":"standard","meta":{"footnotes":""},"categories":[1,29],"tags":[],"class_list":["post-40607","post","type-post","status-publish","format-standard","hentry","category-startseite","category-politik"],"_links":{"self":[{"href":"https:\/\/www.fuldaernachrichten.de\/index.php?rest_route=\/wp\/v2\/posts\/40607","targetHints":{"allow":["GET"]}}],"collection":[{"href":"https:\/\/www.fuldaernachrichten.de\/index.php?rest_route=\/wp\/v2\/posts"}],"about":[{"href":"https:\/\/www.fuldaernachrichten.de\/index.php?rest_route=\/wp\/v2\/types\/post"}],"author":[{"embeddable":true,"href":"https:\/\/www.fuldaernachrichten.de\/index.php?rest_route=\/wp\/v2\/users\/1"}],"replies":[{"embeddable":true,"href":"https:\/\/www.fuldaernachrichten.de\/index.php?rest_route=%2Fwp%2Fv2%2Fcomments&post=40607"}],"version-history":[{"count":2,"href":"https:\/\/www.fuldaernachrichten.de\/index.php?rest_route=\/wp\/v2\/posts\/40607\/revisions"}],"predecessor-version":[{"id":40609,"href":"https:\/\/www.fuldaernachrichten.de\/index.php?rest_route=\/wp\/v2\/posts\/40607\/revisions\/40609"}],"wp:attachment":[{"href":"https:\/\/www.fuldaernachrichten.de\/index.php?rest_route=%2Fwp%2Fv2%2Fmedia&parent=40607"}],"wp:term":[{"taxonomy":"category","embeddable":true,"href":"https:\/\/www.fuldaernachrichten.de\/index.php?rest_route=%2Fwp%2Fv2%2Fcategories&post=40607"},{"taxonomy":"post_tag","embeddable":true,"href":"https:\/\/www.fuldaernachrichten.de\/index.php?rest_route=%2Fwp%2Fv2%2Ftags&post=40607"}],"curies":[{"name":"wp","href":"https:\/\/api.w.org\/{rel}","templated":true}]}}