{"id":40593,"date":"2009-10-01T05:45:19","date_gmt":"2009-10-01T03:45:19","guid":{"rendered":"http:\/\/www.schoene-nachrichten.de\/?p=40593"},"modified":"2009-10-01T14:19:43","modified_gmt":"2009-10-01T12:19:43","slug":"trabi-parade-und-swing-musik-in-fuldas-innenstadt","status":"publish","type":"post","link":"https:\/\/www.fuldaernachrichten.de\/?p=40593","title":{"rendered":"Trabi-Parade und Swing-Musik in Fuldas Innenstadt"},"content":{"rendered":"<p><strong><a href=\"http:\/\/www.schoene-nachrichten.de\/wp-content\/uploads\/2009\/09\/090930_Trabi_029.thumbnail.jpg\"><img decoding=\"async\" class=\"alignleft size-thumbnail wp-image-40598\" title=\"090930_Trabi_029.thumbnail\" src=\"http:\/\/www.schoene-nachrichten.de\/wp-content\/uploads\/2009\/09\/090930_Trabi_029.thumbnail-265x178.jpg\" alt=\"090930_Trabi_029.thumbnail\" width=\"265\" height=\"178\" srcset=\"https:\/\/www.fuldaernachrichten.de\/wp-content\/uploads\/2009\/09\/090930_Trabi_029.thumbnail-265x178.jpg 265w, https:\/\/www.fuldaernachrichten.de\/wp-content\/uploads\/2009\/09\/090930_Trabi_029.thumbnail.jpg 592w\" sizes=\"(max-width: 265px) 100vw, 265px\" \/><\/a>Fulda.<\/strong> Am Wochenende der \u201eDeutschen Einheit\u201c steht die Innenstadt Fuldas im Zeichen des 20. Jubil\u00e4ums der Grenz\u00f6ffnung. Am Samstag, 03. Oktober und Sonntag, 04. Oktober 2009, wird rund um den Buttermarkt eine Trabi-Parade mit Ausstellung der legend\u00e4ren Trabants stattfinden. Am 03. Oktober ist auf dem Jesuitenplatz ab 13 Uhr Swing von der Big-Band Hartmanns-Harmonists zu h\u00f6ren.<\/p>\n<p><strong>Fotos<\/strong>: Stadtarchiv der Stadt Fulda<\/p>\n<p><!--more--><\/p>\n<p><strong> <\/strong><\/p>\n<p><strong> <\/strong><\/p>\n<p>03. und 04. Oktober 2009 Trabi-Parade: Was w\u00e4re die DDR ohne ihre \u201eRennpappe\u201c gewesen? Und was die Grenz\u00f6ffnung ohne den typischen Sound des kleinen Zweitaktmotors? Optisch, akustisch, olfaktorisch und auch durch ihre gro\u00dfe Begeisterung lassen die aus dem ganzen Bundesgebiet anreisenden Mitglieder des Trabi-Clubs \u201eBlaue Wolke\u201c bei einer gro\u00dfen Trabi-Parade am Tag der Deutschen Einheut den Enthusiasmus der ersten Stunde wieder lebendig werden. Am Buttermarkt und in der Karlstra\u00dfe werden sie am 03. und 04. Oktober 2009 dann ihre liebevoll restaurierten Gef\u00e4hrte zwischen 10:30 Uhr und 16:00 Uhr ausstellen.<\/p>\n<p>Sonntag, 13:00 &#8211; 18:00 Uhr &#8211; Big-Band Hartmanns Harmonists: Die Big-Band Hartmanns Harmonists aus Fulda steht inzwischen schon seit \u00fcber 20 Jahren f\u00fcr Swing-Musik in allen ihren Facetten. Von klassischen Arrangements \u00fcber jazzigen Sound, lateinamerikanischen Rhythmen und Bearbeitungen im rockigen Stil kann die 18-k\u00f6pfige Gruppe engagierter Freizeitmusiker alles bieten. Die Band tritt bei den unterschiedlichsten Gelegenheiten auf. Stadt-, Wein- und Lichterfeste, Messen, Jubil\u00e4en, Hochzeiten, u.v.m. Dazu kommen mit einem neuen Programm auch diverse Tanzveranstaltungen (z.B. B\u00e4lle).<\/p>\n<p>Im Rahmen des \u201eMuseumsinsel um den Bauzaun\u201c-Events pr\u00e4sentieren die \u201eHartmanns Harmonists\u201c am 04. Oktober nat\u00fcrlich vorrangig klassische 50er und 60er Jahre Titel des Swing und Rock \u00c2\u00b4n` Roll. Aber auch fetziger Bl\u00e4sersound modernerer Titel, der sich aus dem Stil dieser Epoche entwickelt hat, wird Sie begeistern! Sie sind herzlich eingeladen zum Mitswingen und Mittanzen!<\/p>\n<p>Die Aktionen sind Teil des Veranstaltungsprogramms \u201eMuseumsinsel\u201c im Rahmen der Bauma\u00dfnahmen am Universit\u00e4tsplatz: Am 04. Oktober ist verkaufsoffener Sonntag, sodass ein Besuch in der Innenstadt besonders lohnt. Bis zum 04. Oktober ist bei Karstadt noch die Wohn- und Spielzeugwelt der \u201egoldenen\u201c Fifties und Sixties als Ausstellung zu erleben.<\/p>\n<p>Das Modehaus Schneider zeigt noch bis zum Wochenende Motorr\u00e4der und Roller der 50er und 60er Jahre.<\/p>\n<p>Bis zum 22. Oktober 2009 sind im Kundenzentrum der \u00dcWAG Elektroger\u00e4te und Kleinwagen aus der Wirtschaftswunder-\u00c4ra zu sehen.<\/p>\n<p>Die Galeria Kaufhof pr\u00e4sentiert bis zum 17. Oktober 2009 ein Ausstellungsthema \u201eStars und Accessoires, der 50er und 60er Jahre.\u201c<\/p>\n<p>Jetzt, wo Fuldas Mitte sich wieder einmal wandelt, erinnert dieses Veranstaltungsprogramm der Anlieger am Universit\u00e4tsplatz an die Zeit des Aufbruchs und Wandels kurz nach Gr\u00fcndung der Bundesrepublik Deutschland.<\/p>\n\n\t\t<style type=\"text\/css\">\n\t\t\t#gallery-1 {\n\t\t\t\tmargin: auto;\n\t\t\t}\n\t\t\t#gallery-1 .gallery-item {\n\t\t\t\tfloat: left;\n\t\t\t\tmargin-top: 10px;\n\t\t\t\ttext-align: center;\n\t\t\t\twidth: 50%;\n\t\t\t}\n\t\t\t#gallery-1 img {\n\t\t\t\tborder: 2px solid #cfcfcf;\n\t\t\t}\n\t\t\t#gallery-1 .gallery-caption {\n\t\t\t\tmargin-left: 0;\n\t\t\t}\n\t\t\t\/* see gallery_shortcode() in wp-includes\/media.php *\/\n\t\t<\/style>\n\t\t<div id='gallery-1' class='gallery galleryid-40593 gallery-columns-2 gallery-size-thumbnail'><dl class='gallery-item'>\n\t\t\t<dt class='gallery-icon landscape'>\n\t\t\t\t<a href='https:\/\/www.fuldaernachrichten.de\/wp-content\/uploads\/2009\/09\/090930_Trabi_026.thumbnail.jpg'><img decoding=\"async\" width=\"150\" height=\"101\" src=\"https:\/\/www.fuldaernachrichten.de\/wp-content\/uploads\/2009\/09\/090930_Trabi_026.thumbnail-265x178.jpg\" class=\"attachment-thumbnail size-thumbnail\" alt=\"\" srcset=\"https:\/\/www.fuldaernachrichten.de\/wp-content\/uploads\/2009\/09\/090930_Trabi_026.thumbnail-265x178.jpg 265w, https:\/\/www.fuldaernachrichten.de\/wp-content\/uploads\/2009\/09\/090930_Trabi_026.thumbnail.jpg 592w\" sizes=\"(max-width: 150px) 100vw, 150px\" \/><\/a>\n\t\t\t<\/dt><\/dl><dl class='gallery-item'>\n\t\t\t<dt class='gallery-icon landscape'>\n\t\t\t\t<a href='https:\/\/www.fuldaernachrichten.de\/wp-content\/uploads\/2009\/09\/090930_Trabi_027.thumbnail.jpg'><img decoding=\"async\" width=\"150\" height=\"101\" src=\"https:\/\/www.fuldaernachrichten.de\/wp-content\/uploads\/2009\/09\/090930_Trabi_027.thumbnail-265x178.jpg\" class=\"attachment-thumbnail size-thumbnail\" alt=\"\" srcset=\"https:\/\/www.fuldaernachrichten.de\/wp-content\/uploads\/2009\/09\/090930_Trabi_027.thumbnail-265x178.jpg 265w, https:\/\/www.fuldaernachrichten.de\/wp-content\/uploads\/2009\/09\/090930_Trabi_027.thumbnail.jpg 592w\" sizes=\"(max-width: 150px) 100vw, 150px\" \/><\/a>\n\t\t\t<\/dt><\/dl><br style=\"clear: both\" \/><dl class='gallery-item'>\n\t\t\t<dt class='gallery-icon landscape'>\n\t\t\t\t<a href='https:\/\/www.fuldaernachrichten.de\/wp-content\/uploads\/2009\/09\/090930_Trabi_028.thumbnail.jpg'><img loading=\"lazy\" decoding=\"async\" width=\"150\" height=\"101\" src=\"https:\/\/www.fuldaernachrichten.de\/wp-content\/uploads\/2009\/09\/090930_Trabi_028.thumbnail-265x178.jpg\" class=\"attachment-thumbnail size-thumbnail\" alt=\"\" srcset=\"https:\/\/www.fuldaernachrichten.de\/wp-content\/uploads\/2009\/09\/090930_Trabi_028.thumbnail-265x178.jpg 265w, https:\/\/www.fuldaernachrichten.de\/wp-content\/uploads\/2009\/09\/090930_Trabi_028.thumbnail.jpg 592w\" sizes=\"(max-width: 150px) 100vw, 150px\" \/><\/a>\n\t\t\t<\/dt><\/dl><dl class='gallery-item'>\n\t\t\t<dt class='gallery-icon landscape'>\n\t\t\t\t<a href='https:\/\/www.fuldaernachrichten.de\/wp-content\/uploads\/2009\/09\/090930_Trabi_029.thumbnail.jpg'><img loading=\"lazy\" decoding=\"async\" width=\"150\" height=\"101\" src=\"https:\/\/www.fuldaernachrichten.de\/wp-content\/uploads\/2009\/09\/090930_Trabi_029.thumbnail-265x178.jpg\" class=\"attachment-thumbnail size-thumbnail\" alt=\"\" srcset=\"https:\/\/www.fuldaernachrichten.de\/wp-content\/uploads\/2009\/09\/090930_Trabi_029.thumbnail-265x178.jpg 265w, https:\/\/www.fuldaernachrichten.de\/wp-content\/uploads\/2009\/09\/090930_Trabi_029.thumbnail.jpg 592w\" sizes=\"(max-width: 150px) 100vw, 150px\" \/><\/a>\n\t\t\t<\/dt><\/dl><br style=\"clear: both\" \/><dl class='gallery-item'>\n\t\t\t<dt class='gallery-icon landscape'>\n\t\t\t\t<a href='https:\/\/www.fuldaernachrichten.de\/wp-content\/uploads\/2009\/09\/090930_Trabi_030.thumbnail.jpg'><img loading=\"lazy\" decoding=\"async\" width=\"150\" height=\"101\" src=\"https:\/\/www.fuldaernachrichten.de\/wp-content\/uploads\/2009\/09\/090930_Trabi_030.thumbnail-265x178.jpg\" class=\"attachment-thumbnail size-thumbnail\" alt=\"\" srcset=\"https:\/\/www.fuldaernachrichten.de\/wp-content\/uploads\/2009\/09\/090930_Trabi_030.thumbnail-265x178.jpg 265w, https:\/\/www.fuldaernachrichten.de\/wp-content\/uploads\/2009\/09\/090930_Trabi_030.thumbnail.jpg 592w\" sizes=\"(max-width: 150px) 100vw, 150px\" \/><\/a>\n\t\t\t<\/dt><\/dl>\n\t\t\t<br style='clear: both' \/>\n\t\t<\/div>\n\n","protected":false},"excerpt":{"rendered":"<div class=\"tmnf_excerpt\"><p>Fulda. Am Wochenende der \u201eDeutschen Einheit\u201c steht die Innenstadt Fuldas im Zeichen des 20. Jubil\u00e4ums der Grenz\u00f6ffnung. Am Samstag, 03. Oktober und Sonntag, 04. Oktober 2009, wird rund um den Buttermarkt eine Trabi-Parade mit Ausstellung der legend\u00e4ren Trabants stattfinden. Am 03. Oktober ist auf dem Jesuitenplatz ab 13 Uhr Swing von der Big-Band Hartmanns-Harmonists zu &hellip;<\/p>\n<\/div>","protected":false},"author":1,"featured_media":0,"comment_status":"closed","ping_status":"closed","sticky":false,"template":"","format":"standard","meta":{"footnotes":""},"categories":[1,54],"tags":[],"class_list":["post-40593","post","type-post","status-publish","format-standard","hentry","category-startseite","category-bildergalerien"],"_links":{"self":[{"href":"https:\/\/www.fuldaernachrichten.de\/index.php?rest_route=\/wp\/v2\/posts\/40593","targetHints":{"allow":["GET"]}}],"collection":[{"href":"https:\/\/www.fuldaernachrichten.de\/index.php?rest_route=\/wp\/v2\/posts"}],"about":[{"href":"https:\/\/www.fuldaernachrichten.de\/index.php?rest_route=\/wp\/v2\/types\/post"}],"author":[{"embeddable":true,"href":"https:\/\/www.fuldaernachrichten.de\/index.php?rest_route=\/wp\/v2\/users\/1"}],"replies":[{"embeddable":true,"href":"https:\/\/www.fuldaernachrichten.de\/index.php?rest_route=%2Fwp%2Fv2%2Fcomments&post=40593"}],"version-history":[{"count":9,"href":"https:\/\/www.fuldaernachrichten.de\/index.php?rest_route=\/wp\/v2\/posts\/40593\/revisions"}],"predecessor-version":[{"id":40624,"href":"https:\/\/www.fuldaernachrichten.de\/index.php?rest_route=\/wp\/v2\/posts\/40593\/revisions\/40624"}],"wp:attachment":[{"href":"https:\/\/www.fuldaernachrichten.de\/index.php?rest_route=%2Fwp%2Fv2%2Fmedia&parent=40593"}],"wp:term":[{"taxonomy":"category","embeddable":true,"href":"https:\/\/www.fuldaernachrichten.de\/index.php?rest_route=%2Fwp%2Fv2%2Fcategories&post=40593"},{"taxonomy":"post_tag","embeddable":true,"href":"https:\/\/www.fuldaernachrichten.de\/index.php?rest_route=%2Fwp%2Fv2%2Ftags&post=40593"}],"curies":[{"name":"wp","href":"https:\/\/api.w.org\/{rel}","templated":true}]}}