{"id":40560,"date":"2009-10-01T06:00:52","date_gmt":"2009-10-01T04:00:52","guid":{"rendered":"http:\/\/www.schoene-nachrichten.de\/?p=40560"},"modified":"2009-09-30T20:38:12","modified_gmt":"2009-09-30T18:38:12","slug":"erster-spatenstich-fuer-das-neue-domizil-des-st-ulrichheims-in-huenfeld","status":"publish","type":"post","link":"https:\/\/www.fuldaernachrichten.de\/?p=40560","title":{"rendered":"Erster Spatenstich f\u00fcr das neue Domizil des St. Ulrichheims in H\u00fcnfeld"},"content":{"rendered":"<p><strong><a href=\"http:\/\/www.schoene-nachrichten.de\/wp-content\/uploads\/2009\/09\/090930_Spatenstich.jpg\"><img decoding=\"async\" class=\"alignleft size-thumbnail wp-image-40561\" title=\"090930_Spatenstich\" src=\"http:\/\/www.schoene-nachrichten.de\/wp-content\/uploads\/2009\/09\/090930_Spatenstich-265x176.jpg\" alt=\"090930_Spatenstich\" width=\"265\" height=\"176\" srcset=\"https:\/\/www.fuldaernachrichten.de\/wp-content\/uploads\/2009\/09\/090930_Spatenstich-265x176.jpg 265w, https:\/\/www.fuldaernachrichten.de\/wp-content\/uploads\/2009\/09\/090930_Spatenstich.jpg 592w\" sizes=\"(max-width: 265px) 100vw, 265px\" \/><\/a>H\u00fcnfeld. <\/strong>Alle Redner hoben \u201edie gro\u00dfe Bedeutung\u201c des jetzt entstehenden Geb\u00e4udes hervor: Zum Ersten Spatenstich f\u00fcr das neue Domizil des St. Ulrichheims waren viele Interessierte auf das Gel\u00e4nde der ehemaligen H\u00fcnfelder Klosterg\u00e4rtnerei gekommen. Das freute besonders Investor Willi Kropp, der alle G\u00e4ste auch im Namen seiner Frau Irmgard sowie seiner S\u00f6hne Markus und Oliver willkommen hie\u00df. Wie er erl\u00e4uterte, wird die bislang kreiseigene Altenpflege-Einrichtung am neuen Standort k\u00fcnftig von der Seniana-St.-Ulrichheim GmbH betrieben, die sich in Gr\u00fcndung befindet. Als Bauherrin und Eigent\u00fcmerin des neuen Geb\u00e4udes fungiert die Firma Kropp.<!--more--><\/p>\n<p>\u201eWir werden f\u00fcnf Hausgemeinschaften schaffen, die einen gro\u00dfz\u00fcgigen Lebensraum f\u00fcr insgesamt 60 Seniorinnen und Senioren darstellen\u201c, betonte der Investor. Zu den weiteren R\u00e4umen geh\u00f6re auch eine Hauskapelle. \u201eDas dreigeschossige Seniana St. Ulrichheim mit einem kleineren Dachaufbau wird eine Grundfl\u00e4che von 5000 Quadratmetern haben\u201c, erl\u00e4uterte Kropp und bezifferte die Baukosten einschlie\u00dflich Grundst\u00fcckskauf auf\u00c2\u00a0 5,5 Millionen Euro. Als avisierten Termin f\u00fcr die Er\u00f6ffnung nannte er Ende Oktober 2010 und w\u00fcnschte abschlie\u00dfend dem Team um Bauleiter Walter Jehn unfallfreies Arbeiten.<\/p>\n<p>Hans-Karl Diederich, Gesch\u00e4ftsf\u00fchrer von Mediana\/Seniana, betonte: \u201eWir freuen uns, dass der Kreis Fulda uns mit dem St. Ulrichheim betraut hat. Dies ist f\u00fcr uns Vertrauensbeweis und Herausforderung zugleich.\u201c Nicht ohne Stolz wies Diederich darauf hin, dass man so der H\u00fcnfelder Altenhilfe-Landschaft einen weiteren Mosaikstein hinzuf\u00fcgen k\u00f6nne, und nannte die bereits bew\u00e4hrten Seniana-Angebote in der Haunestadt. Wie der Gesch\u00e4ftsf\u00fchrer erkl\u00e4rte, \u201ewird durch diesen Neubau die moderne Konzeption der Hausgemeinschaften und der Pr\u00e4senzkr\u00e4fte erstmals in H\u00fcnfeld realisiert\u201c.<\/p>\n<p>F\u00fcr jeden Bewohner stehe ein rund 28 Quadratmeter gro\u00dfes Einzelapartment mit eigenem WC und Dusche zur Verf\u00fcgung. Diese Privatbereiche gruppierten sich jeweils zu einer Hausgemeinschaft. Wie Diederich dankte auch Erster Kreisbeigeordneter Dr. Heiko Wingenfeld dem Bonifatiuskloster H\u00fcnfeld, vertreten durch Pater Superior Karl-Heinz Vogt, herzlich daf\u00fcr, dass es die ehemalige G\u00e4rtnereifl\u00e4che f\u00fcr diesen Zweck verkauft habe: \u201eDieser idyllische Standort hier hat einen Wert an sich.\u201c Den Ersten Spatentisch f\u00fcr das neue St. Ulrichheim bezeichnete Wingenfeld als \u201eechten Meilenstein f\u00fcr die Modernisierung unserer Kreis-Altenhilfe\u201c.<\/p>\n<p>Die Zukunftsperspektive stehe jetzt konkret vor Augen, was ihn besonders auch f\u00fcr die Bewohner und Mitarbeiter der bisher kreiseigenen Einrichtung freue. In der Altenhilfe komme es nicht nur auf eine gute menschliche Betreuung an, sagte Wingenfeld, wobei er auch den seelsorglichen Einsatz von Pfarrer Eugen Kutzka im St. Ulrichheim w\u00fcrdigte. R\u00e4umlich sei die Einrichtung freilich in die Jahre gekommen, weshalb \u201edurch die nicht allt\u00e4gliche Kooperation mit der Firma Kropp und der Unternehmensgruppe Mediana\/Seniana f\u00fcr den n\u00f6tigen Modernisierungsschub gesorgt werde\u201c. Der Erste Kreisbeigeordnete dankte auch der Stadt H\u00fcnfeld, die sich sehr f\u00fcr das Zustandekommen dieses Projekts engagiert habe.<\/p>\n<p>H\u00fcnfelds B\u00fcrgermeister Dr. Eberhard\u00c2\u00a0 Fennel unterstrich, dass er gern Kontakte hergestellt und zur Vorkl\u00e4rung beigetragen habe. Er bezeichnete das neue Seniana St. Ulrichheim als \u201eunglaublich wichtige Einrichtung f\u00fcr unser Mittelzentrum H\u00fcnfeld\u201c.\u00c2\u00a0 Das Geb\u00e4ude werde zu den Standortfaktoren z\u00e4hlen und komme mit seiner ausgezeichneten Lage nicht zuletzt dem Wunsch von Senioren entgegen, \u201emitten in der kommunalen Gemeinschaft zu leben\u201c. Fennel w\u00fcrdigte Kropp und Seniana als bew\u00e4hrte Partner f\u00fcr H\u00fcnfeld, die in der Haunestadt schon Etliches verwirklicht h\u00e4tten.<\/p>\n<p>Der B\u00fcrgermeister informierte dar\u00fcber, dass auf einem Nachbargrundst\u00fcck des Heim-Neubaues die Firma Kropp und die Stadtwerke gemeinsam ein kleines Parkdeck planten, das vor allem f\u00fcr Heimbesucher und Hallenbadnutzer zur Verf\u00fcgung stehen werde. Das neue Heimgeb\u00e4ude entsteht nach Pl\u00e4nen des Architektenb\u00fcros Clormann, Neis, Krebs aus Hanau. Architekt Rainer Krebs lobte das \u201ev\u00f6llig stimmige Gel\u00e4nde\u201c und w\u00fcrdigte die sehr gute Zusammenarbeit mit dem Investor. Krebs: \u201eHier entsteht kein Pflegeheim, sondern ein Wohnhaus f\u00fcr pflegebed\u00fcrftige Menschen, wo sie optimal betreut werden k\u00f6nnen.\u201c<\/p>\n","protected":false},"excerpt":{"rendered":"<div class=\"tmnf_excerpt\"><p>H\u00fcnfeld. Alle Redner hoben \u201edie gro\u00dfe Bedeutung\u201c des jetzt entstehenden Geb\u00e4udes hervor: Zum Ersten Spatenstich f\u00fcr das neue Domizil des St. Ulrichheims waren viele Interessierte auf das Gel\u00e4nde der ehemaligen H\u00fcnfelder Klosterg\u00e4rtnerei gekommen. Das freute besonders Investor Willi Kropp, der alle G\u00e4ste auch im Namen seiner Frau Irmgard sowie seiner S\u00f6hne Markus und Oliver willkommen &hellip;<\/p>\n<\/div>","protected":false},"author":1,"featured_media":0,"comment_status":"closed","ping_status":"closed","sticky":false,"template":"","format":"standard","meta":{"footnotes":""},"categories":[1,29],"tags":[],"class_list":["post-40560","post","type-post","status-publish","format-standard","hentry","category-startseite","category-politik"],"_links":{"self":[{"href":"https:\/\/www.fuldaernachrichten.de\/index.php?rest_route=\/wp\/v2\/posts\/40560","targetHints":{"allow":["GET"]}}],"collection":[{"href":"https:\/\/www.fuldaernachrichten.de\/index.php?rest_route=\/wp\/v2\/posts"}],"about":[{"href":"https:\/\/www.fuldaernachrichten.de\/index.php?rest_route=\/wp\/v2\/types\/post"}],"author":[{"embeddable":true,"href":"https:\/\/www.fuldaernachrichten.de\/index.php?rest_route=\/wp\/v2\/users\/1"}],"replies":[{"embeddable":true,"href":"https:\/\/www.fuldaernachrichten.de\/index.php?rest_route=%2Fwp%2Fv2%2Fcomments&post=40560"}],"version-history":[{"count":7,"href":"https:\/\/www.fuldaernachrichten.de\/index.php?rest_route=\/wp\/v2\/posts\/40560\/revisions"}],"predecessor-version":[{"id":40612,"href":"https:\/\/www.fuldaernachrichten.de\/index.php?rest_route=\/wp\/v2\/posts\/40560\/revisions\/40612"}],"wp:attachment":[{"href":"https:\/\/www.fuldaernachrichten.de\/index.php?rest_route=%2Fwp%2Fv2%2Fmedia&parent=40560"}],"wp:term":[{"taxonomy":"category","embeddable":true,"href":"https:\/\/www.fuldaernachrichten.de\/index.php?rest_route=%2Fwp%2Fv2%2Fcategories&post=40560"},{"taxonomy":"post_tag","embeddable":true,"href":"https:\/\/www.fuldaernachrichten.de\/index.php?rest_route=%2Fwp%2Fv2%2Ftags&post=40560"}],"curies":[{"name":"wp","href":"https:\/\/api.w.org\/{rel}","templated":true}]}}