{"id":40556,"date":"2009-10-02T08:48:03","date_gmt":"2009-10-02T06:48:03","guid":{"rendered":"http:\/\/www.schoene-nachrichten.de\/?p=40556"},"modified":"2009-10-06T08:48:31","modified_gmt":"2009-10-06T06:48:31","slug":"sitzkissenkonzert-fuer-kinder","status":"publish","type":"post","link":"https:\/\/www.fuldaernachrichten.de\/?p=40556","title":{"rendered":"Sitzkissenkonzert f\u00fcr Kinder"},"content":{"rendered":"<p><strong>Fulda. <\/strong>Am Sonntag, 4. Oktober 2009, findet das j\u00e4hrliche\u00c2\u00a0 \u201eSitzkissenkonzert\u201c, insbesondere f\u00fcr j\u00fcngere Kinder, statt. Das Konzert dauert etwas \u00fcber eine Stunde. Es musiziert das Kammerorchester der Jugend unter Leitung von Ulrich Moormann mit Tanzs\u00e4tzen aus H\u00e4ndels \u201eFeuerwerksmusik\u201c und Musik von Bizet. Die B- und C-Ch\u00f6re des Jugendkathedralchors Fulda werden unter Domkapellmeister Franz-Peter Huber singen und eine kleine Gruppe mit Violinisten der Musikschule Fulda tritt mit Werken von Beethoven, Dancla und Schostakowitch auf. Auf dem Programm stehen auch Kinderlieder zum Mitsingen und Bewegen.<\/p>\n","protected":false},"excerpt":{"rendered":"<div class=\"tmnf_excerpt\"><p>Fulda. Am Sonntag, 4. Oktober 2009, findet das j\u00e4hrliche\u00c2\u00a0 \u201eSitzkissenkonzert\u201c, insbesondere f\u00fcr j\u00fcngere Kinder, statt. Das Konzert dauert etwas \u00fcber eine Stunde. Es musiziert das Kammerorchester der Jugend unter Leitung von Ulrich Moormann mit Tanzs\u00e4tzen aus H\u00e4ndels \u201eFeuerwerksmusik\u201c und Musik von Bizet. Die B- und C-Ch\u00f6re des Jugendkathedralchors Fulda werden unter Domkapellmeister Franz-Peter Huber singen &hellip;<\/p>\n<\/div>","protected":false},"author":1,"featured_media":0,"comment_status":"closed","ping_status":"closed","sticky":false,"template":"","format":"standard","meta":{"footnotes":""},"categories":[1,50],"tags":[],"class_list":["post-40556","post","type-post","status-publish","format-standard","hentry","category-startseite","category-kirche"],"_links":{"self":[{"href":"https:\/\/www.fuldaernachrichten.de\/index.php?rest_route=\/wp\/v2\/posts\/40556","targetHints":{"allow":["GET"]}}],"collection":[{"href":"https:\/\/www.fuldaernachrichten.de\/index.php?rest_route=\/wp\/v2\/posts"}],"about":[{"href":"https:\/\/www.fuldaernachrichten.de\/index.php?rest_route=\/wp\/v2\/types\/post"}],"author":[{"embeddable":true,"href":"https:\/\/www.fuldaernachrichten.de\/index.php?rest_route=\/wp\/v2\/users\/1"}],"replies":[{"embeddable":true,"href":"https:\/\/www.fuldaernachrichten.de\/index.php?rest_route=%2Fwp%2Fv2%2Fcomments&post=40556"}],"version-history":[{"count":3,"href":"https:\/\/www.fuldaernachrichten.de\/index.php?rest_route=\/wp\/v2\/posts\/40556\/revisions"}],"predecessor-version":[{"id":41028,"href":"https:\/\/www.fuldaernachrichten.de\/index.php?rest_route=\/wp\/v2\/posts\/40556\/revisions\/41028"}],"wp:attachment":[{"href":"https:\/\/www.fuldaernachrichten.de\/index.php?rest_route=%2Fwp%2Fv2%2Fmedia&parent=40556"}],"wp:term":[{"taxonomy":"category","embeddable":true,"href":"https:\/\/www.fuldaernachrichten.de\/index.php?rest_route=%2Fwp%2Fv2%2Fcategories&post=40556"},{"taxonomy":"post_tag","embeddable":true,"href":"https:\/\/www.fuldaernachrichten.de\/index.php?rest_route=%2Fwp%2Fv2%2Ftags&post=40556"}],"curies":[{"name":"wp","href":"https:\/\/api.w.org\/{rel}","templated":true}]}}