{"id":4053,"date":"2007-07-05T01:50:44","date_gmt":"2007-07-04T23:50:44","guid":{"rendered":"http:\/\/www.schoene-nachrichten.de\/?p=4053"},"modified":"2007-07-05T01:50:22","modified_gmt":"2007-07-04T23:50:22","slug":"fit-von-klein-auf-gesundheitsfoerderung-im-kinderhaus-st-luise","status":"publish","type":"post","link":"https:\/\/www.fuldaernachrichten.de\/?p=4053","title":{"rendered":"&#8220;Fit von klein auf&#8221; &#8211; Gesundheitsf\u00f6rderung im Kinderhaus St. Luise"},"content":{"rendered":"<p><strong>Sch\u00f6nes aus Fulda.<\/strong> Im Kinderhaus St. Luise wurde in den letzten zwei Monaten das Projekt \u201eFit von klein auf\u201c durchgef\u00fchrt. Das Projekt fand in Kooperation mit der Schwenninger Krankenkasse statt. Die Schwerpunkte lagen in den Bereichen Bewegung, Ern\u00e4hrung und Entspannung.<\/p>\n<p><strong>Fotos (3):<\/strong> Sabine Anderka<\/p>\n<p><a rel=\"lightbox[roadtrip]\" target=\"_blank\" href=\"http:\/\/www.schoene-nachrichten.de\/wp-content\/uploads\/2007\/07\/070704_fit.jpg\" title=\"070704_fit.jpg\"><img decoding=\"async\" src=\"http:\/\/www.schoene-nachrichten.de\/wp-content\/uploads\/2007\/07\/070704_fit.thumbnail.jpg\" alt=\"070704_fit.jpg\" \/><\/a>\u00c2\u00a0<a rel=\"lightbox[roadtrip]\" target=\"_blank\" href=\"http:\/\/www.schoene-nachrichten.de\/wp-content\/uploads\/2007\/07\/070704_fit3.jpg\" title=\"070704_fit3.jpg\"><img decoding=\"async\" src=\"http:\/\/www.schoene-nachrichten.de\/wp-content\/uploads\/2007\/07\/070704_fit3.thumbnail.jpg\" alt=\"070704_fit3.jpg\" \/><\/a>\u00c2\u00a0<a rel=\"lightbox[roadtrip]\" target=\"_blank\" href=\"http:\/\/www.schoene-nachrichten.de\/wp-content\/uploads\/2007\/07\/070704_fit2.jpg\" title=\"070704_fit2.jpg\"><img decoding=\"async\" src=\"http:\/\/www.schoene-nachrichten.de\/wp-content\/uploads\/2007\/07\/070704_fit2.thumbnail.jpg\" alt=\"070704_fit2.jpg\" \/><\/a>\u00c2\u00a0<\/p>\n<p><!--more--><\/p>\n<p>Die Schwenninger Krankenkasse hatte dem p\u00e4dagogischen Team des Kinderhauses einen \u201eFitness-Koffer\u201c mit vielen Unterlagen und Materialien zu dieser Thematik zur Verf\u00fcgung gestellt. Mit Hilfe dieses Koffers entwickelten die Mitarbeiterinnen der Kindertagesst\u00e4tte einen Rahmenplan, der alle drei Schwerpunkte abdeckte.<\/p>\n<p>Neben ausgewogenen Essensangeboten, dem Aufbau und der Nutzung einer Bewegungsbaustelle und der Durchf\u00fchrung von Entspannungsstunden wurde den Kindergartenkindern ein vielseitiges Programm geboten.<\/p>\n<p>Sie erlebten beim Zubereiten und Probieren verschiedener Mahlzeiten, dass auch gesundes Essen gut schmecken kann. Die w\u00f6chentlichen Turnstunden wurden mit zus\u00e4tzlichen Bewegungsangeboten ausgeweitet. Dar\u00fcber hinaus gab es Wasserspiele auf dem Au\u00dfengel\u00e4nde, mehrere Ausfl\u00fcge, Bewegungsspiele in den nahe gelegenen Fuldaauen sowie Spielplatzbesuche.<br \/>\n\u00c2\u00a0<br \/>\nZum Abschluss des Projektes wurden Frau Kempel und Frau M\u00fcller von der Schwenninger Krankenkasse ins Kinderhaus St. Luise eingeladen. In einer gro\u00dfen Runde wurde \u00fcber die Aktionen und Aktivit\u00e4ten mit den Kindern und Mitarbeiterinnen reflektiert und das Ganze musikalisch abgerundet. Am Ende erhielt jedes Kind von den beiden Mitarbeiterinnen der Krankenkasse einen kleinen Schmuseb\u00e4r zur Erinnerung an das Projekt.<\/p>\n","protected":false},"excerpt":{"rendered":"<div class=\"tmnf_excerpt\"><p>Sch\u00f6nes aus Fulda. Im Kinderhaus St. Luise wurde in den letzten zwei Monaten das Projekt \u201eFit von klein auf\u201c durchgef\u00fchrt. Das Projekt fand in Kooperation mit der Schwenninger Krankenkasse statt. Die Schwerpunkte lagen in den Bereichen Bewegung, Ern\u00e4hrung und Entspannung. Fotos (3): Sabine Anderka \u00c2\u00a0\u00c2\u00a0\u00c2\u00a0<\/p>\n<\/div>","protected":false},"author":1,"featured_media":0,"comment_status":"closed","ping_status":"closed","sticky":false,"template":"","format":"standard","meta":{"footnotes":""},"categories":[1,37],"tags":[],"class_list":["post-4053","post","type-post","status-publish","format-standard","hentry","category-startseite","category-essen-und-trinken"],"_links":{"self":[{"href":"https:\/\/www.fuldaernachrichten.de\/index.php?rest_route=\/wp\/v2\/posts\/4053","targetHints":{"allow":["GET"]}}],"collection":[{"href":"https:\/\/www.fuldaernachrichten.de\/index.php?rest_route=\/wp\/v2\/posts"}],"about":[{"href":"https:\/\/www.fuldaernachrichten.de\/index.php?rest_route=\/wp\/v2\/types\/post"}],"author":[{"embeddable":true,"href":"https:\/\/www.fuldaernachrichten.de\/index.php?rest_route=\/wp\/v2\/users\/1"}],"replies":[{"embeddable":true,"href":"https:\/\/www.fuldaernachrichten.de\/index.php?rest_route=%2Fwp%2Fv2%2Fcomments&post=4053"}],"version-history":[{"count":0,"href":"https:\/\/www.fuldaernachrichten.de\/index.php?rest_route=\/wp\/v2\/posts\/4053\/revisions"}],"wp:attachment":[{"href":"https:\/\/www.fuldaernachrichten.de\/index.php?rest_route=%2Fwp%2Fv2%2Fmedia&parent=4053"}],"wp:term":[{"taxonomy":"category","embeddable":true,"href":"https:\/\/www.fuldaernachrichten.de\/index.php?rest_route=%2Fwp%2Fv2%2Fcategories&post=4053"},{"taxonomy":"post_tag","embeddable":true,"href":"https:\/\/www.fuldaernachrichten.de\/index.php?rest_route=%2Fwp%2Fv2%2Ftags&post=4053"}],"curies":[{"name":"wp","href":"https:\/\/api.w.org\/{rel}","templated":true}]}}