{"id":40462,"date":"2009-10-01T05:40:34","date_gmt":"2009-10-01T03:40:34","guid":{"rendered":"http:\/\/www.schoene-nachrichten.de\/?p=40462"},"modified":"2009-09-30T20:40:55","modified_gmt":"2009-09-30T18:40:55","slug":"geistliches-wochenende-auf-dem-frauenberg-2","status":"publish","type":"post","link":"https:\/\/www.fuldaernachrichten.de\/?p=40462","title":{"rendered":"Geistliches Wochenende auf dem Frauenberg"},"content":{"rendered":"<p><strong>Fulda.<\/strong> Ein geistliches Wochenende des Klosters Frauenberg befa\u00dft sich vom 30. Oktober bis 1. November mit dem Thema \u201eFranziskus und die franziskanische Bewegung im Bezug zum Islam\u201c. Es findet im G\u00e4stehaus auf dem Frauenberg statt. Vor den kulturellen Wandlungen im christlichen Abendland kann man gerade auch im Hinblick auf den Islam nicht die Augen verschlie\u00dfen \u2013 es ergibt sich die Frage, wie sich aus einer franziskanischen Spiritualit\u00e4t heraus friedliebend mit dem Islam im eigenen Land umgehen l\u00e4\u00dft. Die Leitung des Kurses hat P. Dr. Sigfrid Kl\u00f6ckner OFM. Beginn ist am Freitag, 30. Oktober, um 17.30 Uhr, Ende am Sonntag, 1. November, (Allerheiligen) nach dem Mittagessen. Information und Anmeldung im Kloster Frauenberg, P. Max Rademacher OFM, Am Frauenberg 1, 36039 Fulda, Tel. 0661\/1095-45, oder bei P. Dr. Sigfrid Kl\u00f6ckner, Am Frauenberg 3, Tel. 0661\/2506-170, E-Mail: sigfrid.kloeckner@franziskaner.de .<\/p>\n","protected":false},"excerpt":{"rendered":"<div class=\"tmnf_excerpt\"><p>Fulda. Ein geistliches Wochenende des Klosters Frauenberg befa\u00dft sich vom 30. Oktober bis 1. November mit dem Thema \u201eFranziskus und die franziskanische Bewegung im Bezug zum Islam\u201c. Es findet im G\u00e4stehaus auf dem Frauenberg statt. Vor den kulturellen Wandlungen im christlichen Abendland kann man gerade auch im Hinblick auf den Islam nicht die Augen verschlie\u00dfen &hellip;<\/p>\n<\/div>","protected":false},"author":1,"featured_media":0,"comment_status":"closed","ping_status":"closed","sticky":false,"template":"","format":"standard","meta":{"footnotes":""},"categories":[1,50],"tags":[],"class_list":["post-40462","post","type-post","status-publish","format-standard","hentry","category-startseite","category-kirche"],"_links":{"self":[{"href":"https:\/\/www.fuldaernachrichten.de\/index.php?rest_route=\/wp\/v2\/posts\/40462","targetHints":{"allow":["GET"]}}],"collection":[{"href":"https:\/\/www.fuldaernachrichten.de\/index.php?rest_route=\/wp\/v2\/posts"}],"about":[{"href":"https:\/\/www.fuldaernachrichten.de\/index.php?rest_route=\/wp\/v2\/types\/post"}],"author":[{"embeddable":true,"href":"https:\/\/www.fuldaernachrichten.de\/index.php?rest_route=\/wp\/v2\/users\/1"}],"replies":[{"embeddable":true,"href":"https:\/\/www.fuldaernachrichten.de\/index.php?rest_route=%2Fwp%2Fv2%2Fcomments&post=40462"}],"version-history":[{"count":2,"href":"https:\/\/www.fuldaernachrichten.de\/index.php?rest_route=\/wp\/v2\/posts\/40462\/revisions"}],"predecessor-version":[{"id":40615,"href":"https:\/\/www.fuldaernachrichten.de\/index.php?rest_route=\/wp\/v2\/posts\/40462\/revisions\/40615"}],"wp:attachment":[{"href":"https:\/\/www.fuldaernachrichten.de\/index.php?rest_route=%2Fwp%2Fv2%2Fmedia&parent=40462"}],"wp:term":[{"taxonomy":"category","embeddable":true,"href":"https:\/\/www.fuldaernachrichten.de\/index.php?rest_route=%2Fwp%2Fv2%2Fcategories&post=40462"},{"taxonomy":"post_tag","embeddable":true,"href":"https:\/\/www.fuldaernachrichten.de\/index.php?rest_route=%2Fwp%2Fv2%2Ftags&post=40462"}],"curies":[{"name":"wp","href":"https:\/\/api.w.org\/{rel}","templated":true}]}}