{"id":40409,"date":"2009-09-30T05:59:51","date_gmt":"2009-09-30T03:59:51","guid":{"rendered":"http:\/\/www.schoene-nachrichten.de\/?p=40409"},"modified":"2009-09-30T07:42:03","modified_gmt":"2009-09-30T05:42:03","slug":"beleuchtungstechniken-nach-der-gluehlampe-vde-vortrag-im-uewag-informationszentrum","status":"publish","type":"post","link":"https:\/\/www.fuldaernachrichten.de\/?p=40409","title":{"rendered":"Beleuchtungstechniken nach der Gl\u00fchlampe VDE-Vortrag im \u00dcWAG-Informationszentrum"},"content":{"rendered":"<p><strong>Fulda. <\/strong>Der VDE Rhein-Main e. V. l\u00e4dt am Mittwoch, 7. Oktober 2009, um 18:00 Uhr zu einem Vortrag mit dem Titel \u201eDas Ende der Gl\u00fchlampe \u2013 Die Zukunft f\u00fcr Innen- und Au\u00dfenbeleuchtungsanlagen\u201c ein. Dipl.-Ing. Holger Kilb vom VDE Pr\u00fcf- und Zertifizierungsinstitut in Offenbach berichtet \u00fcber zukunftsweisende Beleuchtungstechniken. Die Veranstaltung findet im \u00dcWAG-Informationszentrum, Frankfurter Stra\u00dfe 6, in Fulda statt.<!--more--><\/p>\n<p>Das aktuelle Gl\u00fchlampenverbot und die damit verbundenen Verordnungen haben bei vielen Verbrauchern zur Verunsicherung gef\u00fchrt. Der Referent liefert Hintergr\u00fcnde zum Gl\u00fchlampenverbot und berichtet \u00fcber Ausnahmen. Er stellt alternative Leuchtmittel zur Gl\u00fchlampe vor und nennt praxisnahe Ma\u00dfnahmen f\u00fcr die Stra\u00dfen- und B\u00fcrobeleuchtung. Der Eintritt ist frei. Kostenlose Parkm\u00f6glichkeiten stehen direkt am Parkplatz Dieselkraftwerk zur Verf\u00fcgung. Der VDE Rhein-Main e. V. l\u00e4dt alle Interessierten nach dem Vortrag zu einem Imbiss ein.<\/p>\n","protected":false},"excerpt":{"rendered":"<div class=\"tmnf_excerpt\"><p>Fulda. Der VDE Rhein-Main e. V. l\u00e4dt am Mittwoch, 7. Oktober 2009, um 18:00 Uhr zu einem Vortrag mit dem Titel \u201eDas Ende der Gl\u00fchlampe \u2013 Die Zukunft f\u00fcr Innen- und Au\u00dfenbeleuchtungsanlagen\u201c ein. Dipl.-Ing. Holger Kilb vom VDE Pr\u00fcf- und Zertifizierungsinstitut in Offenbach berichtet \u00fcber zukunftsweisende Beleuchtungstechniken. Die Veranstaltung findet im \u00dcWAG-Informationszentrum, Frankfurter Stra\u00dfe 6, &hellip;<\/p>\n<\/div>","protected":false},"author":1,"featured_media":0,"comment_status":"closed","ping_status":"closed","sticky":false,"template":"","format":"standard","meta":{"footnotes":""},"categories":[1],"tags":[],"class_list":["post-40409","post","type-post","status-publish","format-standard","hentry","category-startseite"],"_links":{"self":[{"href":"https:\/\/www.fuldaernachrichten.de\/index.php?rest_route=\/wp\/v2\/posts\/40409","targetHints":{"allow":["GET"]}}],"collection":[{"href":"https:\/\/www.fuldaernachrichten.de\/index.php?rest_route=\/wp\/v2\/posts"}],"about":[{"href":"https:\/\/www.fuldaernachrichten.de\/index.php?rest_route=\/wp\/v2\/types\/post"}],"author":[{"embeddable":true,"href":"https:\/\/www.fuldaernachrichten.de\/index.php?rest_route=\/wp\/v2\/users\/1"}],"replies":[{"embeddable":true,"href":"https:\/\/www.fuldaernachrichten.de\/index.php?rest_route=%2Fwp%2Fv2%2Fcomments&post=40409"}],"version-history":[{"count":2,"href":"https:\/\/www.fuldaernachrichten.de\/index.php?rest_route=\/wp\/v2\/posts\/40409\/revisions"}],"predecessor-version":[{"id":40500,"href":"https:\/\/www.fuldaernachrichten.de\/index.php?rest_route=\/wp\/v2\/posts\/40409\/revisions\/40500"}],"wp:attachment":[{"href":"https:\/\/www.fuldaernachrichten.de\/index.php?rest_route=%2Fwp%2Fv2%2Fmedia&parent=40409"}],"wp:term":[{"taxonomy":"category","embeddable":true,"href":"https:\/\/www.fuldaernachrichten.de\/index.php?rest_route=%2Fwp%2Fv2%2Fcategories&post=40409"},{"taxonomy":"post_tag","embeddable":true,"href":"https:\/\/www.fuldaernachrichten.de\/index.php?rest_route=%2Fwp%2Fv2%2Ftags&post=40409"}],"curies":[{"name":"wp","href":"https:\/\/api.w.org\/{rel}","templated":true}]}}