{"id":4040,"date":"2007-07-05T00:52:23","date_gmt":"2007-07-04T22:52:23","guid":{"rendered":"http:\/\/www.schoene-nachrichten.de\/?p=4040"},"modified":"2007-07-05T00:52:45","modified_gmt":"2007-07-04T22:52:45","slug":"laponia-ausstellung-im-groenhoff-haus","status":"publish","type":"post","link":"https:\/\/www.fuldaernachrichten.de\/?p=4040","title":{"rendered":"Laponia \u2013 Ausstellung im Groenhoff-Haus"},"content":{"rendered":"<p><strong><a rel=\"lightbox[roadtrip]\" target=\"_blank\" href=\"http:\/\/www.schoene-nachrichten.de\/wp-content\/uploads\/2007\/07\/070704_laponia2.jpg\" title=\"070704_laponia2.jpg\"><img decoding=\"async\" align=\"left\" src=\"http:\/\/www.schoene-nachrichten.de\/wp-content\/uploads\/2007\/07\/070704_laponia2.thumbnail.jpg\" hspace=\"5\" alt=\"070704_laponia2.jpg\" \/><\/a>Sch\u00f6nes aus der Rh\u00f6n.<\/strong> Von Juli bis Ende August zeigt das UNESCO-Biosph\u00e4renreservat Rh\u00f6n im Groenhoff-Haus auf der Wasserkuppe eine Fotoausstellung, die den Norden Schwedens vorstellt. Rund 30 gro\u00dfformatige Fotos zeigen eine urt\u00fcmliche Natur- und Kulturlandschaft. Die Fotos stammen von dem Naturfotograf Marco Kl\u00fcber, vielen in der Rh\u00f6n als Orchideenkenner bekannt. <!--more--><\/p>\n<p>Im Norden Schwedens liegt das UNESCO-Welterbe \u201eLaponia\u201c. Es umfasst unter anderem den Sarek-Nationalpark sowie die Nationalparke Padjelanta, Muddus und Stora Sj\u00f6fallet. Zum Gebiet geh\u00f6rt der Kebnekaise, der h\u00f6chste Berg Lapplands. Von der UNESCO wurde das 9.400 km\u00c2\u00b2 gro\u00dfe Gebiet mit seiner au\u00dferordentlich artenreichen arktischen Flora und Fauna, seiner samischen Kultur und Kulturlandschaft unter besonderen Schutz gestellt.<\/p>\n<p>Die Region um den See Torne wurde sogar als UNESCO-Biosph\u00e4renreservat geadelt. Der Naturfotograf hat 2003 diese au\u00dferordentliche Landschaft mit stahlblauen Seen, m\u00e4andernden Fl\u00fcssen, Gletschern, Felsger\u00f6ll und bizarren Gipfeln mit Zelt und Rucksack erwandert. Der Kebnekaise wurde von ihm bestiegen.<\/p>\n<p>Erg\u00e4nzt wird die Ausstellung um Tierpr\u00e4parate von Schnee- und Birkhuhn, Skandinavien Literatur, Rentierfell und samischen Schmuck. Eigenartig verwitterte H\u00f6lzer und die klassische Moltebeer-Marmelade runden die Ausstellung ab. Zahlreiche Utensilien in den Vitrinen wurden von Ellen Plo\u00df beigesteuert.<\/p>\n<p>Die Schneehuhn-Pr\u00e4parate stammen von Joachim Jenrich. Im Rahmen einer Vernissage dankte Martin Kremer, Landkreis Fulda, Sachgebiet Biosph\u00e4renreservat, Ellen Plo\u00df und Marco Kl\u00fcber f\u00fcr ihr Engagement und die Idee zu dieser Ausstellung.<\/p>\n","protected":false},"excerpt":{"rendered":"<div class=\"tmnf_excerpt\"><p>Sch\u00f6nes aus der Rh\u00f6n. Von Juli bis Ende August zeigt das UNESCO-Biosph\u00e4renreservat Rh\u00f6n im Groenhoff-Haus auf der Wasserkuppe eine Fotoausstellung, die den Norden Schwedens vorstellt. Rund 30 gro\u00dfformatige Fotos zeigen eine urt\u00fcmliche Natur- und Kulturlandschaft. Die Fotos stammen von dem Naturfotograf Marco Kl\u00fcber, vielen in der Rh\u00f6n als Orchideenkenner bekannt.<\/p>\n<\/div>","protected":false},"author":1,"featured_media":0,"comment_status":"closed","ping_status":"closed","sticky":false,"template":"","format":"standard","meta":{"footnotes":""},"categories":[1,44,52],"tags":[],"class_list":["post-4040","post","type-post","status-publish","format-standard","hentry","category-startseite","category-kultur","category-umwelt"],"_links":{"self":[{"href":"https:\/\/www.fuldaernachrichten.de\/index.php?rest_route=\/wp\/v2\/posts\/4040","targetHints":{"allow":["GET"]}}],"collection":[{"href":"https:\/\/www.fuldaernachrichten.de\/index.php?rest_route=\/wp\/v2\/posts"}],"about":[{"href":"https:\/\/www.fuldaernachrichten.de\/index.php?rest_route=\/wp\/v2\/types\/post"}],"author":[{"embeddable":true,"href":"https:\/\/www.fuldaernachrichten.de\/index.php?rest_route=\/wp\/v2\/users\/1"}],"replies":[{"embeddable":true,"href":"https:\/\/www.fuldaernachrichten.de\/index.php?rest_route=%2Fwp%2Fv2%2Fcomments&post=4040"}],"version-history":[{"count":0,"href":"https:\/\/www.fuldaernachrichten.de\/index.php?rest_route=\/wp\/v2\/posts\/4040\/revisions"}],"wp:attachment":[{"href":"https:\/\/www.fuldaernachrichten.de\/index.php?rest_route=%2Fwp%2Fv2%2Fmedia&parent=4040"}],"wp:term":[{"taxonomy":"category","embeddable":true,"href":"https:\/\/www.fuldaernachrichten.de\/index.php?rest_route=%2Fwp%2Fv2%2Fcategories&post=4040"},{"taxonomy":"post_tag","embeddable":true,"href":"https:\/\/www.fuldaernachrichten.de\/index.php?rest_route=%2Fwp%2Fv2%2Ftags&post=4040"}],"curies":[{"name":"wp","href":"https:\/\/api.w.org\/{rel}","templated":true}]}}