{"id":40316,"date":"2009-10-02T08:55:40","date_gmt":"2009-10-02T06:55:40","guid":{"rendered":"http:\/\/www.schoene-nachrichten.de\/?p=40316"},"modified":"2009-10-06T08:55:57","modified_gmt":"2009-10-06T06:55:57","slug":"26-september-tag-der-reservisten-in-hersfeld-reservisten-praesentierten-sich-der-oeffentlichkeit","status":"publish","type":"post","link":"https:\/\/www.fuldaernachrichten.de\/?p=40316","title":{"rendered":"26. September Tag der Reservisten in Hersfeld &#8211; Reservisten pr\u00e4sentierten sich der \u00d6ffentlichkeit"},"content":{"rendered":"<p><strong><a href=\"http:\/\/www.schoene-nachrichten.de\/wp-content\/uploads\/2009\/09\/090929_Reservisten.jpg\"><img fetchpriority=\"high\" decoding=\"async\" class=\"alignleft size-thumbnail wp-image-40347\" title=\"090929_Reservisten\" src=\"http:\/\/www.schoene-nachrichten.de\/wp-content\/uploads\/2009\/09\/090929_Reservisten-265x340.jpg\" alt=\"090929_Reservisten\" width=\"265\" height=\"340\" srcset=\"https:\/\/www.fuldaernachrichten.de\/wp-content\/uploads\/2009\/09\/090929_Reservisten-265x340.jpg 265w, https:\/\/www.fuldaernachrichten.de\/wp-content\/uploads\/2009\/09\/090929_Reservisten.jpg 399w\" sizes=\"(max-width: 265px) 100vw, 265px\" \/><\/a>Bad Hersfeld. <\/strong>Bei strahlendem Sonnenschein pr\u00e4sentierten sich in Bad Hersfeld 10 Reservistenkameradschaften der Kreisgruppe Osthessen mit ihrem Aufgabenspektrum der \u00d6ffentlichkeit. Kreisvorsitzender Oberstleutnant d.R. Carsten Trinks dankte dem Bad Hersfelder B\u00fcrgermeister Hartmut B\u00f6hmer bei einem Feldempfang ausdr\u00fccklich f\u00fcr die \u00dcbernahme der Schirmherrschaft. Zudem konnte er zahlreiche prominente G\u00e4ste begr\u00fc\u00dfen, darunter Gerd H\u00f6fer als Stellvertreter des Pr\u00e4sidenten im Verband der Reservisten der Deutschen Bundeswehr. F\u00fcr alle Besucher hatten die ausschlie\u00dflich ehrenamtlich t\u00e4tigen Soldaten der Reserve zahlreiche attraktive Highlights vorbereitet, unter anderem: Ausstellung aktueller und historischer Fahrzeuge der Bundeswehr,<br \/>\nRetten und Bergen (in Kooperation mit Team \u201eRealistische Unfalldarstellung RUD der Malteser)<br \/>\nFeldj\u00e4ger mit Waffenschau<br \/>\nAusstellung Leben im Felde<br \/>\nAusstellung Milit\u00e4rischer Vielseitigkeitswettkampf bei Nacht mit Schwerpunkt Sanit\u00e4tsdienst<br \/>\nEintopf aus der Feldk\u00fcche<\/p>\n<p><!--more-->Zur effizienten Erf\u00fcllung Ihrer Aufgaben im Zeitalter neuartiger Bedrohungen durch den internationalen Terrorismus suchen Reservisten immer h\u00e4ufiger die Vernetzung mit ehrenamtlichen und staatlichen Partnerorganisationen. Sie alle verbindet mit dem Reservistenverband der Einsatz f\u00fcr die Sicherheit der B\u00fcrger unseres Landes. Die beeindruckende Vielfalt der Aussteller in Bad Hersfeld spiegelte diesen Trend zum Schulterschluss wieder:<\/p>\n<p>Technisches Hilfswerk THW mit Multifunktionseinsatzfahrzeug<br \/>\nFeuerwehr mit Drehleiterfahrzeug<br \/>\nDLRG mit Rettungsboot und Rettungstaucherequipment<br \/>\nSecurity Police der US Air Force Bad Ramstein mit Einsatzfahrzeug<br \/>\nBundespolizei mit Einsatzhebeb\u00fchne<br \/>\nDeutsches Rotes Kreuz mit Rettungshundestaffel<\/p>\n<p>F\u00fcr den musikalischen Rahmen sorgten neben dem Shantychor der Marinekameradschaft Bad Hersfeld auch die Kapelle der \u201eFulda Highlanders\u201c mit ihrer Dudelsackmusik. Nur bei wenigen Gelegenheiten kann man sich in ungezwungener Atmosph\u00e4re \u00fcber Aspekte der Sicherheitspolitik kompetent und umfassend informieren und dabei mit Ansprechpartnern der verschiedenen Sicherheits- und Hilfsorganisationen ins Gespr\u00e4ch kommen. Umso intensiver wurde diese M\u00f6glichkeit von den ca. 12.500 Besuchern und Passanten auf dem Linggplatz in Bad Hersfeld genutzt.<br \/>\nAber auch zwischen den Akteuren selbst entspannten sich sp\u00e4testens beim vorz\u00fcglichen Eintopf aus der Feldk\u00fcche der RK Hersfeld interessante Fachgespr\u00e4che. Am Ende des Tages werteten alle Beteiligten das gemeinsame Auftreten auf dem Linggplatz als sch\u00f6nen Erfolg.<\/p>\n\n\t\t<style>\n\t\t\t#gallery-1 {\n\t\t\t\tmargin: auto;\n\t\t\t}\n\t\t\t#gallery-1 .gallery-item {\n\t\t\t\tfloat: left;\n\t\t\t\tmargin-top: 10px;\n\t\t\t\ttext-align: center;\n\t\t\t\twidth: 50%;\n\t\t\t}\n\t\t\t#gallery-1 img {\n\t\t\t\tborder: 2px solid #cfcfcf;\n\t\t\t}\n\t\t\t#gallery-1 .gallery-caption {\n\t\t\t\tmargin-left: 0;\n\t\t\t}\n\t\t\t\/* see gallery_shortcode() in wp-includes\/media.php *\/\n\t\t<\/style>\n\t\t<div id='gallery-1' class='gallery galleryid-40316 gallery-columns-2 gallery-size-thumbnail'><dl class='gallery-item'>\n\t\t\t<dt class='gallery-icon portrait'>\n\t\t\t\t<a href='https:\/\/www.fuldaernachrichten.de\/wp-content\/uploads\/2009\/09\/090929_Reservisten_163.jpg'><img decoding=\"async\" width=\"113\" height=\"150\" src=\"https:\/\/www.fuldaernachrichten.de\/wp-content\/uploads\/2009\/09\/090929_Reservisten_163-265x353.jpg\" class=\"attachment-thumbnail size-thumbnail\" alt=\"\" srcset=\"https:\/\/www.fuldaernachrichten.de\/wp-content\/uploads\/2009\/09\/090929_Reservisten_163-265x353.jpg 265w, https:\/\/www.fuldaernachrichten.de\/wp-content\/uploads\/2009\/09\/090929_Reservisten_163.jpg 399w\" sizes=\"(max-width: 113px) 100vw, 113px\" \/><\/a>\n\t\t\t<\/dt><\/dl><dl class='gallery-item'>\n\t\t\t<dt class='gallery-icon landscape'>\n\t\t\t\t<a href='https:\/\/www.fuldaernachrichten.de\/wp-content\/uploads\/2009\/09\/090929_Reservisten_164.jpg'><img decoding=\"async\" width=\"150\" height=\"112\" src=\"https:\/\/www.fuldaernachrichten.de\/wp-content\/uploads\/2009\/09\/090929_Reservisten_164-265x198.jpg\" class=\"attachment-thumbnail size-thumbnail\" alt=\"\" srcset=\"https:\/\/www.fuldaernachrichten.de\/wp-content\/uploads\/2009\/09\/090929_Reservisten_164-265x198.jpg 265w, https:\/\/www.fuldaernachrichten.de\/wp-content\/uploads\/2009\/09\/090929_Reservisten_164.jpg 592w\" sizes=\"(max-width: 150px) 100vw, 150px\" \/><\/a>\n\t\t\t<\/dt><\/dl><br style=\"clear: both\" \/><dl class='gallery-item'>\n\t\t\t<dt class='gallery-icon landscape'>\n\t\t\t\t<a href='https:\/\/www.fuldaernachrichten.de\/wp-content\/uploads\/2009\/09\/090929_Reservisten_166.jpg'><img loading=\"lazy\" decoding=\"async\" width=\"150\" height=\"112\" src=\"https:\/\/www.fuldaernachrichten.de\/wp-content\/uploads\/2009\/09\/090929_Reservisten_166-265x198.jpg\" class=\"attachment-thumbnail size-thumbnail\" alt=\"\" srcset=\"https:\/\/www.fuldaernachrichten.de\/wp-content\/uploads\/2009\/09\/090929_Reservisten_166-265x198.jpg 265w, https:\/\/www.fuldaernachrichten.de\/wp-content\/uploads\/2009\/09\/090929_Reservisten_166.jpg 592w\" sizes=\"(max-width: 150px) 100vw, 150px\" \/><\/a>\n\t\t\t<\/dt><\/dl><dl class='gallery-item'>\n\t\t\t<dt class='gallery-icon landscape'>\n\t\t\t\t<a href='https:\/\/www.fuldaernachrichten.de\/wp-content\/uploads\/2009\/09\/090929_Reservisten_167.jpg'><img loading=\"lazy\" decoding=\"async\" width=\"150\" height=\"112\" src=\"https:\/\/www.fuldaernachrichten.de\/wp-content\/uploads\/2009\/09\/090929_Reservisten_167-265x198.jpg\" class=\"attachment-thumbnail size-thumbnail\" alt=\"\" srcset=\"https:\/\/www.fuldaernachrichten.de\/wp-content\/uploads\/2009\/09\/090929_Reservisten_167-265x198.jpg 265w, https:\/\/www.fuldaernachrichten.de\/wp-content\/uploads\/2009\/09\/090929_Reservisten_167.jpg 592w\" sizes=\"(max-width: 150px) 100vw, 150px\" \/><\/a>\n\t\t\t<\/dt><\/dl><br style=\"clear: both\" \/><dl class='gallery-item'>\n\t\t\t<dt class='gallery-icon landscape'>\n\t\t\t\t<a href='https:\/\/www.fuldaernachrichten.de\/wp-content\/uploads\/2009\/09\/090929_Reservisten_169.jpg'><img loading=\"lazy\" decoding=\"async\" width=\"150\" height=\"112\" src=\"https:\/\/www.fuldaernachrichten.de\/wp-content\/uploads\/2009\/09\/090929_Reservisten_169-265x198.jpg\" class=\"attachment-thumbnail size-thumbnail\" alt=\"\" srcset=\"https:\/\/www.fuldaernachrichten.de\/wp-content\/uploads\/2009\/09\/090929_Reservisten_169-265x198.jpg 265w, https:\/\/www.fuldaernachrichten.de\/wp-content\/uploads\/2009\/09\/090929_Reservisten_169.jpg 592w\" sizes=\"(max-width: 150px) 100vw, 150px\" \/><\/a>\n\t\t\t<\/dt><\/dl><dl class='gallery-item'>\n\t\t\t<dt class='gallery-icon landscape'>\n\t\t\t\t<a href='https:\/\/www.fuldaernachrichten.de\/wp-content\/uploads\/2009\/09\/090929_Reservisten_170.jpg'><img loading=\"lazy\" decoding=\"async\" width=\"150\" height=\"112\" src=\"https:\/\/www.fuldaernachrichten.de\/wp-content\/uploads\/2009\/09\/090929_Reservisten_170-265x198.jpg\" class=\"attachment-thumbnail size-thumbnail\" alt=\"\" srcset=\"https:\/\/www.fuldaernachrichten.de\/wp-content\/uploads\/2009\/09\/090929_Reservisten_170-265x198.jpg 265w, https:\/\/www.fuldaernachrichten.de\/wp-content\/uploads\/2009\/09\/090929_Reservisten_170.jpg 592w\" sizes=\"(max-width: 150px) 100vw, 150px\" \/><\/a>\n\t\t\t<\/dt><\/dl><br style=\"clear: both\" \/><dl class='gallery-item'>\n\t\t\t<dt class='gallery-icon landscape'>\n\t\t\t\t<a href='https:\/\/www.fuldaernachrichten.de\/wp-content\/uploads\/2009\/09\/090929_Reservisten_171.jpg'><img loading=\"lazy\" decoding=\"async\" width=\"150\" height=\"95\" src=\"https:\/\/www.fuldaernachrichten.de\/wp-content\/uploads\/2009\/09\/090929_Reservisten_171-265x167.jpg\" class=\"attachment-thumbnail size-thumbnail\" alt=\"\" srcset=\"https:\/\/www.fuldaernachrichten.de\/wp-content\/uploads\/2009\/09\/090929_Reservisten_171-265x167.jpg 265w, https:\/\/www.fuldaernachrichten.de\/wp-content\/uploads\/2009\/09\/090929_Reservisten_171.jpg 592w\" sizes=\"(max-width: 150px) 100vw, 150px\" \/><\/a>\n\t\t\t<\/dt><\/dl><dl class='gallery-item'>\n\t\t\t<dt class='gallery-icon portrait'>\n\t\t\t\t<a href='https:\/\/www.fuldaernachrichten.de\/wp-content\/uploads\/2009\/09\/090929_Reservisten.jpg'><img loading=\"lazy\" decoding=\"async\" width=\"117\" height=\"150\" src=\"https:\/\/www.fuldaernachrichten.de\/wp-content\/uploads\/2009\/09\/090929_Reservisten-265x340.jpg\" class=\"attachment-thumbnail size-thumbnail\" alt=\"\" srcset=\"https:\/\/www.fuldaernachrichten.de\/wp-content\/uploads\/2009\/09\/090929_Reservisten-265x340.jpg 265w, https:\/\/www.fuldaernachrichten.de\/wp-content\/uploads\/2009\/09\/090929_Reservisten.jpg 399w\" sizes=\"(max-width: 117px) 100vw, 117px\" \/><\/a>\n\t\t\t<\/dt><\/dl><br style=\"clear: both\" \/>\n\t\t<\/div>\n\n","protected":false},"excerpt":{"rendered":"<div class=\"tmnf_excerpt\"><p>Bad Hersfeld. Bei strahlendem Sonnenschein pr\u00e4sentierten sich in Bad Hersfeld 10 Reservistenkameradschaften der Kreisgruppe Osthessen mit ihrem Aufgabenspektrum der \u00d6ffentlichkeit. Kreisvorsitzender Oberstleutnant d.R. Carsten Trinks dankte dem Bad Hersfelder B\u00fcrgermeister Hartmut B\u00f6hmer bei einem Feldempfang ausdr\u00fccklich f\u00fcr die \u00dcbernahme der Schirmherrschaft. Zudem konnte er zahlreiche prominente G\u00e4ste begr\u00fc\u00dfen, darunter Gerd H\u00f6fer als Stellvertreter des Pr\u00e4sidenten &hellip;<\/p>\n<\/div>","protected":false},"author":1,"featured_media":0,"comment_status":"closed","ping_status":"closed","sticky":false,"template":"","format":"standard","meta":{"footnotes":""},"categories":[1,54,44],"tags":[],"class_list":["post-40316","post","type-post","status-publish","format-standard","hentry","category-startseite","category-bildergalerien","category-kultur"],"_links":{"self":[{"href":"https:\/\/www.fuldaernachrichten.de\/index.php?rest_route=\/wp\/v2\/posts\/40316","targetHints":{"allow":["GET"]}}],"collection":[{"href":"https:\/\/www.fuldaernachrichten.de\/index.php?rest_route=\/wp\/v2\/posts"}],"about":[{"href":"https:\/\/www.fuldaernachrichten.de\/index.php?rest_route=\/wp\/v2\/types\/post"}],"author":[{"embeddable":true,"href":"https:\/\/www.fuldaernachrichten.de\/index.php?rest_route=\/wp\/v2\/users\/1"}],"replies":[{"embeddable":true,"href":"https:\/\/www.fuldaernachrichten.de\/index.php?rest_route=%2Fwp%2Fv2%2Fcomments&post=40316"}],"version-history":[{"count":19,"href":"https:\/\/www.fuldaernachrichten.de\/index.php?rest_route=\/wp\/v2\/posts\/40316\/revisions"}],"predecessor-version":[{"id":41033,"href":"https:\/\/www.fuldaernachrichten.de\/index.php?rest_route=\/wp\/v2\/posts\/40316\/revisions\/41033"}],"wp:attachment":[{"href":"https:\/\/www.fuldaernachrichten.de\/index.php?rest_route=%2Fwp%2Fv2%2Fmedia&parent=40316"}],"wp:term":[{"taxonomy":"category","embeddable":true,"href":"https:\/\/www.fuldaernachrichten.de\/index.php?rest_route=%2Fwp%2Fv2%2Fcategories&post=40316"},{"taxonomy":"post_tag","embeddable":true,"href":"https:\/\/www.fuldaernachrichten.de\/index.php?rest_route=%2Fwp%2Fv2%2Ftags&post=40316"}],"curies":[{"name":"wp","href":"https:\/\/api.w.org\/{rel}","templated":true}]}}