{"id":403,"date":"2006-12-18T17:12:49","date_gmt":"2006-12-18T16:12:49","guid":{"rendered":"http:\/\/www.schoene-nachrichten.de\/?p=403"},"modified":"2007-01-12T02:02:36","modified_gmt":"2007-01-12T01:02:36","slug":"eispalast-eroffnet-sport-und-spas-im-esperanto","status":"publish","type":"post","link":"https:\/\/www.fuldaernachrichten.de\/?p=403","title":{"rendered":"Eispalast er\u00f6ffnet &#8211; Sport und Spa\u00df im Esperanto"},"content":{"rendered":"<p><strong>Sch\u00f6nes aus Fulda.<\/strong> Warm anziehen sollten sich die Besucher der Waideshalle, denn dort er\u00f6ffnete B\u00fcrgermeister Dr. Wolfgang Dippel heute Vormittag die 800 Quadratmeter gro\u00dfe Kunsteisbahn. W\u00e4hrend der B\u00fcrgermeister in den Morgenstunden fast allein seine Runden drehen musste, zog es am\u00c2\u00a0Nachmittag schon deutlich mehr Schlittschuhl\u00e4ufer in den Eispalast des Esperanto Kongress- und Kulturzentrums. Darunter auch ein Geburtstagskind: Nils Ochs feierte heute mit vielen Freunden seinen 8. Geburtstag auf dem Eis.<\/p>\n<p>\u00c2\u00a0<\/p>\n<p>Alle Bilder (10): Max Colin Heydenreich<\/p>\n<p>\u00c2\u00a0<\/p>\n<p><a title=\"Foto: Max Colin Heydenreich\" href=\"http:\/\/www.schoene-nachrichten.de\/wp-content\/uploads\/2006\/12\/061218_eis_05.jpg\" target=\"_blank\"><img decoding=\"async\" id=\"image419\" height=\"85\" alt=\"061218_eis_05.jpg\" src=\"http:\/\/www.schoene-nachrichten.de\/wp-content\/uploads\/2006\/12\/061218_eis_05.thumbnail.jpg\" \/><\/a>\u00c2\u00a0<a title=\"Foto: Max Colin Heydenreich\" href=\"http:\/\/www.schoene-nachrichten.de\/wp-content\/uploads\/2006\/12\/061218_eis_07.jpg\" target=\"_blank\"><img decoding=\"async\" id=\"image421\" height=\"85\" alt=\"061218_eis_07.jpg\" src=\"http:\/\/www.schoene-nachrichten.de\/wp-content\/uploads\/2006\/12\/061218_eis_07.thumbnail.jpg\" \/><\/a>\u00c2\u00a0<a title=\"Foto: Max Colin Heydenreich\" href=\"http:\/\/www.schoene-nachrichten.de\/wp-content\/uploads\/2006\/12\/061218_eis_01.jpg\" target=\"_blank\"><img decoding=\"async\" id=\"image415\" height=\"85\" alt=\"061218_eis_01.jpg\" src=\"http:\/\/www.schoene-nachrichten.de\/wp-content\/uploads\/2006\/12\/061218_eis_01.thumbnail.jpg\" \/><\/a><\/p>\n<p>\u00c2\u00a0<\/p>\n<p><!--more--><\/p>\n<p>Ein winterliches Vergn\u00fcgen f\u00fcr Gro\u00df und Klein, das noch bis zum 18. Februar 2007 ausprobiert werden kann. Schlittschuhe muss man sich \u00fcbrigens nicht selbst zulegen, die k\u00f6nnen vor Ort ausgeliehen werden. Snacks und Getr\u00e4nke gibt es an der winterlich geschm\u00fcckten Theke. Und flotte Musik kommt aus der Tonanlage der Waideshalle.<\/p>\n<p>\u00c2\u00a0<\/p>\n<p><a title=\"Foto: Max Colin Heydenreich\" href=\"http:\/\/www.schoene-nachrichten.de\/wp-content\/uploads\/2006\/12\/061218_eis_03.jpg\" target=\"_blank\"><img decoding=\"async\" id=\"image417\" height=\"85\" alt=\"061218_eis_03.jpg\" src=\"http:\/\/www.schoene-nachrichten.de\/wp-content\/uploads\/2006\/12\/061218_eis_03.thumbnail.jpg\" \/><\/a>\u00c2\u00a0<a title=\"Foto: Max Colin Heydenreich\" href=\"http:\/\/www.schoene-nachrichten.de\/wp-content\/uploads\/2006\/12\/061218_eis_02.jpg\" target=\"_blank\"><img decoding=\"async\" id=\"image416\" height=\"85\" alt=\"061218_eis_02.jpg\" src=\"http:\/\/www.schoene-nachrichten.de\/wp-content\/uploads\/2006\/12\/061218_eis_02.thumbnail.jpg\" \/><\/a>\u00c2\u00a0<a title=\"Foto: Max Colin Heydenreich\" href=\"http:\/\/www.schoene-nachrichten.de\/wp-content\/uploads\/2006\/12\/061218_eis_10.jpg\" target=\"_blank\"><img decoding=\"async\" id=\"image424\" height=\"85\" alt=\"061218_eis_10.jpg\" src=\"http:\/\/www.schoene-nachrichten.de\/wp-content\/uploads\/2006\/12\/061218_eis_10.thumbnail.jpg\" \/><\/a>\u00c2\u00a0<\/p>\n<p><a title=\"Foto: Max Colin Heydenreich\" href=\"http:\/\/www.schoene-nachrichten.de\/wp-content\/uploads\/2006\/12\/061218_eis_09.jpg\" target=\"_blank\"><img decoding=\"async\" id=\"image423\" height=\"85\" alt=\"061218_eis_09.jpg\" src=\"http:\/\/www.schoene-nachrichten.de\/wp-content\/uploads\/2006\/12\/061218_eis_09.thumbnail.jpg\" \/><\/a>\u00c2\u00a0<a title=\"Foto: Max Colin Heydenreich\" href=\"http:\/\/www.schoene-nachrichten.de\/wp-content\/uploads\/2006\/12\/061218_eis_08.jpg\" target=\"_blank\"><img decoding=\"async\" id=\"image422\" height=\"85\" alt=\"061218_eis_08.jpg\" src=\"http:\/\/www.schoene-nachrichten.de\/wp-content\/uploads\/2006\/12\/061218_eis_08.thumbnail.jpg\" \/><\/a>\u00c2\u00a0<a title=\"Foto: Max Colin Heydenreich\" href=\"http:\/\/www.schoene-nachrichten.de\/wp-content\/uploads\/2006\/12\/061218_eis_04.jpg\" target=\"_blank\"><img decoding=\"async\" id=\"image418\" height=\"85\" alt=\"061218_eis_04.jpg\" src=\"http:\/\/www.schoene-nachrichten.de\/wp-content\/uploads\/2006\/12\/061218_eis_04.thumbnail.jpg\" \/><\/a><\/p>\n<p>\u00c2\u00a0<\/p>\n<p>Die T\u00fcren der Eisbahn in der Waideshalle sind t\u00e4glich von 10:00 Uhr bis 13:00 Uhr, von 14:00 Uhr bis 17:00 Uhr und von 19:00 bis 22:00 Uhr ge\u00f6ffnet. Der Eintritt kostet f\u00fcr Erwachsene 3,00 Euro. Jugendliche zahlen 2,00 Euro und Kinder bis 13 Jahre 1,50 Euro.<\/p>\n","protected":false},"excerpt":{"rendered":"<div class=\"tmnf_excerpt\"><p>Sch\u00f6nes aus Fulda. Warm anziehen sollten sich die Besucher der Waideshalle, denn dort er\u00f6ffnete B\u00fcrgermeister Dr. Wolfgang Dippel heute Vormittag die 800 Quadratmeter gro\u00dfe Kunsteisbahn. W\u00e4hrend der B\u00fcrgermeister in den Morgenstunden fast allein seine Runden drehen musste, zog es am\u00c2\u00a0Nachmittag schon deutlich mehr Schlittschuhl\u00e4ufer in den Eispalast des Esperanto Kongress- und Kulturzentrums. Darunter auch ein &hellip;<\/p>\n<\/div>","protected":false},"author":1,"featured_media":0,"comment_status":"closed","ping_status":"closed","sticky":false,"template":"","format":"standard","meta":{"footnotes":""},"categories":[1,54],"tags":[],"class_list":["post-403","post","type-post","status-publish","format-standard","hentry","category-startseite","category-bildergalerien"],"_links":{"self":[{"href":"https:\/\/www.fuldaernachrichten.de\/index.php?rest_route=\/wp\/v2\/posts\/403","targetHints":{"allow":["GET"]}}],"collection":[{"href":"https:\/\/www.fuldaernachrichten.de\/index.php?rest_route=\/wp\/v2\/posts"}],"about":[{"href":"https:\/\/www.fuldaernachrichten.de\/index.php?rest_route=\/wp\/v2\/types\/post"}],"author":[{"embeddable":true,"href":"https:\/\/www.fuldaernachrichten.de\/index.php?rest_route=\/wp\/v2\/users\/1"}],"replies":[{"embeddable":true,"href":"https:\/\/www.fuldaernachrichten.de\/index.php?rest_route=%2Fwp%2Fv2%2Fcomments&post=403"}],"version-history":[{"count":0,"href":"https:\/\/www.fuldaernachrichten.de\/index.php?rest_route=\/wp\/v2\/posts\/403\/revisions"}],"wp:attachment":[{"href":"https:\/\/www.fuldaernachrichten.de\/index.php?rest_route=%2Fwp%2Fv2%2Fmedia&parent=403"}],"wp:term":[{"taxonomy":"category","embeddable":true,"href":"https:\/\/www.fuldaernachrichten.de\/index.php?rest_route=%2Fwp%2Fv2%2Fcategories&post=403"},{"taxonomy":"post_tag","embeddable":true,"href":"https:\/\/www.fuldaernachrichten.de\/index.php?rest_route=%2Fwp%2Fv2%2Ftags&post=403"}],"curies":[{"name":"wp","href":"https:\/\/api.w.org\/{rel}","templated":true}]}}