{"id":40249,"date":"2009-10-06T05:59:08","date_gmt":"2009-10-06T03:59:08","guid":{"rendered":"http:\/\/www.schoene-nachrichten.de\/?p=40249"},"modified":"2009-10-06T10:49:44","modified_gmt":"2009-10-06T08:49:44","slug":"endspurt-noch-bis-zum-25-10-2009-ausstellung-salvador-dali-mein-dali-druckgraphiken-buchillustrationen-objekte-aus-dem-dali-museum-berlin","status":"publish","type":"post","link":"https:\/\/www.fuldaernachrichten.de\/?p=40249","title":{"rendered":"Endspurt: noch bis zum 25.10.2009 Ausstellung \u201eSALVADOR DAL\u00c3\u008d \u2013 MEIN DAL\u00c3\u008d\u201c Druckgraphiken, Buchillustrationen, Objekte aus dem Dali-Museum Berlin"},"content":{"rendered":"<p><strong><a href=\"http:\/\/www.schoene-nachrichten.de\/wp-content\/uploads\/2009\/09\/090929_Dali.jpg\"><img fetchpriority=\"high\" decoding=\"async\" class=\"alignleft size-thumbnail wp-image-40250\" title=\"090929_Dali\" src=\"http:\/\/www.schoene-nachrichten.de\/wp-content\/uploads\/2009\/09\/090929_Dali-265x493.jpg\" alt=\"090929_Dali\" width=\"265\" height=\"493\" srcset=\"https:\/\/www.fuldaernachrichten.de\/wp-content\/uploads\/2009\/09\/090929_Dali-265x493.jpg 265w, https:\/\/www.fuldaernachrichten.de\/wp-content\/uploads\/2009\/09\/090929_Dali.jpg 399w\" sizes=\"(max-width: 265px) 100vw, 265px\" \/><\/a>Meiningen. <\/strong>Nur noch bis zum 25.10. zeigt die Kunststation gemeinsam mit der Stadt Meiningen die gro\u00dfe Ausstellung \u201eSALVADOR DAL\u00c3\u008d \u2013 Druckgrafik aus dem Dali-Museum Berlin.\u201c Zu sehen sind in Kleinsassen, in der St\u00e4dtischen galerie ada Meiningen und auf Schloss Elisabethenburg Meiningen eine umfassende Auswahl an grafischen Arbeiten, Experimenten, Illustrationen und Objekten des Surrealisten. Wie kaum ein anderer K\u00fcnstler der letzten einhundert Jahre \u00f6ffnet Dali in und mit seiner Kunst Tore zu unbekannten Welten, die jeder Mensch in sich entdecken kann. Die Verteilung der 470 Exponate auf die drei Stationen erm\u00f6glicht dem Besucher, sich in Etappen einen Zugang zu einem der gr\u00f6\u00dften K\u00fcnstlergenies der Kunstgeschichte zu erschlie\u00dfen. Jede Station bietet eigene \u00dcberraschungen und Themenschwerpunkte, wobei die Schau an allen drei Standorten durch ihre Konzeption und durch eine aufw\u00e4ndige Gestaltung besticht. Denn neben den Bildern, sind zahlreiche Fotos und Filme zu sehen, so dass der Besucher Gelegenheit erh\u00e4lt, nicht nur Dal\u00c3\u00ads Kunst, sondern auch ihn als Person ein kennenzulernen, zwei Dinge, die f\u00fcr den Meister ohnehin untrennbar zusammengeh\u00f6rten.<!--more--><\/p>\n<p>Dar\u00fcber hinaus regt die Ausstellung durch die \u00fcberlebensgro\u00dfe Publikation von repr\u00e4sentativen Zuschauern und ihren Meinungen und durch einen gro\u00dfen Kreativbereich zu einer aktiven Auseinandersetzung mit der Kunst des Katalanen an, die auch heute noch durchaus provokant in jedem Fall anregend wirkt. Ansporn und Idee der Ausstellungsmacher war es, dass jeder Besucher \u201eseinen Dal\u00c3\u00ad\u201c entdeckt. Gehen auch Sie auf Entdeckungsreise! Nur noch bis zum 25.10.2009!<\/p>\n<p><a href=\"http:\/\/www.schoene-nachrichten.de\/wp-content\/uploads\/2009\/09\/090929_Dali2.jpg\"><img decoding=\"async\" class=\"alignleft size-thumbnail wp-image-40251\" title=\"090929_Dali2\" src=\"http:\/\/www.schoene-nachrichten.de\/wp-content\/uploads\/2009\/09\/090929_Dali2-265x352.jpg\" alt=\"090929_Dali2\" width=\"265\" height=\"352\" srcset=\"https:\/\/www.fuldaernachrichten.de\/wp-content\/uploads\/2009\/09\/090929_Dali2-265x352.jpg 265w, https:\/\/www.fuldaernachrichten.de\/wp-content\/uploads\/2009\/09\/090929_Dali2.jpg 399w\" sizes=\"(max-width: 265px) 100vw, 265px\" \/><\/a>Verlosung: Mit jeder Eintrittskarte in die Ausstellung erhalten Sie in Kleinsassen ein Los, das Sie berechtigt an der Verlosung von drei wundersch\u00f6nen Grafiken aus dem Zyklus \u201eDivina Commedia\u201c von DALI teilzunehmen! Nat\u00fcrlich k\u00f6nnen Sie Ihre Gewinnchancen erh\u00f6hen und au\u00dfer dem Los, das Sie zu Ihrem Eintritt erhalten, weitere Lose zum Preis von 2 \u00e2\u201a\u00ac pro Los erwerben. Die Auslosung der drei Gewinner findet am 25.10.2009, 16 Uhr in der Kunststation statt. Die Gewinnzahlen werden anschlie\u00dfend auf der Homepage der Kunststation (www.kleinsassen.de) ver\u00f6ffentlicht. Die Gewinner k\u00f6nnen sich dann gegen Vorlage ihres Losabschnitts ein Bild aus dem \u201eDante-Zyklus\u201c von Salvador Dal\u00c3\u00ad aussuchen, die wir zur Ansicht ebenfalls bis zum 25.10.2009 im Seminarraum pr\u00e4sentieren. Sonderveranstaltungen in der Kunststation: 04.10.2009, 17 Uhr, Vortrag und Gespr\u00e4ch: Prof. Wolfgang Everling, Hamburg \u2013 Salvador Dal\u00c3\u00ads hartn\u00e4ckige Erinnerung \u2013 Eintritt 3 \u00e2\u201a\u00ac. Neue Erkenntnisse zu einem Fachgebiet werden oft von Au\u00dfenseitern eingebracht. Prof. Dr. Wolfgang Everling aus Hamburg ist als Informatiker so ein Au\u00dfenseiter. Nach seinen interessanten Darstellungen im Juli referiert er nun in einem zweiten Vortrag zum Thema \u201eSalvador Dalis hartn\u00e4ckige Erinnerung\u201c.\u00c2\u00a0 Dabei geht es sowohl um Dal\u00c3\u00ads pers\u00f6nliche Erinnerung, als um so genannte Dal\u00c3\u00ad-Symbole, also Motive und Bildelemente wie z.B. Kr\u00fccken, Schmetterlinge, weiche Uhren etc., die auff\u00e4llig oft vor allem in seinem graphischen Werk verwendet werden und uns Aufschluss sowohl \u00fcber Dal\u00c3\u00ads Innenleben als auch \u00fcber das unsrige geben k\u00f6nnen.<\/p>\n<p>Weitere Sonderveranstaltungen: Die Kunststation Oepfershausen, \u00e2\u20ac\u00a8Blumenburg 132,\u00e2\u20ac\u00a898634 Oepfershausen, auf halbem Wege zwischen Kleinsassen und Meiningen gelegen, bietet am 24. und 25. Oktober unter der Leitung des Lithografen Walter Lipfert einen druckgrafischen Workshop zum Thema \u201eGenie der Phantasie\u201c an. Informieren Sie sich unter 036940-50224\u00e2\u20ac\u00a8 oder www.kunststation-oepfershausen.de<\/p>\n<p>F\u00fchrungen: Berauschend vielf\u00e4ltig ist das graphische Werk Salvador Dal\u00c3\u00ads, geheimnisvoll und verwirrend die Bildsprache und ihre Hintergr\u00fcnde. Die F\u00fchrungen geben wichtige Hilfen, das graphische Werk Dal\u00c3\u00ads besser zu verstehen und tiefer zu sehen.<br \/>\nSt\u00e4dtische galerie ada Meiningen: sonntags 11 Uhr \u2013 04.10.2009<br \/>\nMeininger Museen, Schloss Elisabethenburg: sonntags 11 Uhr \u2013 11.10. und 25.10.2009<br \/>\nKunststation Kleinsassen: immer sonntags 16 Uhr<\/p>\n<p>Aufpreis zum Eintritt pro F\u00fchrung und Person: 2 \u00e2\u201a\u00ac<br \/>\nSonderf\u00fchrungen nach Vereinbahrung<br \/>\nAdresse aller drei Ausstellungsorte:<br \/>\nKunststation Kleinsassen, An der Milseburg 2, 36145 Hofbieber-Kleinsassen, 06657-8002, www.kleinsassen.de<br \/>\nSt\u00e4dtische galerie ada Meiningen, Bernhardstra\u00dfe 3, 98617 Meiningen, 03693-44650, www.meiningen.de<br \/>\nMeininger Museen, Schloss Elisabethenburg, Schlossplatz 1, 98617 Meiningen<\/p>\n<p>Eintritt in die Ausstellung:<br \/>\nKinder bis 6 Jahre frei<br \/>\nErwachsene, einzel 10 \u00e2\u201a\u00ac<br \/>\nErm\u00e4\u00dfigt\u00c2\u00a0 (Sch\u00fcler. Studenten, Azubis, Wehrdienstleistende, Behinderte etc.) 7 \u00e2\u201a\u00ac<br \/>\nSchulklassen im Verband ab 10 TN (2 Begleitpersonen frei) Je 2 \u00e2\u201a\u00ac<br \/>\nFamilienkarte (2 Erwachsene, 2 Kinder bis 16 Jahre) 25 \u00e2\u201a\u00ac<br \/>\nKombiticket zum einmaligen Besuch aller 3 Ausstellungsorte 18 \u00e2\u201a\u00ac<br \/>\nAufpreis pro F\u00fchrung und Person 2 \u00e2\u201a\u00ac<br \/>\nWeitere Informationen unter\u00c2\u00a0 www.meiningen.de oder telefonisch unter 03693-44650, bzw. www.kleinsassen.de und 06657-8002.<\/p>\n","protected":false},"excerpt":{"rendered":"<div class=\"tmnf_excerpt\"><p>Meiningen. Nur noch bis zum 25.10. zeigt die Kunststation gemeinsam mit der Stadt Meiningen die gro\u00dfe Ausstellung \u201eSALVADOR DAL\u00c3\u008d \u2013 Druckgrafik aus dem Dali-Museum Berlin.\u201c Zu sehen sind in Kleinsassen, in der St\u00e4dtischen galerie ada Meiningen und auf Schloss Elisabethenburg Meiningen eine umfassende Auswahl an grafischen Arbeiten, Experimenten, Illustrationen und Objekten des Surrealisten. Wie kaum &hellip;<\/p>\n<\/div>","protected":false},"author":1,"featured_media":0,"comment_status":"closed","ping_status":"closed","sticky":false,"template":"","format":"standard","meta":{"footnotes":""},"categories":[1,44],"tags":[],"class_list":["post-40249","post","type-post","status-publish","format-standard","hentry","category-startseite","category-kultur"],"_links":{"self":[{"href":"https:\/\/www.fuldaernachrichten.de\/index.php?rest_route=\/wp\/v2\/posts\/40249","targetHints":{"allow":["GET"]}}],"collection":[{"href":"https:\/\/www.fuldaernachrichten.de\/index.php?rest_route=\/wp\/v2\/posts"}],"about":[{"href":"https:\/\/www.fuldaernachrichten.de\/index.php?rest_route=\/wp\/v2\/types\/post"}],"author":[{"embeddable":true,"href":"https:\/\/www.fuldaernachrichten.de\/index.php?rest_route=\/wp\/v2\/users\/1"}],"replies":[{"embeddable":true,"href":"https:\/\/www.fuldaernachrichten.de\/index.php?rest_route=%2Fwp%2Fv2%2Fcomments&post=40249"}],"version-history":[{"count":13,"href":"https:\/\/www.fuldaernachrichten.de\/index.php?rest_route=\/wp\/v2\/posts\/40249\/revisions"}],"predecessor-version":[{"id":41038,"href":"https:\/\/www.fuldaernachrichten.de\/index.php?rest_route=\/wp\/v2\/posts\/40249\/revisions\/41038"}],"wp:attachment":[{"href":"https:\/\/www.fuldaernachrichten.de\/index.php?rest_route=%2Fwp%2Fv2%2Fmedia&parent=40249"}],"wp:term":[{"taxonomy":"category","embeddable":true,"href":"https:\/\/www.fuldaernachrichten.de\/index.php?rest_route=%2Fwp%2Fv2%2Fcategories&post=40249"},{"taxonomy":"post_tag","embeddable":true,"href":"https:\/\/www.fuldaernachrichten.de\/index.php?rest_route=%2Fwp%2Fv2%2Ftags&post=40249"}],"curies":[{"name":"wp","href":"https:\/\/api.w.org\/{rel}","templated":true}]}}