{"id":40163,"date":"2009-09-29T05:50:06","date_gmt":"2009-09-29T03:50:06","guid":{"rendered":"http:\/\/www.schoene-nachrichten.de\/?p=40163"},"modified":"2009-09-29T06:31:32","modified_gmt":"2009-09-29T04:31:32","slug":"muennerstadt-richtet-rhoener-wandertag-aus","status":"publish","type":"post","link":"https:\/\/www.fuldaernachrichten.de\/?p=40163","title":{"rendered":"M\u00fcnnerstadt richtet \u201eRh\u00f6ner Wandertag\u201c aus"},"content":{"rendered":"<p><strong>Rh\u00f6n.<\/strong> Die unterfr\u00e4nkische Stadt M\u00fcnnerstadt im Landkreis Bad Kissingen wird den 1. Rh\u00f6ner Wandertag am 24. und 25. Juli 2010 ausrichten, den die Regionale Arbeitsgemeinschaft (ARGE) Rh\u00f6n vor einigen Wochen ausgeschrieben hatte. Der Koordinierungsausschuss der ARGE Rh\u00f6n entschied sich anhand der abgegebenen Bewerbungen gemeinsam mit Rh\u00f6nklubpr\u00e4sidentin Regina Rinke einstimmig f\u00fcr M\u00fcnnerstadt. 2011 soll der Rh\u00f6ner Wandertag in einer Kommune der Th\u00fcringer Rh\u00f6n und 2012 in einer Gemeinde der hessischen Rh\u00f6n stattfinden.<!--more--><\/p>\n<p>Mit dem erstmals f\u00fcr 2010 geplanten \u201eRh\u00f6ner Wandertag\u201c soll eine Veranstaltung f\u00fcr die Zukunft etabliert werden, die eine zus\u00e4tzliche Attraktion f\u00fcr G\u00e4ste und die einheimische Bev\u00f6lkerung darstellt. Der Rh\u00f6ner Wandertag wird dar\u00fcber hinaus einer j\u00e4hrlich wechselnden Gemeinde innerhalb der Gebietskulisse der ARGE Rh\u00f6n die M\u00f6glichkeit er\u00f6ffnen, sich regional und \u00fcberregional darzustellen. Neben den Angeboten zum Schwerpunktthema Wandern soll die Veranstaltung auch eine Pr\u00e4sentationsplattform f\u00fcr regionale Betriebe sein, beispielsweise in Zusammenarbeit mit der Dachmarke Rh\u00f6n bei der Durchf\u00fchrung eines Regionalmarktes. Auch Angebote im Bereich der Umweltbildung der Biosph\u00e4renreservate und Naturparke k\u00f6nnen integriert werden.<\/p>\n<p>\u201eDie Stadt M\u00fcnnerstadt hat bei ihrer Bewerbung ein sehr gro\u00dfes Engagement an den Tag gelegt. Sie hat bereits einen ersten Programmentwurf erarbeitet und Kontakte zu potentiell Beteiligten wie der Dachmarke Rh\u00f6n aufgenommen\u201c, sagt der Gesch\u00e4ftsf\u00fchrer der Regionalen Arbeitsgemeinschaft Rh\u00f6n, Michael Holla. \u201eM\u00fcnnerstadt liegt am Rand der ARGE-Gebietskulisse. Mit der Bewerbung f\u00fcr den Rh\u00f6ner Wandertag hat die Stadt signalisiert, dass sie sich zur Rh\u00f6n zugeh\u00f6rig f\u00fchlt. Dieses Bestreben wollen wir mit unserer Wahl ebenfalls w\u00fcrdigen\u201c, erg\u00e4nzt Holla.<\/p>\n<p>Innerhalb der Regionalen Arbeitsgemeinschaft sei nunmehr eine Projekt begleitende Arbeitsgruppe gebildet worden, die M\u00fcnnerstadt bei der Vorbereitung des Rh\u00f6ner Wandertags zur Verf\u00fcgung steht und die Vernetzung zur ARGE Rh\u00f6n sicherstellt. In ihr sind kompetente Ansprechpartner zum Thema Wandern, Tourismus, Marketing und Dachmarke Rh\u00f6n vertreten. Das Logo des Rh\u00f6ner Wandertags wird das Identit\u00e4tszeichen Rh\u00f6n mit dem Schriftzug \u201eDie Rh\u00f6n\u201c und dem Zusatz \u201eRh\u00f6ner Wandertag\u201c sein. \u201eDie Touristiker der Region werden den Rh\u00f6ner Wandertag ab sofort in ihrer Werbung kommunizieren, um bundesweit Interesse an einer Teilnahme zu wecken\u201c, sagt Holla. Au\u00dferdem stellt die ARGE Rh\u00f6n der Stadt M\u00fcnnerstadt einen Werbeauftritt im Internet unter der Adresse www.rhoener-wandertag.de zur Verf\u00fcgung.<\/p>\n<p>Der Rh\u00f6ner Wandertag am 24. und 25. Juli 2010 in M\u00fcnnerstadt und das gleichzeitig stattfindende Racoczy-Fest in Bad Kissingen sollen sich gegenseitig erg\u00e4nzen und zu Synergieeffekten bei der G\u00e4stewerbung f\u00fchren. Anfang 2010 wird seitens der ARGE Rh\u00f6n bereits die Ausschreibung f\u00fcr den Rh\u00f6ner Wandertag 2011 in Th\u00fcringen vorgenommen, so dass die ausgew\u00e4hlte Kommune Gelegenheit hat, sich beim 1. Rh\u00f6ner Wandertag in M\u00fcnnerstadt zu pr\u00e4sentieren.<\/p>\n","protected":false},"excerpt":{"rendered":"<div class=\"tmnf_excerpt\"><p>Rh\u00f6n. Die unterfr\u00e4nkische Stadt M\u00fcnnerstadt im Landkreis Bad Kissingen wird den 1. Rh\u00f6ner Wandertag am 24. und 25. Juli 2010 ausrichten, den die Regionale Arbeitsgemeinschaft (ARGE) Rh\u00f6n vor einigen Wochen ausgeschrieben hatte. Der Koordinierungsausschuss der ARGE Rh\u00f6n entschied sich anhand der abgegebenen Bewerbungen gemeinsam mit Rh\u00f6nklubpr\u00e4sidentin Regina Rinke einstimmig f\u00fcr M\u00fcnnerstadt. 2011 soll der Rh\u00f6ner &hellip;<\/p>\n<\/div>","protected":false},"author":1,"featured_media":0,"comment_status":"closed","ping_status":"closed","sticky":false,"template":"","format":"standard","meta":{"footnotes":""},"categories":[1,44],"tags":[],"class_list":["post-40163","post","type-post","status-publish","format-standard","hentry","category-startseite","category-kultur"],"_links":{"self":[{"href":"https:\/\/www.fuldaernachrichten.de\/index.php?rest_route=\/wp\/v2\/posts\/40163","targetHints":{"allow":["GET"]}}],"collection":[{"href":"https:\/\/www.fuldaernachrichten.de\/index.php?rest_route=\/wp\/v2\/posts"}],"about":[{"href":"https:\/\/www.fuldaernachrichten.de\/index.php?rest_route=\/wp\/v2\/types\/post"}],"author":[{"embeddable":true,"href":"https:\/\/www.fuldaernachrichten.de\/index.php?rest_route=\/wp\/v2\/users\/1"}],"replies":[{"embeddable":true,"href":"https:\/\/www.fuldaernachrichten.de\/index.php?rest_route=%2Fwp%2Fv2%2Fcomments&post=40163"}],"version-history":[{"count":3,"href":"https:\/\/www.fuldaernachrichten.de\/index.php?rest_route=\/wp\/v2\/posts\/40163\/revisions"}],"predecessor-version":[{"id":40232,"href":"https:\/\/www.fuldaernachrichten.de\/index.php?rest_route=\/wp\/v2\/posts\/40163\/revisions\/40232"}],"wp:attachment":[{"href":"https:\/\/www.fuldaernachrichten.de\/index.php?rest_route=%2Fwp%2Fv2%2Fmedia&parent=40163"}],"wp:term":[{"taxonomy":"category","embeddable":true,"href":"https:\/\/www.fuldaernachrichten.de\/index.php?rest_route=%2Fwp%2Fv2%2Fcategories&post=40163"},{"taxonomy":"post_tag","embeddable":true,"href":"https:\/\/www.fuldaernachrichten.de\/index.php?rest_route=%2Fwp%2Fv2%2Ftags&post=40163"}],"curies":[{"name":"wp","href":"https:\/\/api.w.org\/{rel}","templated":true}]}}