{"id":4016,"date":"2007-07-04T00:40:38","date_gmt":"2007-07-03T22:40:38","guid":{"rendered":"http:\/\/www.schoene-nachrichten.de\/?p=4016"},"modified":"2007-07-04T00:41:09","modified_gmt":"2007-07-03T22:41:09","slug":"klinikum-fulda-eroeffnet-neues-diagnostikzentrum","status":"publish","type":"post","link":"https:\/\/www.fuldaernachrichten.de\/?p=4016","title":{"rendered":"Klinikum Fulda er\u00f6ffnet neues Diagnostikzentrum"},"content":{"rendered":"<p><strong>Sch\u00f6nes aus Fulda.<\/strong> Die bereits im letzten Jahr angek\u00fcndigte gro\u00dfe Modernisierungsoffensive am Klinikum Fulda ist in vollem Gange. \u00dcber einen Zeitraum von sieben Jahren sollen insgesamt 100 Millionen Euro in den Standort Pacelliallee investiert werden. Nach der Aufstockung des Eingangsbereichs im vergangenen Jahr wurde\u00c2\u00a0gestern mit Er\u00f6ffnung eines hochmodernen neuen Diagnostikzentrums ein weiteres Zwischenziel erreicht. In einer Feierstunde unterstrichen Oberb\u00fcrgermeister Gerhard M\u00f6ller und die Verantwortungstr\u00e4ger des Klinikums die Bedeutung dieser Einrichtung f\u00fcr die Versorgungsqualit\u00e4t des Hauses.<\/p>\n<p><strong>Fotos (63):<\/strong> Max Colin Heydenreich<\/p>\n<p><a rel=\"lightbox[roadtrip]\" target=\"_blank\" href=\"http:\/\/www.schoene-nachrichten.de\/wp-content\/uploads\/2007\/07\/070704_Klinikum_37.jpg\" title=\"Foto: Max Colin Heydenreich\"><img decoding=\"async\" width=\"128\" src=\"http:\/\/www.schoene-nachrichten.de\/wp-content\/uploads\/2007\/07\/070704_Klinikum_37.thumbnail.jpg\" alt=\"12345_Thema_37.jpg\" \/><\/a>\u00c2\u00a0<a rel=\"lightbox[roadtrip]\" target=\"_blank\" href=\"http:\/\/www.schoene-nachrichten.de\/wp-content\/uploads\/2007\/07\/070704_Klinikum_56.jpg\" title=\"Foto: Max Colin Heydenreich\"><img decoding=\"async\" width=\"128\" src=\"http:\/\/www.schoene-nachrichten.de\/wp-content\/uploads\/2007\/07\/070704_Klinikum_56.thumbnail.jpg\" alt=\"12345_Thema_56.jpg\" \/><\/a>\u00c2\u00a0<a rel=\"lightbox[roadtrip]\" target=\"_blank\" href=\"http:\/\/www.schoene-nachrichten.de\/wp-content\/uploads\/2007\/07\/070704_Klinikum_32.jpg\" title=\"Foto: Max Colin Heydenreich\"><img decoding=\"async\" width=\"128\" src=\"http:\/\/www.schoene-nachrichten.de\/wp-content\/uploads\/2007\/07\/070704_Klinikum_32.thumbnail.jpg\" alt=\"12345_Thema_32.jpg\" \/><\/a><\/p>\n<p><a rel=\"lightbox[roadtrip]\" target=\"_blank\" href=\"http:\/\/www.schoene-nachrichten.de\/wp-content\/uploads\/2007\/07\/070704_Klinikum_20.jpg\" title=\"Foto: Max Colin Heydenreich\"><img decoding=\"async\" width=\"128\" src=\"http:\/\/www.schoene-nachrichten.de\/wp-content\/uploads\/2007\/07\/070704_Klinikum_20.thumbnail.jpg\" alt=\"12345_Thema_20.jpg\" \/><\/a>\u00c2\u00a0<a rel=\"lightbox[roadtrip]\" target=\"_blank\" href=\"http:\/\/www.schoene-nachrichten.de\/wp-content\/uploads\/2007\/07\/070704_Klinikum_14.jpg\" title=\"Foto: Max Colin Heydenreich\"><img decoding=\"async\" width=\"128\" src=\"http:\/\/www.schoene-nachrichten.de\/wp-content\/uploads\/2007\/07\/070704_Klinikum_14.thumbnail.jpg\" alt=\"12345_Thema_14.jpg\" \/><\/a> <a rel=\"lightbox[roadtrip]\" target=\"_blank\" href=\"http:\/\/www.schoene-nachrichten.de\/wp-content\/uploads\/2007\/07\/070704_Klinikum_09.jpg\" title=\"Foto: Max Colin Heydenreich\"><img decoding=\"async\" width=\"128\" src=\"http:\/\/www.schoene-nachrichten.de\/wp-content\/uploads\/2007\/07\/070704_Klinikum_09.thumbnail.jpg\" alt=\"12345_Thema_09.jpg\" \/><\/a><\/p>\n<p><!--more-->Alle Festredner w\u00fcrdigten das Diagnostikzentrum als \u201eTeilst\u00fcck in einem gro\u00dfen Modernisierungs-Masterplan\u201c. Die Bedeutung liege darin, dass wichtige internistische Untersuchungen fortan in funktionalen, mit Spitzentechnik ausgestatteten R\u00e4umen an einem zentralen Ort vorgenommen werden k\u00f6nnen. Je pr\u00e4ziser die Diagnose, desto passgenauer l\u00e4sst sich therapieren.<\/p>\n<p><a rel=\"lightbox[roadtrip]\" target=\"_blank\" href=\"http:\/\/www.schoene-nachrichten.de\/wp-content\/uploads\/2007\/07\/070704_Klinikum_61.jpg\" title=\"Foto: Max Colin Heydenreich\"><img decoding=\"async\" width=\"128\" src=\"http:\/\/www.schoene-nachrichten.de\/wp-content\/uploads\/2007\/07\/070704_Klinikum_61.thumbnail.jpg\" alt=\"12345_Thema_61.jpg\" \/><\/a>\u00c2\u00a0<a rel=\"lightbox[roadtrip]\" target=\"_blank\" href=\"http:\/\/www.schoene-nachrichten.de\/wp-content\/uploads\/2007\/07\/070704_Klinikum_63.jpg\" title=\"Foto: Max Colin Heydenreich\"><img decoding=\"async\" width=\"128\" src=\"http:\/\/www.schoene-nachrichten.de\/wp-content\/uploads\/2007\/07\/070704_Klinikum_63.thumbnail.jpg\" alt=\"12345_Thema_63.jpg\" \/><\/a> <a rel=\"lightbox[roadtrip]\" target=\"_blank\" href=\"http:\/\/www.schoene-nachrichten.de\/wp-content\/uploads\/2007\/07\/070704_Klinikum_62.jpg\" title=\"Foto: Max Colin Heydenreich\"><img decoding=\"async\" width=\"128\" src=\"http:\/\/www.schoene-nachrichten.de\/wp-content\/uploads\/2007\/07\/070704_Klinikum_62.thumbnail.jpg\" alt=\"12345_Thema_62.jpg\" \/><\/a><\/p>\n<p><a rel=\"lightbox[roadtrip]\" target=\"_blank\" href=\"http:\/\/www.schoene-nachrichten.de\/wp-content\/uploads\/2007\/07\/070704_Klinikum_25.jpg\" title=\"Foto: Max Colin Heydenreich\"><img decoding=\"async\" width=\"128\" src=\"http:\/\/www.schoene-nachrichten.de\/wp-content\/uploads\/2007\/07\/070704_Klinikum_25.thumbnail.jpg\" alt=\"12345_Thema_25.jpg\" \/><\/a> <a rel=\"lightbox[roadtrip]\" target=\"_blank\" href=\"http:\/\/www.schoene-nachrichten.de\/wp-content\/uploads\/2007\/07\/070704_Klinikum_26.jpg\" title=\"Foto: Max Colin Heydenreich\"><img decoding=\"async\" width=\"128\" src=\"http:\/\/www.schoene-nachrichten.de\/wp-content\/uploads\/2007\/07\/070704_Klinikum_26.thumbnail.jpg\" alt=\"12345_Thema_26.jpg\" \/><\/a> <a rel=\"lightbox[roadtrip]\" target=\"_blank\" href=\"http:\/\/www.schoene-nachrichten.de\/wp-content\/uploads\/2007\/07\/070704_Klinikum_27.jpg\" title=\"Foto: Max Colin Heydenreich\"><img decoding=\"async\" width=\"128\" src=\"http:\/\/www.schoene-nachrichten.de\/wp-content\/uploads\/2007\/07\/070704_Klinikum_27.thumbnail.jpg\" alt=\"12345_Thema_27.jpg\" \/><\/a><\/p>\n<p>Der Vorstand der Klinikum Fulda gAG, Dipl.-Volksw. Claus-Dieter Schad, erl\u00e4uterte in seiner Rede die Hintergr\u00fcnde und sprach von einem \u201eDreiklang\u201c, der die Erneuerung der Notfallaufnahme und der Unfallambulanz, die Aufstockung des klinischen Arztdienstes und letztlich die Neuordnung des Diagnostikzentrums beinhalte. Es handelt sich hierbei um ein Investitionsvolumen von rund 11 Mio. Euro, von dem 7 Mio. Euro bereits vom Land Hessen bewilligt wurden.<\/p>\n<p>\u201eUnser Ziel war die Zusammenf\u00fchrung der funktionsdiagnostischen Bereiche der Inneren Kliniken in einem gemeinsamen Bereich im Erdgeschoss. So ist ein Zentrum zur Untersuchung des Herzens, der Lunge und des Gef\u00e4\u00dfsystems entstanden &#8211; und das auf dem h\u00f6chstm\u00f6glichen medizintechnischen Niveau, ausgestattet mit allen Ger\u00e4ten, die die heutige Diagnose-Technik bietet\u201c, so Schad.<\/p>\n<p><a rel=\"lightbox[roadtrip]\" target=\"_blank\" href=\"http:\/\/www.schoene-nachrichten.de\/wp-content\/uploads\/2007\/07\/070704_Klinikum_01.jpg\" title=\"Foto: Max Colin Heydenreich\"><img decoding=\"async\" width=\"128\" src=\"http:\/\/www.schoene-nachrichten.de\/wp-content\/uploads\/2007\/07\/070704_Klinikum_01.thumbnail.jpg\" alt=\"12345_Thema_01.jpg\" \/><\/a> <a rel=\"lightbox[roadtrip]\" target=\"_blank\" href=\"http:\/\/www.schoene-nachrichten.de\/wp-content\/uploads\/2007\/07\/070704_Klinikum_02.jpg\" title=\"Foto: Max Colin Heydenreich\"><img decoding=\"async\" width=\"128\" src=\"http:\/\/www.schoene-nachrichten.de\/wp-content\/uploads\/2007\/07\/070704_Klinikum_02.thumbnail.jpg\" alt=\"12345_Thema_02.jpg\" \/><\/a> <a rel=\"lightbox[roadtrip]\" target=\"_blank\" href=\"http:\/\/www.schoene-nachrichten.de\/wp-content\/uploads\/2007\/07\/070704_Klinikum_03.jpg\" title=\"Foto: Max Colin Heydenreich\"><img decoding=\"async\" width=\"128\" src=\"http:\/\/www.schoene-nachrichten.de\/wp-content\/uploads\/2007\/07\/070704_Klinikum_03.thumbnail.jpg\" alt=\"12345_Thema_03.jpg\" \/><\/a><\/p>\n<p><a rel=\"lightbox[roadtrip]\" target=\"_blank\" href=\"http:\/\/www.schoene-nachrichten.de\/wp-content\/uploads\/2007\/07\/070704_Klinikum_28.jpg\" title=\"Foto: Max Colin Heydenreich\"><img decoding=\"async\" width=\"128\" src=\"http:\/\/www.schoene-nachrichten.de\/wp-content\/uploads\/2007\/07\/070704_Klinikum_28.thumbnail.jpg\" alt=\"12345_Thema_28.jpg\" \/><\/a> <a rel=\"lightbox[roadtrip]\" target=\"_blank\" href=\"http:\/\/www.schoene-nachrichten.de\/wp-content\/uploads\/2007\/07\/070704_Klinikum_29.jpg\" title=\"Foto: Max Colin Heydenreich\"><img decoding=\"async\" width=\"128\" src=\"http:\/\/www.schoene-nachrichten.de\/wp-content\/uploads\/2007\/07\/070704_Klinikum_29.thumbnail.jpg\" alt=\"12345_Thema_29.jpg\" \/><\/a> <a rel=\"lightbox[roadtrip]\" target=\"_blank\" href=\"http:\/\/www.schoene-nachrichten.de\/wp-content\/uploads\/2007\/07\/070704_Klinikum_30.jpg\" title=\"Foto: Max Colin Heydenreich\"><img decoding=\"async\" width=\"128\" src=\"http:\/\/www.schoene-nachrichten.de\/wp-content\/uploads\/2007\/07\/070704_Klinikum_30.thumbnail.jpg\" alt=\"12345_Thema_30.jpg\" \/><\/a><\/p>\n<p>F\u00fcr so viel HighTech wurde Platz ben\u00f6tigt, der in der Vergangenheit in den drei internistischen Kliniken knapp bemessen war.\u00c2\u00a0 \u201eIm \u00f6stlichen Breitfu\u00df des Bettenhauses mussten daher erhebliche freie Fl\u00e4chen entstehen. Dies wurde u.a. erreicht durch den Umzug des Chefarztbereichs der Medizinischen Klinik III in den neuen Bauteil \u00fcber dem Eingangsbereich. Diese neu entstandenen Leerst\u00e4nde schufen die Voraussetzung f\u00fcr die Einrichtung des Diagnostikzentrums, reichten aber noch nicht aus. Deshalb wurde zus\u00e4tzlich zum umfassenden Umbau vorhandener Fl\u00e4chen eine komplette Neubauma\u00dfnahme notwendig\u201c, erl\u00e4uterte der Medizinische Direktor, Priv.-Doz. Dr. med. Achim Hellinger.<\/p>\n<p>Die Umsetzung erfolgte durch das Architekturb\u00fcro Staubach und Partner. &#8220;Knapp neun Monate haben wir geplant, gebaut und umgesetzt&#8221;, berichtet Dipl. Ing. Alexander Wuttke. Die Problematik:\u00c2\u00a0regul\u00e4rer Krankenhausbetrieb und Bauma\u00dfnahmen mussten parallel laufen.<\/p>\n<p><a rel=\"lightbox[roadtrip]\" target=\"_blank\" href=\"http:\/\/www.schoene-nachrichten.de\/wp-content\/uploads\/2007\/07\/070704_Klinikum_04.jpg\" title=\"Foto: Max Colin Heydenreich\"><img decoding=\"async\" width=\"128\" src=\"http:\/\/www.schoene-nachrichten.de\/wp-content\/uploads\/2007\/07\/070704_Klinikum_04.thumbnail.jpg\" alt=\"12345_Thema_04.jpg\" \/><\/a> <a rel=\"lightbox[roadtrip]\" target=\"_blank\" href=\"http:\/\/www.schoene-nachrichten.de\/wp-content\/uploads\/2007\/07\/070704_Klinikum_05.jpg\" title=\"Foto: Max Colin Heydenreich\"><img decoding=\"async\" width=\"128\" src=\"http:\/\/www.schoene-nachrichten.de\/wp-content\/uploads\/2007\/07\/070704_Klinikum_05.thumbnail.jpg\" alt=\"12345_Thema_05.jpg\" \/><\/a> <a rel=\"lightbox[roadtrip]\" target=\"_blank\" href=\"http:\/\/www.schoene-nachrichten.de\/wp-content\/uploads\/2007\/07\/070704_Klinikum_06.jpg\" title=\"Foto: Max Colin Heydenreich\"><img decoding=\"async\" width=\"128\" src=\"http:\/\/www.schoene-nachrichten.de\/wp-content\/uploads\/2007\/07\/070704_Klinikum_06.thumbnail.jpg\" alt=\"12345_Thema_06.jpg\" \/><\/a><\/p>\n<p><a rel=\"lightbox[roadtrip]\" target=\"_blank\" href=\"http:\/\/www.schoene-nachrichten.de\/wp-content\/uploads\/2007\/07\/070704_Klinikum_31.jpg\" title=\"Foto: Max Colin Heydenreich\"><img decoding=\"async\" width=\"128\" src=\"http:\/\/www.schoene-nachrichten.de\/wp-content\/uploads\/2007\/07\/070704_Klinikum_31.thumbnail.jpg\" alt=\"12345_Thema_31.jpg\" \/><\/a>\u00c2\u00a0<a rel=\"lightbox[roadtrip]\" target=\"_blank\" href=\"http:\/\/www.schoene-nachrichten.de\/wp-content\/uploads\/2007\/07\/070704_Klinikum_33.jpg\" title=\"Foto: Max Colin Heydenreich\"><img decoding=\"async\" width=\"128\" src=\"http:\/\/www.schoene-nachrichten.de\/wp-content\/uploads\/2007\/07\/070704_Klinikum_33.thumbnail.jpg\" alt=\"12345_Thema_33.jpg\" \/><\/a> <a rel=\"lightbox[roadtrip]\" target=\"_blank\" href=\"http:\/\/www.schoene-nachrichten.de\/wp-content\/uploads\/2007\/07\/070704_Klinikum_34.jpg\" title=\"Foto: Max Colin Heydenreich\"><img decoding=\"async\" width=\"128\" src=\"http:\/\/www.schoene-nachrichten.de\/wp-content\/uploads\/2007\/07\/070704_Klinikum_34.thumbnail.jpg\" alt=\"12345_Thema_34.jpg\" \/><\/a><\/p>\n<p><strong>Minimierung des Operationsrisikos<\/strong><\/p>\n<p>Das Diagnostikzentrum dient nicht allein den internistischen Kliniken, sondern ist als Schnittstelle f\u00fcr s\u00e4mtliche Kliniken und Institute des Hauses konzipiert. Insbesondere die operativen Kliniken fordern zur optimalen Vorbereitung ihrer Patienten h\u00e4ufig Untersuchungen an, die nun im Diagnostikzentrum durchgef\u00fchrt werden, hob Priv.-Doz. Dr. med. Hilmar D\u00f6rge, Direktor der Klinik f\u00fcr Herz- und Thoraxchirurgie hervor. Ziel sei die Minimierung des Operationsrisikos. Denn je genauer Befunde vorliegen und je schneller sie verf\u00fcgbar sind, desto besser \u2013 zumal die Menschen immer \u00e4lter werden und h\u00e4ufig mit mehr oder weniger schweren Begleiterkrankungen eingeliefert werden.<\/p>\n<p><a rel=\"lightbox[roadtrip]\" target=\"_blank\" href=\"http:\/\/www.schoene-nachrichten.de\/wp-content\/uploads\/2007\/07\/070704_Klinikum_07.jpg\" title=\"Foto: Max Colin Heydenreich\"><img decoding=\"async\" width=\"128\" src=\"http:\/\/www.schoene-nachrichten.de\/wp-content\/uploads\/2007\/07\/070704_Klinikum_07.thumbnail.jpg\" alt=\"12345_Thema_07.jpg\" \/><\/a>\u00c2\u00a0<a rel=\"lightbox[roadtrip]\" target=\"_blank\" href=\"http:\/\/www.schoene-nachrichten.de\/wp-content\/uploads\/2007\/07\/070704_Klinikum_21.jpg\" title=\"Foto: Max Colin Heydenreich\"><img decoding=\"async\" width=\"128\" src=\"http:\/\/www.schoene-nachrichten.de\/wp-content\/uploads\/2007\/07\/070704_Klinikum_21.thumbnail.jpg\" alt=\"12345_Thema_21.jpg\" \/><\/a> <a rel=\"lightbox[roadtrip]\" target=\"_blank\" href=\"http:\/\/www.schoene-nachrichten.de\/wp-content\/uploads\/2007\/07\/070704_Klinikum_08.jpg\" title=\"Foto: Max Colin Heydenreich\"><img decoding=\"async\" width=\"128\" src=\"http:\/\/www.schoene-nachrichten.de\/wp-content\/uploads\/2007\/07\/070704_Klinikum_08.thumbnail.jpg\" alt=\"12345_Thema_08.jpg\" \/><\/a><\/p>\n<p><a rel=\"lightbox[roadtrip]\" target=\"_blank\" href=\"http:\/\/www.schoene-nachrichten.de\/wp-content\/uploads\/2007\/07\/070704_Klinikum_58.jpg\" title=\"Foto: Max Colin Heydenreich\"><img decoding=\"async\" width=\"128\" src=\"http:\/\/www.schoene-nachrichten.de\/wp-content\/uploads\/2007\/07\/070704_Klinikum_58.thumbnail.jpg\" alt=\"12345_Thema_58.jpg\" \/><\/a> <a rel=\"lightbox[roadtrip]\" target=\"_blank\" href=\"http:\/\/www.schoene-nachrichten.de\/wp-content\/uploads\/2007\/07\/070704_Klinikum_59.jpg\" title=\"Foto: Max Colin Heydenreich\"><img decoding=\"async\" width=\"128\" src=\"http:\/\/www.schoene-nachrichten.de\/wp-content\/uploads\/2007\/07\/070704_Klinikum_59.thumbnail.jpg\" alt=\"12345_Thema_59.jpg\" \/><\/a> <a rel=\"lightbox[roadtrip]\" target=\"_blank\" href=\"http:\/\/www.schoene-nachrichten.de\/wp-content\/uploads\/2007\/07\/070704_Klinikum_60.jpg\" title=\"Foto: Max Colin Heydenreich\"><img decoding=\"async\" width=\"128\" src=\"http:\/\/www.schoene-nachrichten.de\/wp-content\/uploads\/2007\/07\/070704_Klinikum_60.thumbnail.jpg\" alt=\"12345_Thema_60.jpg\" \/><\/a><\/p>\n<p><strong>Perfekte Vernetzung im Hause<\/strong><\/p>\n<p>Ein entscheidender Vorteil liegt aus der Sicht des Direktors der Medizinischen Klinik I, Prof. Dr. med. Tassilo Bonzel, in der Schnelligkeit der Befunderstellung und vor allem auch in der Vernetzung mit anderen Abteilungen des Hauses. EKGs k\u00f6nnen demn\u00e4chst auf jedem Computer in der Klinik angesehen werden \u2013 und dies bereits unmittelbar, nachdem sie im Labor geschrieben worden sind. Selbstverst\u00e4ndlich werden die Daten auch gespeichert und k\u00f6nnen in der Interdisziplin\u00e4ren Notfallaufnahme verglichen werden, falls ein Patient erneut aufgenommen werden muss. So l\u00e4sst sich innerhalb weniger Sekunden \u00fcberpr\u00fcfen, ob sich Ver\u00e4nderungen ergeben haben.<\/p>\n<p><a rel=\"lightbox[roadtrip]\" target=\"_blank\" href=\"http:\/\/www.schoene-nachrichten.de\/wp-content\/uploads\/2007\/07\/070704_Klinikum_35.jpg\" title=\"Foto: Max Colin Heydenreich\"><img decoding=\"async\" width=\"128\" src=\"http:\/\/www.schoene-nachrichten.de\/wp-content\/uploads\/2007\/07\/070704_Klinikum_35.thumbnail.jpg\" alt=\"12345_Thema_35.jpg\" \/><\/a> <a rel=\"lightbox[roadtrip]\" target=\"_blank\" href=\"http:\/\/www.schoene-nachrichten.de\/wp-content\/uploads\/2007\/07\/070704_Klinikum_36.jpg\" title=\"Foto: Max Colin Heydenreich\"><img decoding=\"async\" width=\"128\" src=\"http:\/\/www.schoene-nachrichten.de\/wp-content\/uploads\/2007\/07\/070704_Klinikum_36.thumbnail.jpg\" alt=\"12345_Thema_36.jpg\" \/><\/a> <a rel=\"lightbox[roadtrip]\" target=\"_blank\" href=\"http:\/\/www.schoene-nachrichten.de\/wp-content\/uploads\/2007\/07\/070704_Klinikum_38.jpg\" title=\"Foto: Max Colin Heydenreich\"><img decoding=\"async\" width=\"128\" src=\"http:\/\/www.schoene-nachrichten.de\/wp-content\/uploads\/2007\/07\/070704_Klinikum_38.thumbnail.jpg\" alt=\"12345_Thema_38.jpg\" \/><\/a><\/p>\n<p><a rel=\"lightbox[roadtrip]\" target=\"_blank\" href=\"http:\/\/www.schoene-nachrichten.de\/wp-content\/uploads\/2007\/07\/070704_Klinikum_10.jpg\" title=\"Foto: Max Colin Heydenreich\"><img decoding=\"async\" width=\"128\" src=\"http:\/\/www.schoene-nachrichten.de\/wp-content\/uploads\/2007\/07\/070704_Klinikum_10.thumbnail.jpg\" alt=\"12345_Thema_10.jpg\" \/><\/a> <a rel=\"lightbox[roadtrip]\" target=\"_blank\" href=\"http:\/\/www.schoene-nachrichten.de\/wp-content\/uploads\/2007\/07\/070704_Klinikum_11.jpg\" title=\"Foto: Max Colin Heydenreich\"><img decoding=\"async\" width=\"128\" src=\"http:\/\/www.schoene-nachrichten.de\/wp-content\/uploads\/2007\/07\/070704_Klinikum_11.thumbnail.jpg\" alt=\"12345_Thema_11.jpg\" \/><\/a> <a rel=\"lightbox[roadtrip]\" target=\"_blank\" href=\"http:\/\/www.schoene-nachrichten.de\/wp-content\/uploads\/2007\/07\/070704_Klinikum_12.jpg\" title=\"Foto: Max Colin Heydenreich\"><img decoding=\"async\" width=\"128\" src=\"http:\/\/www.schoene-nachrichten.de\/wp-content\/uploads\/2007\/07\/070704_Klinikum_12.thumbnail.jpg\" alt=\"12345_Thema_12.jpg\" \/><\/a><\/p>\n<p>Michael Conze, Oberarzt der Medizinischen Klinik I, unterstrich die\u00c2\u00a0Bedeutung der neuen Einrichtung und nannte einige der modernen Untersuchungsm\u00f6glichkeiten:<\/p>\n<p>-\u00c2\u00a0Ruhe-EKG<br \/>\n-\u00c2\u00a0Belastungs-EKG mit Fahrradergometer und Laufband<br \/>\n-\u00c2\u00a0Herzschrittmacher-\u00dcberpr\u00fcfungen<br \/>\n-\u00c2\u00a0Herzschrittmacher-Progammierungen zur Optimierung der Leistung des Herzschrittmachersystems<br \/>\n-\u00c2\u00a0umf\u00e4ngliche Lungenfunktionstests<br \/>\n-\u00c2\u00a0und, ganz neu, auch die sogenannte Spiroergometrie. Darunter versteht man einen Test, der das Herz- und Lungensystem unter\u00c2\u00a0 Belastungsbedingungen untersucht.<\/p>\n<p><a rel=\"lightbox[roadtrip]\" target=\"_blank\" href=\"http:\/\/www.schoene-nachrichten.de\/wp-content\/uploads\/2007\/07\/070704_Klinikum_40.jpg\" title=\"Foto: Max Colin Heydenreich\"><img decoding=\"async\" width=\"128\" src=\"http:\/\/www.schoene-nachrichten.de\/wp-content\/uploads\/2007\/07\/070704_Klinikum_40.thumbnail.jpg\" alt=\"12345_Thema_40.jpg\" \/><\/a> <a rel=\"lightbox[roadtrip]\" target=\"_blank\" href=\"http:\/\/www.schoene-nachrichten.de\/wp-content\/uploads\/2007\/07\/070704_Klinikum_41.jpg\" title=\"Foto: Max Colin Heydenreich\"><img decoding=\"async\" width=\"128\" src=\"http:\/\/www.schoene-nachrichten.de\/wp-content\/uploads\/2007\/07\/070704_Klinikum_41.thumbnail.jpg\" alt=\"12345_Thema_41.jpg\" \/><\/a> <a rel=\"lightbox[roadtrip]\" target=\"_blank\" href=\"http:\/\/www.schoene-nachrichten.de\/wp-content\/uploads\/2007\/07\/070704_Klinikum_42.jpg\" title=\"Foto: Max Colin Heydenreich\"><img decoding=\"async\" width=\"128\" src=\"http:\/\/www.schoene-nachrichten.de\/wp-content\/uploads\/2007\/07\/070704_Klinikum_42.thumbnail.jpg\" alt=\"12345_Thema_42.jpg\" \/><\/a><\/p>\n<p><a rel=\"lightbox[roadtrip]\" target=\"_blank\" href=\"http:\/\/www.schoene-nachrichten.de\/wp-content\/uploads\/2007\/07\/070704_Klinikum_13.jpg\" title=\"Foto: Max Colin Heydenreich\"><img decoding=\"async\" width=\"128\" src=\"http:\/\/www.schoene-nachrichten.de\/wp-content\/uploads\/2007\/07\/070704_Klinikum_13.thumbnail.jpg\" alt=\"12345_Thema_13.jpg\" \/><\/a>\u00c2\u00a0<a rel=\"lightbox[roadtrip]\" target=\"_blank\" href=\"http:\/\/www.schoene-nachrichten.de\/wp-content\/uploads\/2007\/07\/070704_Klinikum_15.jpg\" title=\"Foto: Max Colin Heydenreich\"><img decoding=\"async\" width=\"128\" src=\"http:\/\/www.schoene-nachrichten.de\/wp-content\/uploads\/2007\/07\/070704_Klinikum_15.thumbnail.jpg\" alt=\"12345_Thema_15.jpg\" \/><\/a> <a rel=\"lightbox[roadtrip]\" target=\"_blank\" href=\"http:\/\/www.schoene-nachrichten.de\/wp-content\/uploads\/2007\/07\/070704_Klinikum_19.jpg\" title=\"Foto: Max Colin Heydenreich\"><img decoding=\"async\" width=\"128\" src=\"http:\/\/www.schoene-nachrichten.de\/wp-content\/uploads\/2007\/07\/070704_Klinikum_19.thumbnail.jpg\" alt=\"12345_Thema_19.jpg\" \/><\/a>\u00c2\u00a0<\/p>\n<p>Gro\u00dfe Bedeutung haben im Diagnostikzentrum auch die Echokardiographie sowie die Angiosonographie. Dabei handelt es sich um Ultraschallverfahren, die ohne sch\u00e4dliche Nebenwirkungen Herz und Gef\u00e4\u00dfe abbilden. Man kann jedoch nicht nur die Herzaktionen und den Gef\u00e4\u00dfverlauf sichtbar machen, sondern nun auch die Herzklappen und deren Funktion sowie die Blutstr\u00f6mungen im Herzen und in den Gef\u00e4\u00dfen darstellen. Zahlreiche Messungen und Berechnungen helfen, Schweregrade einer Herz- oder Gef\u00e4\u00dferkrankung exakt zu bestimmen.<\/p>\n<p><a rel=\"lightbox[roadtrip]\" target=\"_blank\" href=\"http:\/\/www.schoene-nachrichten.de\/wp-content\/uploads\/2007\/07\/070704_Klinikum_45.jpg\" title=\"Foto: Max Colin Heydenreich\"><img decoding=\"async\" width=\"128\" src=\"http:\/\/www.schoene-nachrichten.de\/wp-content\/uploads\/2007\/07\/070704_Klinikum_45.thumbnail.jpg\" alt=\"12345_Thema_45.jpg\" \/><\/a>\u00c2\u00a0<a rel=\"lightbox[roadtrip]\" target=\"_blank\" href=\"http:\/\/www.schoene-nachrichten.de\/wp-content\/uploads\/2007\/07\/070704_Klinikum_43.jpg\" title=\"Foto: Max Colin Heydenreich\"><img decoding=\"async\" width=\"128\" src=\"http:\/\/www.schoene-nachrichten.de\/wp-content\/uploads\/2007\/07\/070704_Klinikum_43.thumbnail.jpg\" alt=\"12345_Thema_43.jpg\" \/><\/a> <a rel=\"lightbox[roadtrip]\" target=\"_blank\" href=\"http:\/\/www.schoene-nachrichten.de\/wp-content\/uploads\/2007\/07\/070704_Klinikum_44.jpg\" title=\"Foto: Max Colin Heydenreich\"><img decoding=\"async\" width=\"128\" src=\"http:\/\/www.schoene-nachrichten.de\/wp-content\/uploads\/2007\/07\/070704_Klinikum_44.thumbnail.jpg\" alt=\"12345_Thema_44.jpg\" \/><\/a><\/p>\n<p><a rel=\"lightbox[roadtrip]\" target=\"_blank\" href=\"http:\/\/www.schoene-nachrichten.de\/wp-content\/uploads\/2007\/07\/070704_Klinikum_16.jpg\" title=\"Foto: Max Colin Heydenreich\"><img decoding=\"async\" width=\"128\" src=\"http:\/\/www.schoene-nachrichten.de\/wp-content\/uploads\/2007\/07\/070704_Klinikum_16.thumbnail.jpg\" alt=\"12345_Thema_16.jpg\" \/><\/a> <a rel=\"lightbox[roadtrip]\" target=\"_blank\" href=\"http:\/\/www.schoene-nachrichten.de\/wp-content\/uploads\/2007\/07\/070704_Klinikum_17.jpg\" title=\"Foto: Max Colin Heydenreich\"><img decoding=\"async\" width=\"128\" src=\"http:\/\/www.schoene-nachrichten.de\/wp-content\/uploads\/2007\/07\/070704_Klinikum_17.thumbnail.jpg\" alt=\"12345_Thema_17.jpg\" \/><\/a> <a rel=\"lightbox[roadtrip]\" target=\"_blank\" href=\"http:\/\/www.schoene-nachrichten.de\/wp-content\/uploads\/2007\/07\/070704_Klinikum_18.jpg\" title=\"Foto: Max Colin Heydenreich\"><img decoding=\"async\" width=\"128\" src=\"http:\/\/www.schoene-nachrichten.de\/wp-content\/uploads\/2007\/07\/070704_Klinikum_18.thumbnail.jpg\" alt=\"12345_Thema_18.jpg\" \/><\/a><\/p>\n<p><strong>Vorteile des neuen Diagnostikzentrums<\/strong><\/p>\n<p>Der Vorteil liegen\u00c2\u00a0laut Klinikleitung\u00c2\u00a0auf der Hand: Die \u00c4rzte k\u00f6nnen nun sehr rasch entscheiden, ob ein Patient ambulant weiterbehandelt werden kann oder ob sofort eine weitere Therapie erfolgen muss, zum Beispiel eine notfallm\u00e4\u00dfige Herzkatheter-Untersuchung zur Verhinderung eines drohenden Herzinfarkts. Fr\u00fcher musste ein solcher Patient im Zweifel zun\u00e4chst zur Beobachtung aufgenommen werden, weil das alte EKG nur in Papierform in einer Akte verf\u00fcgbar war.<\/p>\n<p><a rel=\"lightbox[roadtrip]\" target=\"_blank\" href=\"http:\/\/www.schoene-nachrichten.de\/wp-content\/uploads\/2007\/07\/070704_Klinikum_49.jpg\" title=\"Foto: Max Colin Heydenreich\"><img decoding=\"async\" width=\"128\" src=\"http:\/\/www.schoene-nachrichten.de\/wp-content\/uploads\/2007\/07\/070704_Klinikum_49.thumbnail.jpg\" alt=\"12345_Thema_49.jpg\" \/><\/a> <a rel=\"lightbox[roadtrip]\" target=\"_blank\" href=\"http:\/\/www.schoene-nachrichten.de\/wp-content\/uploads\/2007\/07\/070704_Klinikum_50.jpg\" title=\"Foto: Max Colin Heydenreich\"><img decoding=\"async\" width=\"128\" src=\"http:\/\/www.schoene-nachrichten.de\/wp-content\/uploads\/2007\/07\/070704_Klinikum_50.thumbnail.jpg\" alt=\"12345_Thema_50.jpg\" \/><\/a> <a rel=\"lightbox[roadtrip]\" target=\"_blank\" href=\"http:\/\/www.schoene-nachrichten.de\/wp-content\/uploads\/2007\/07\/070704_Klinikum_51.jpg\" title=\"Foto: Max Colin Heydenreich\"><img decoding=\"async\" width=\"128\" src=\"http:\/\/www.schoene-nachrichten.de\/wp-content\/uploads\/2007\/07\/070704_Klinikum_51.thumbnail.jpg\" alt=\"12345_Thema_51.jpg\" \/><\/a><\/p>\n<p><a rel=\"lightbox[roadtrip]\" target=\"_blank\" href=\"http:\/\/www.schoene-nachrichten.de\/wp-content\/uploads\/2007\/07\/070704_Klinikum_22.jpg\" title=\"Foto: Max Colin Heydenreich\"><img decoding=\"async\" width=\"128\" src=\"http:\/\/www.schoene-nachrichten.de\/wp-content\/uploads\/2007\/07\/070704_Klinikum_22.thumbnail.jpg\" alt=\"12345_Thema_22.jpg\" \/><\/a> <a rel=\"lightbox[roadtrip]\" target=\"_blank\" href=\"http:\/\/www.schoene-nachrichten.de\/wp-content\/uploads\/2007\/07\/070704_Klinikum_23.jpg\" title=\"Foto: Max Colin Heydenreich\"><img decoding=\"async\" width=\"128\" src=\"http:\/\/www.schoene-nachrichten.de\/wp-content\/uploads\/2007\/07\/070704_Klinikum_23.thumbnail.jpg\" alt=\"12345_Thema_23.jpg\" \/><\/a> <a rel=\"lightbox[roadtrip]\" target=\"_blank\" href=\"http:\/\/www.schoene-nachrichten.de\/wp-content\/uploads\/2007\/07\/070704_Klinikum_24.jpg\" title=\"Foto: Max Colin Heydenreich\"><img decoding=\"async\" width=\"128\" src=\"http:\/\/www.schoene-nachrichten.de\/wp-content\/uploads\/2007\/07\/070704_Klinikum_24.thumbnail.jpg\" alt=\"12345_Thema_24.jpg\" \/><\/a><\/p>\n<p>Auch Patienten mit einer h\u00e4ufigen Herzrhythmusst\u00f6rung, (\u201eVorhofflimmern\u201c) profitieren: Sie ben\u00f6tigen vor einer Elektroschockbehandlung, die in Narkose durchgef\u00fchrt wird und den Herzrhythmus wieder normalisiert, eine spezielle Herzultraschall-Untersuchung, bei der eine Ultraschallsonde durch die Speiser\u00f6hre eingef\u00fchrt wird. Diese beiden wichtigen Ma\u00dfnahmen k\u00f6nnen nun unter Narkose in einem Arbeitsgang erfolgen. Anschlie\u00dfend k\u00f6nnen die Patienten im Diagnostikzentrum am Monitor \u00fcberwacht und dann auf die Station verlegt werden. Bislang war in solchen F\u00e4llen die Verlegung auf die Wachstation erforderlich. Das ist nun nicht mehr n\u00f6tig. Damit wird die Wachstation personell und bettentechnisch entlastet und kann als Folge mehr Patienten aus der Notfallaufnahme oder aus dem Haus aufnehmen.<\/p>\n<p><a rel=\"lightbox[roadtrip]\" target=\"_blank\" href=\"http:\/\/www.schoene-nachrichten.de\/wp-content\/uploads\/2007\/07\/070704_Klinikum_46.jpg\" title=\"Foto: Max Colin Heydenreich\"><img decoding=\"async\" width=\"128\" src=\"http:\/\/www.schoene-nachrichten.de\/wp-content\/uploads\/2007\/07\/070704_Klinikum_46.thumbnail.jpg\" alt=\"12345_Thema_46.jpg\" \/><\/a> <a rel=\"lightbox[roadtrip]\" target=\"_blank\" href=\"http:\/\/www.schoene-nachrichten.de\/wp-content\/uploads\/2007\/07\/070704_Klinikum_47.jpg\" title=\"Foto: Max Colin Heydenreich\"><img decoding=\"async\" width=\"128\" src=\"http:\/\/www.schoene-nachrichten.de\/wp-content\/uploads\/2007\/07\/070704_Klinikum_47.thumbnail.jpg\" alt=\"12345_Thema_47.jpg\" \/><\/a> <a rel=\"lightbox[roadtrip]\" target=\"_blank\" href=\"http:\/\/www.schoene-nachrichten.de\/wp-content\/uploads\/2007\/07\/070704_Klinikum_48.jpg\" title=\"Foto: Max Colin Heydenreich\"><img decoding=\"async\" width=\"128\" src=\"http:\/\/www.schoene-nachrichten.de\/wp-content\/uploads\/2007\/07\/070704_Klinikum_48.thumbnail.jpg\" alt=\"12345_Thema_48.jpg\" \/><\/a><\/p>\n<p><a rel=\"lightbox[roadtrip]\" target=\"_blank\" href=\"http:\/\/www.schoene-nachrichten.de\/wp-content\/uploads\/2007\/07\/070704_Klinikum_52.jpg\" title=\"Foto: Max Colin Heydenreich\"><img decoding=\"async\" width=\"128\" src=\"http:\/\/www.schoene-nachrichten.de\/wp-content\/uploads\/2007\/07\/070704_Klinikum_52.thumbnail.jpg\" alt=\"12345_Thema_52.jpg\" \/><\/a> <a rel=\"lightbox[roadtrip]\" target=\"_blank\" href=\"http:\/\/www.schoene-nachrichten.de\/wp-content\/uploads\/2007\/07\/070704_Klinikum_53.jpg\" title=\"Foto: Max Colin Heydenreich\"><img decoding=\"async\" width=\"128\" src=\"http:\/\/www.schoene-nachrichten.de\/wp-content\/uploads\/2007\/07\/070704_Klinikum_53.thumbnail.jpg\" alt=\"12345_Thema_53.jpg\" \/><\/a> <a rel=\"lightbox[roadtrip]\" target=\"_blank\" href=\"http:\/\/www.schoene-nachrichten.de\/wp-content\/uploads\/2007\/07\/070704_Klinikum_54.jpg\" title=\"Foto: Max Colin Heydenreich\"><img decoding=\"async\" width=\"128\" src=\"http:\/\/www.schoene-nachrichten.de\/wp-content\/uploads\/2007\/07\/070704_Klinikum_54.thumbnail.jpg\" alt=\"12345_Thema_54.jpg\" \/><\/a><\/p>\n<p>\u00c4hnlich gro\u00df ist der Fortschritt im EKG-Labor: Fr\u00fcher mussten die \u00c4rzte das Belastungs-EKG, die Schrittmacheruntersuchungen und die Auswertung der Langzeit-EKGs in einem Raum durchf\u00fchren. Jetzt ist das alles r\u00e4umlich getrennt. War in dem Raum bislang nur eine Untersuchung m\u00f6glich, so sind es heute drei, die parallel stattfinden k\u00f6nnen.<\/p>\n<p><a rel=\"lightbox[roadtrip]\" target=\"_blank\" href=\"http:\/\/www.schoene-nachrichten.de\/wp-content\/uploads\/2007\/07\/070704_Klinikum_55.jpg\" title=\"Foto: Max Colin Heydenreich\"><img decoding=\"async\" width=\"128\" src=\"http:\/\/www.schoene-nachrichten.de\/wp-content\/uploads\/2007\/07\/070704_Klinikum_55.thumbnail.jpg\" alt=\"12345_Thema_55.jpg\" \/><\/a>\u00c2\u00a0<a rel=\"lightbox[roadtrip]\" target=\"_blank\" href=\"http:\/\/www.schoene-nachrichten.de\/wp-content\/uploads\/2007\/07\/070704_Klinikum_57.jpg\" title=\"Foto: Max Colin Heydenreich\"><img decoding=\"async\" width=\"128\" src=\"http:\/\/www.schoene-nachrichten.de\/wp-content\/uploads\/2007\/07\/070704_Klinikum_57.thumbnail.jpg\" alt=\"12345_Thema_57.jpg\" \/><\/a> <a rel=\"lightbox[roadtrip]\" target=\"_blank\" href=\"http:\/\/www.schoene-nachrichten.de\/wp-content\/uploads\/2007\/07\/070704_Klinikum_39.jpg\" title=\"Foto: Max Colin Heydenreich\"><img decoding=\"async\" width=\"128\" src=\"http:\/\/www.schoene-nachrichten.de\/wp-content\/uploads\/2007\/07\/070704_Klinikum_39.thumbnail.jpg\" alt=\"12345_Thema_39.jpg\" \/><\/a><\/p>\n<p>&#8220;Die wenigen Beispiele machen deutlich, dass der enorme Wert des neuen Diagnostikzentrums nicht allein darin liegt, dass hier viele neue Ger\u00e4te zum Einsatz kommen. Er liegt auch und gerade in der Neu-Organisation und Verbesserung der Abl\u00e4ufe \u2013 und das alles patientenfreundlich in hellen, gro\u00dfz\u00fcgigen R\u00e4umen&#8221;, so die Klinikleitung abschlie\u00dfend.<\/p>\n","protected":false},"excerpt":{"rendered":"<div class=\"tmnf_excerpt\"><p>Sch\u00f6nes aus Fulda. Die bereits im letzten Jahr angek\u00fcndigte gro\u00dfe Modernisierungsoffensive am Klinikum Fulda ist in vollem Gange. \u00dcber einen Zeitraum von sieben Jahren sollen insgesamt 100 Millionen Euro in den Standort Pacelliallee investiert werden. Nach der Aufstockung des Eingangsbereichs im vergangenen Jahr wurde\u00c2\u00a0gestern mit Er\u00f6ffnung eines hochmodernen neuen Diagnostikzentrums ein weiteres Zwischenziel erreicht. In &hellip;<\/p>\n<\/div>","protected":false},"author":1,"featured_media":0,"comment_status":"closed","ping_status":"closed","sticky":false,"template":"","format":"standard","meta":{"footnotes":""},"categories":[1,54,51,48],"tags":[],"class_list":["post-4016","post","type-post","status-publish","format-standard","hentry","category-startseite","category-bildergalerien","category-medizin","category-forschung"],"_links":{"self":[{"href":"https:\/\/www.fuldaernachrichten.de\/index.php?rest_route=\/wp\/v2\/posts\/4016","targetHints":{"allow":["GET"]}}],"collection":[{"href":"https:\/\/www.fuldaernachrichten.de\/index.php?rest_route=\/wp\/v2\/posts"}],"about":[{"href":"https:\/\/www.fuldaernachrichten.de\/index.php?rest_route=\/wp\/v2\/types\/post"}],"author":[{"embeddable":true,"href":"https:\/\/www.fuldaernachrichten.de\/index.php?rest_route=\/wp\/v2\/users\/1"}],"replies":[{"embeddable":true,"href":"https:\/\/www.fuldaernachrichten.de\/index.php?rest_route=%2Fwp%2Fv2%2Fcomments&post=4016"}],"version-history":[{"count":0,"href":"https:\/\/www.fuldaernachrichten.de\/index.php?rest_route=\/wp\/v2\/posts\/4016\/revisions"}],"wp:attachment":[{"href":"https:\/\/www.fuldaernachrichten.de\/index.php?rest_route=%2Fwp%2Fv2%2Fmedia&parent=4016"}],"wp:term":[{"taxonomy":"category","embeddable":true,"href":"https:\/\/www.fuldaernachrichten.de\/index.php?rest_route=%2Fwp%2Fv2%2Fcategories&post=4016"},{"taxonomy":"post_tag","embeddable":true,"href":"https:\/\/www.fuldaernachrichten.de\/index.php?rest_route=%2Fwp%2Fv2%2Ftags&post=4016"}],"curies":[{"name":"wp","href":"https:\/\/api.w.org\/{rel}","templated":true}]}}