{"id":4015,"date":"2007-07-04T00:28:46","date_gmt":"2007-07-03T22:28:46","guid":{"rendered":"http:\/\/www.schoene-nachrichten.de\/?p=4015"},"modified":"2007-07-04T00:28:46","modified_gmt":"2007-07-03T22:28:46","slug":"caritas-und-diakonie-fuehrten-gemeinsam-hospiztagung-durch","status":"publish","type":"post","link":"https:\/\/www.fuldaernachrichten.de\/?p=4015","title":{"rendered":"Caritas und Diakonie f\u00fchrten gemeinsam Hospiztagung durch"},"content":{"rendered":"<p><strong>Frankfurt.<\/strong> Menschenw\u00fcrde, Autonomie des Einzelnen, aktive und passive Sterbehilfe, Patientenverf\u00fcgung, Sterbebegleitung, Beihilfe zum Suizid, Lebensschutz und Hospizbewegung \u2013 alles dies sind Begriffe, um die derzeit in Politik und Gesellschaft viel diskutiert wird. <!--more--><\/p>\n<p>Menschenw\u00fcrde angesichts des nahenden Todes \u2013 was bedeutet das f\u00fcr den Sterbenden? Wie wird man ihm und seiner Selbstbestimmung gerecht, ohne das hohe Gut des Lebensschutzes preiszugeben? Besonders involviert von diesen Fragen sind \u00c4rzte und Pfleger, die auf Grund ihrer T\u00e4tigkeit t\u00e4glich mit dem Sterben konfrontiert sind, das angesichts der Tabuisierung in der Gesellschaft anscheinend fast immer gleich einem pl\u00f6tzlichen Ungl\u00fcck \u00fcber die emotional v\u00f6llig unvorbereiteten betroffenen Familien herein bricht.<\/p>\n<p>Die beiden christlichen Wohlfahrtsverb\u00e4nde Caritas und Diakonie in Hessen, Tr\u00e4ger vieler Einrichtungen, die mit Betreuung und Pflege alter und kranker Menschen betraut sind, haben jetzt f\u00fcr ihre Mitarbeiterinnen und Mitarbeiter sowie f\u00fcr die in diesem Aufgabenfeld ehrenamtlich T\u00e4tigen eine Tagung \u201eMenschenw\u00fcrde zwischen Selbstbestimmung und Lebensschutz \u2013 christlich handeln am Lebensende\u201c durchgef\u00fchrt.<\/p>\n<p>Im Frankfurter \u201eHaus am Dom\u201c trafen knapp 100 \u00c4rztinnen und \u00c4rzte, Pflegerinnen und Pfleger, Einrichtungsleiter, Freiwillige im ambulante und station\u00e4ren Hospizdienst und der kirchlichen Wohlfahrtsverb\u00e4nde sowie Geistliche und Wissenschaftler zusammen, um \u00fcber rechtliche, medizinisch-ethische und pflegerische Fragestellungen zu diskutieren. Dem Veranstalter, der hessischen Caritas-Diakonie-Konferenz, ging es dabei darum, allen Haupt- und Ehrenamtlichen bei dieser Arbeit sinnbildlich \u201eden R\u00fccken zu st\u00e4rken\u201c wie es in seiner Begr\u00fc\u00dfungsansprache Peter Deinhart, Caritasdirektor im Bistum Mainz und Sprecher der Caritas-Diakonie-Konferenz, formulierte: Wie sieht eine kirchlich ausgerichtete Sterbebegleitung aus, welche Forderungen stellen die Christen an Politik und Gesellschaft in Bezug auf die Erm\u00f6glichung eines w\u00fcrdigen Lebens bis zuletzt?<\/p>\n<p>Welche Bedeutung Kirche und kirchliche Wohlfahrtsverb\u00e4nde selbst dieser Standortbestimmung in der Hospizarbeit zuma\u00dfen, zeigte die Anwesenheit der beiden Bisch\u00f6fe Prof. Dr. Martin Hein, Bischof der Evangelischen Kirche von Kurhessen-Waldeck, und Weihbischof Dr. Werner Guballa, Bistum Mainz, die sich mit Grundsatzreferaten auch aktiv an der Tagung beteiligten.<\/p>\n<p>Bischof Hein betonte in diesem Zusammenhang, dass die Tagung auch ein politisches Signal der Kirchen zur gesellschaftlichen Diskussion um dem Umgang mit dem Sterben und den Sterbenden sei: Christliche Positionen, n\u00e4mlich die Voranbringung der Hospizbewegung,\u00c2\u00a0\u00c2\u00a0 k\u00f6nnten auch auf diesem Feld lebensdienlich f\u00fcr die gesamte Gesellschaft sein \u2013 man m\u00fcsse sie nur vernehmlich \u00e4u\u00dfern und plausibel darlegen. Caritas und Diakonie, so erg\u00e4nzte Weihbischof Guballa, komme in diesem Zusammenhang die wichtige Rolle zu, f\u00fcr eine kompetente Ausbildung und Begleitung aller haupt- und ehrenamtlichen Mitarbeiterinnen und Mitarbeiter zu sorgen.\u00c2\u00a0<\/p>\n<p>Oberlandeskirchenrat Dr. Eberhard Schwarz, Landespfarrer f\u00fcr Diakonie und Vorsitzender des Hospizvereins Kassel e. V., betonte, die Intensit\u00e4t um die Debatte einer Patientenverf\u00fcgung lasse v\u00f6llig au\u00dfer Acht, dass nur 13 Prozent der Bev\u00f6lkerung erkl\u00e4rterma\u00dfen \u00fcberhaupt die Formulierung einer Patientenverf\u00fcgung f\u00fcr sich selbst in Erw\u00e4gung ziehe. Er appellierte an die Politik, die Arbeit der Ehrenamtlichen im station\u00e4ren Hospizdienst durch bessere finanzielle Ausstattung f\u00fcr deren Ausbildung und Begleitung entsprechend ihrer Notwendigkeit auch wertzusch\u00e4tzen.<\/p>\n<p>Einig war man sich darin, dass die Hospizbewegung der kirchlichen Lobbyarbeit bedarf: Wer \u00fcber die M\u00f6glichkeiten einer Sterbebegleitung unter Flankierung durch palliativ-medizinische Ma\u00dfnahmen wirklich Bescheid wei\u00df, werde die Notwendigkeit einer aktiven Sterbehilfe oder Beihilfe zum Suizid sicher wesentlich kritischer beurteilen. (cif)<\/p>\n","protected":false},"excerpt":{"rendered":"<div class=\"tmnf_excerpt\"><p>Frankfurt. Menschenw\u00fcrde, Autonomie des Einzelnen, aktive und passive Sterbehilfe, Patientenverf\u00fcgung, Sterbebegleitung, Beihilfe zum Suizid, Lebensschutz und Hospizbewegung \u2013 alles dies sind Begriffe, um die derzeit in Politik und Gesellschaft viel diskutiert wird.<\/p>\n<\/div>","protected":false},"author":1,"featured_media":0,"comment_status":"closed","ping_status":"closed","sticky":false,"template":"","format":"standard","meta":{"footnotes":""},"categories":[1,53,51,50],"tags":[],"class_list":["post-4015","post","type-post","status-publish","format-standard","hentry","category-startseite","category-bildung","category-medizin","category-kirche"],"_links":{"self":[{"href":"https:\/\/www.fuldaernachrichten.de\/index.php?rest_route=\/wp\/v2\/posts\/4015","targetHints":{"allow":["GET"]}}],"collection":[{"href":"https:\/\/www.fuldaernachrichten.de\/index.php?rest_route=\/wp\/v2\/posts"}],"about":[{"href":"https:\/\/www.fuldaernachrichten.de\/index.php?rest_route=\/wp\/v2\/types\/post"}],"author":[{"embeddable":true,"href":"https:\/\/www.fuldaernachrichten.de\/index.php?rest_route=\/wp\/v2\/users\/1"}],"replies":[{"embeddable":true,"href":"https:\/\/www.fuldaernachrichten.de\/index.php?rest_route=%2Fwp%2Fv2%2Fcomments&post=4015"}],"version-history":[{"count":0,"href":"https:\/\/www.fuldaernachrichten.de\/index.php?rest_route=\/wp\/v2\/posts\/4015\/revisions"}],"wp:attachment":[{"href":"https:\/\/www.fuldaernachrichten.de\/index.php?rest_route=%2Fwp%2Fv2%2Fmedia&parent=4015"}],"wp:term":[{"taxonomy":"category","embeddable":true,"href":"https:\/\/www.fuldaernachrichten.de\/index.php?rest_route=%2Fwp%2Fv2%2Fcategories&post=4015"},{"taxonomy":"post_tag","embeddable":true,"href":"https:\/\/www.fuldaernachrichten.de\/index.php?rest_route=%2Fwp%2Fv2%2Ftags&post=4015"}],"curies":[{"name":"wp","href":"https:\/\/api.w.org\/{rel}","templated":true}]}}