{"id":3970,"date":"2007-06-30T00:12:19","date_gmt":"2007-06-29T22:12:19","guid":{"rendered":"http:\/\/www.schoene-nachrichten.de\/?p=3970"},"modified":"2007-06-30T00:12:20","modified_gmt":"2007-06-29T22:12:20","slug":"entwicklungshelfer-besuchen-biosphaerenreservat-rhoen","status":"publish","type":"post","link":"https:\/\/www.fuldaernachrichten.de\/?p=3970","title":{"rendered":"Entwicklungshelfer besuchen Biosph\u00e4renreservat Rh\u00f6n"},"content":{"rendered":"<p><strong>Sch\u00f6nes aus der Rh\u00f6n.<\/strong>\u00c2\u00a0Im Rahmen einer dreit\u00e4gigen Tagung, zu der die Gesellschaft f\u00fcr technische Zusammenarbeit (GTZ) nach Fulda eingeladen hatte, fand auch eine eint\u00e4gige Exkursion durch das Biosph\u00e4renreservat Rh\u00f6n statt. 13 deutsche Entwicklungshelfer, die in den verschiedensten Staaten Afrikas Entwicklungshilfe leisten, nahmen das Angebot wahr, um sich \u00fcber Parallelen im Bereich der Regionalentwicklung zu informieren.<!--more--><\/p>\n<p>Im Regionalmarkt \u201eDas Rh\u00f6ndorf\u201c in Tann-Wendershausen informierte Martin Kremer, Sachgebietsleiter Biosph\u00e4renreservat beim Landkreis Fulda, zun\u00e4chst \u00fcber die Ziele, Aufgaben und Projekte des Biosph\u00e4renreservats Rh\u00f6n. Im Mittelpunkt standen die regionale Identit\u00e4t, aber auch konkrete Ma\u00dfnahmen zur besseren Vermarktung von regionalen Spezialit\u00e4ten. Dar\u00fcber hinaus wurden Projekte im touristischen Bereich erl\u00e4utert.<\/p>\n<p>Manfred Hempe vom Ingenieurb\u00fcro f\u00fcr Regionalentwicklung stellte aus seiner Sicht wichtige Eckpunkte f\u00fcr eine erfolgreiche Regionalentwicklung vor. Als interessanter Aspekt wurde diskutiert, dass es in der Regionalentwicklung Zeiten der Provokation brauche, um neuen Ans\u00e4tzen eine Realisierungschance zu erm\u00f6glichen. Gleichwohl m\u00fcsse es dann aber auch Phasen der Konsolidierung geben, die der Umsetzung der Projekte dienten.<\/p>\n<p>Im Anschluss erl\u00e4uterte Hempe am Beispiel seiner eigenen Wasserkraftanlage die Bedeutung der Wasserkraftnutzung f\u00fcr die Rh\u00f6n und wies auf die Bedeutung der CO2-neutralen Energieproduktion im Zeichen des Klimawandels hin. Mit Naturschutzwart Hubert Heger besuchte die Fachdelegation das Schwarze Moor und informierte sich bei einem Rundgang \u00fcber Geschichte und Bedeutung der Hochmoore in Mitteleuropa.<\/p>\n<p>Ein weiterer zentraler Punkt war die gro\u00dffl\u00e4chigen Beweidung im Bereich der Steinkopfhute. Dort wurde die kleinteilige Koppelwirtschaft aufgegeben, um auf gro\u00dfer Fl\u00e4che mit Rinderherden eine sehr naturnahe und nahezu ganzj\u00e4hrige Beweidung zu realisieren. Das Abendessen fand auf dem Biobauernhof Christoph Gensler statt, wo Gensler sein Hofkonzept mit Viehhaltung, B\u00e4ckerei, Regionalladen und Schulbauernhof erl\u00e4uterte.<\/p>\n<p>Begeistert von den Eindr\u00fccken wurden von den Verantwortlichen der GTZ weitere Fachexkursionen angek\u00fcndigt. Voraussichtlich wird so demn\u00e4chst der Umweltminister der Dominikanischen Republik die Rh\u00f6n besuchen.<\/p>\n","protected":false},"excerpt":{"rendered":"<div class=\"tmnf_excerpt\"><p>Sch\u00f6nes aus der Rh\u00f6n.\u00c2\u00a0Im Rahmen einer dreit\u00e4gigen Tagung, zu der die Gesellschaft f\u00fcr technische Zusammenarbeit (GTZ) nach Fulda eingeladen hatte, fand auch eine eint\u00e4gige Exkursion durch das Biosph\u00e4renreservat Rh\u00f6n statt. 13 deutsche Entwicklungshelfer, die in den verschiedensten Staaten Afrikas Entwicklungshilfe leisten, nahmen das Angebot wahr, um sich \u00fcber Parallelen im Bereich der Regionalentwicklung zu informieren.<\/p>\n<\/div>","protected":false},"author":1,"featured_media":0,"comment_status":"closed","ping_status":"closed","sticky":false,"template":"","format":"standard","meta":{"footnotes":""},"categories":[1,29,52],"tags":[],"class_list":["post-3970","post","type-post","status-publish","format-standard","hentry","category-startseite","category-politik","category-umwelt"],"_links":{"self":[{"href":"https:\/\/www.fuldaernachrichten.de\/index.php?rest_route=\/wp\/v2\/posts\/3970","targetHints":{"allow":["GET"]}}],"collection":[{"href":"https:\/\/www.fuldaernachrichten.de\/index.php?rest_route=\/wp\/v2\/posts"}],"about":[{"href":"https:\/\/www.fuldaernachrichten.de\/index.php?rest_route=\/wp\/v2\/types\/post"}],"author":[{"embeddable":true,"href":"https:\/\/www.fuldaernachrichten.de\/index.php?rest_route=\/wp\/v2\/users\/1"}],"replies":[{"embeddable":true,"href":"https:\/\/www.fuldaernachrichten.de\/index.php?rest_route=%2Fwp%2Fv2%2Fcomments&post=3970"}],"version-history":[{"count":0,"href":"https:\/\/www.fuldaernachrichten.de\/index.php?rest_route=\/wp\/v2\/posts\/3970\/revisions"}],"wp:attachment":[{"href":"https:\/\/www.fuldaernachrichten.de\/index.php?rest_route=%2Fwp%2Fv2%2Fmedia&parent=3970"}],"wp:term":[{"taxonomy":"category","embeddable":true,"href":"https:\/\/www.fuldaernachrichten.de\/index.php?rest_route=%2Fwp%2Fv2%2Fcategories&post=3970"},{"taxonomy":"post_tag","embeddable":true,"href":"https:\/\/www.fuldaernachrichten.de\/index.php?rest_route=%2Fwp%2Fv2%2Ftags&post=3970"}],"curies":[{"name":"wp","href":"https:\/\/api.w.org\/{rel}","templated":true}]}}