{"id":3967,"date":"2007-06-30T00:20:45","date_gmt":"2007-06-29T22:20:45","guid":{"rendered":"http:\/\/www.schoene-nachrichten.de\/?p=3967"},"modified":"2007-06-30T00:20:54","modified_gmt":"2007-06-29T22:20:54","slug":"stadt-fulda-praesentiert-ihren-neuen-internet-auftritt","status":"publish","type":"post","link":"https:\/\/www.fuldaernachrichten.de\/?p=3967","title":{"rendered":"Stadt Fulda pr\u00e4sentiert ihren neuen Internet-Auftritt"},"content":{"rendered":"<p><strong>Sch\u00f6nes aus Fulda.<\/strong> Welche Motive verk\u00f6rpern Fulda? Der Dom, die Orangerie, die Floravase, das Bonfatiusdenkmal, aber selbstverst\u00e4ndlich auch das Symbol des Reifens als Ausdruck der Wirtschaft oder das Bild einer zufriedenen, gl\u00fccklichen Familie. All dies findet sich in der Kopfleiste der Startseite des neuen Internetauftritts der Stadt Fulda wieder, mit der das Oberzentrum weltweit unter <a target=\"_blank\" href=\"http:\/\/www.fulda.de\">www.fulda.de<\/a> f\u00fcr sich und seine vielf\u00e4ltigen Dienstleistungen wirbt.<\/p>\n<p><strong>Fotos (6):<\/strong> Max Colin Heydenreich<\/p>\n<p><a rel=\"lightbox[roadtrip]\" target=\"_blank\" href=\"http:\/\/www.schoene-nachrichten.de\/wp-content\/uploads\/2007\/06\/070630_Internet_06.jpg\" title=\"Foto: Max Colin Heydenreich\"><img decoding=\"async\" width=\"128\" src=\"http:\/\/www.schoene-nachrichten.de\/wp-content\/uploads\/2007\/06\/070630_Internet_06.thumbnail.jpg\" alt=\"070630_Internet_06.jpg\" \/><\/a>\u00c2\u00a0<a rel=\"lightbox[roadtrip]\" target=\"_blank\" href=\"http:\/\/www.schoene-nachrichten.de\/wp-content\/uploads\/2007\/06\/070630_Internet_03.jpg\" title=\"Foto: Max Colin Heydenreich\"><img decoding=\"async\" width=\"128\" src=\"http:\/\/www.schoene-nachrichten.de\/wp-content\/uploads\/2007\/06\/070630_Internet_03.thumbnail.jpg\" alt=\"070630_Internet_03.jpg\" \/><\/a> <a rel=\"lightbox[roadtrip]\" target=\"_blank\" href=\"http:\/\/www.schoene-nachrichten.de\/wp-content\/uploads\/2007\/06\/070630_Internet_02.jpg\" title=\"Foto: Max Colin Heydenreich\"><img decoding=\"async\" width=\"128\" src=\"http:\/\/www.schoene-nachrichten.de\/wp-content\/uploads\/2007\/06\/070630_Internet_02.thumbnail.jpg\" alt=\"070630_Internet_02.jpg\" \/><\/a><\/p>\n<p><!--more--><strong>Noch \u00fcbersichtlicher<\/strong><\/p>\n<p>Vieles auf der Homepage und den nachfolgenden Seiten ist neu. Nicht nur die ansprechende Optik. Die Gliederung ist \u00fcbersichtlicher und bietet mit sieben Rubriken, darunter \u201eLeben in Fulda\u201c, \u201eB\u00fcrgerservice\u201c, \u201eStadtverwaltung\u201c oder \u201eTourismus\u201c eine leichte Orientierung, um auf vielf\u00e4ltigen Wegen schnell zum inhaltlichen Ziel zu gelangen. Ein Videoelement auf der Startseite , das als \u201ePodcast\u201c ausgebaut werden soll, vermittelt multimedial aktuellste Stadtinformationen.<\/p>\n<p>P\u00fcnktlich zum Start hat darin Fuldas Verwaltungschef Oberb\u00fcrgermeister Gerhard M\u00f6ller das Wort, der die Internet-Nutzer mit dem Hinweis auf den neuen Auftritt und die neuen M\u00f6glichkeiten begr\u00fc\u00dft. Leben in Fulda sei in \u201esch\u00f6ner, geordneter Form zu finden\u201c, um nat\u00fcrlich die Stadt \u201enoch besser und schneller kennenlernen zu k\u00f6nnen\u201c, wie der OB online erl\u00e4utert.<\/p>\n<p><a rel=\"lightbox[roadtrip]\" target=\"_blank\" href=\"http:\/\/www.schoene-nachrichten.de\/wp-content\/uploads\/2007\/06\/070630_Internet_04.jpg\" title=\"Foto: Max Colin Heydenreich\"><img decoding=\"async\" width=\"128\" src=\"http:\/\/www.schoene-nachrichten.de\/wp-content\/uploads\/2007\/06\/070630_Internet_04.thumbnail.jpg\" alt=\"070630_Internet_04.jpg\" \/><\/a>\u00c2\u00a0<a rel=\"lightbox[roadtrip]\" target=\"_blank\" href=\"http:\/\/www.schoene-nachrichten.de\/wp-content\/uploads\/2007\/06\/070630_Internet_01.jpg\" title=\"Foto: Max Colin Heydenreich\"><img decoding=\"async\" width=\"128\" src=\"http:\/\/www.schoene-nachrichten.de\/wp-content\/uploads\/2007\/06\/070630_Internet_01.thumbnail.jpg\" alt=\"070630_Internet_01.jpg\" \/><\/a>\u00c2\u00a0<a rel=\"lightbox[roadtrip]\" target=\"_blank\" href=\"http:\/\/www.schoene-nachrichten.de\/wp-content\/uploads\/2007\/06\/070630_Internet_05.jpg\" title=\"Foto: Max Colin Heydenreich\"><img decoding=\"async\" width=\"128\" src=\"http:\/\/www.schoene-nachrichten.de\/wp-content\/uploads\/2007\/06\/070630_Internet_05.thumbnail.jpg\" alt=\"070630_Internet_05.jpg\" \/><\/a><\/p>\n<p><strong>Beteiligte<\/strong><\/p>\n<p>Bei der Pr\u00e4sentation des neuen Auftritts erinnerte M\u00f6ller an die Entstehungsgeschichte des st\u00e4dtischen Internet-Engagements. Bis vor kurzem war die Stadt im Verbund mit ihren Partnern unter der Domain <a target=\"_blank\" href=\"http:\/\/www.fulda-online.de\">www.fulda-online.de<\/a> weltweit im Netz erreichen.\u00c2\u00a0 Mit dem heutigen Tag gehe Fulda eigene Wege. Den Anla\u00df nutzte M\u00f6ller, um allen Verbundpartnern zu danken, aber auch allen Beteiligten, die zum Gelingen des neuen Auftritts beigetragen haben.<\/p>\n<p>W\u00e4hrend die heimische Firma Ecoplan gemeinsam mit dem Team der federf\u00fchrenden Magistratspressestelle das Grundkonzept erarbeitete, stammt das Design von der Werbeagentur Greb und Friends. Die technische Umsetzung lag in H\u00e4nden der Fuldaer PSW Group. Die Gemeinschaftsarbeit habe unter enormen Zeitdruck gestanden. \u201eWir haben jedoch den Termin gehalten\u201c, sagte M\u00f6ller und dankte\u00c2\u00a0hausintern den Internetbeauftragten\u00c2\u00a0 der beteiligten Fach\u00e4mtern sowie dem Pressestellenteam mit der Auszubildenden Stephanie Michel, Bianca Kress, Internetbeauftragtem Harald Merz und Pressestellenleiter Michael Schwab.<\/p>\n<p>\u201eMit dem Ergebnis k\u00f6nnen wir sehr zufrieden sein\u201c, sagte M\u00f6ller und betonte, dass der Entwicklungsproze\u00df des aktuellen Internetauftritts l\u00e4ngst noch nicht abgeschlossen sei. Das Internet sei ein \u201elebendiges Medium und bleibt immer ein St\u00fcck Baustelle, an der permanent gearbeitet und fortentwickelt wird.\u201c\u00c2\u00a0\u00c2\u00a0<\/p>\n<p><strong>Werbung<\/strong><\/p>\n<p>Parallel zum neuen Auftritt soll die \u00d6ffentlichkeit durch gezielte Werbung auf \u201eFuldas neue Seiten&#8230;\u201c aufmerksam gemacht werden. Internetbanner, die in den lokalen Portalen geschaltet werden, Plakate und eine entsprechende Beschriftung neuer Dienstfahrzeuge sollen f\u00fcr <a target=\"_blank\" href=\"http:\/\/www.fulda.de\">www.fulda.de<\/a> werben, k\u00fcndigte Pressesprecher Michael Schwab an. (mb)<\/p>\n","protected":false},"excerpt":{"rendered":"<div class=\"tmnf_excerpt\"><p>Sch\u00f6nes aus Fulda. Welche Motive verk\u00f6rpern Fulda? Der Dom, die Orangerie, die Floravase, das Bonfatiusdenkmal, aber selbstverst\u00e4ndlich auch das Symbol des Reifens als Ausdruck der Wirtschaft oder das Bild einer zufriedenen, gl\u00fccklichen Familie. All dies findet sich in der Kopfleiste der Startseite des neuen Internetauftritts der Stadt Fulda wieder, mit der das Oberzentrum weltweit unter &hellip;<\/p>\n<\/div>","protected":false},"author":1,"featured_media":0,"comment_status":"closed","ping_status":"closed","sticky":false,"template":"","format":"standard","meta":{"footnotes":""},"categories":[1],"tags":[],"class_list":["post-3967","post","type-post","status-publish","format-standard","hentry","category-startseite"],"_links":{"self":[{"href":"https:\/\/www.fuldaernachrichten.de\/index.php?rest_route=\/wp\/v2\/posts\/3967","targetHints":{"allow":["GET"]}}],"collection":[{"href":"https:\/\/www.fuldaernachrichten.de\/index.php?rest_route=\/wp\/v2\/posts"}],"about":[{"href":"https:\/\/www.fuldaernachrichten.de\/index.php?rest_route=\/wp\/v2\/types\/post"}],"author":[{"embeddable":true,"href":"https:\/\/www.fuldaernachrichten.de\/index.php?rest_route=\/wp\/v2\/users\/1"}],"replies":[{"embeddable":true,"href":"https:\/\/www.fuldaernachrichten.de\/index.php?rest_route=%2Fwp%2Fv2%2Fcomments&post=3967"}],"version-history":[{"count":0,"href":"https:\/\/www.fuldaernachrichten.de\/index.php?rest_route=\/wp\/v2\/posts\/3967\/revisions"}],"wp:attachment":[{"href":"https:\/\/www.fuldaernachrichten.de\/index.php?rest_route=%2Fwp%2Fv2%2Fmedia&parent=3967"}],"wp:term":[{"taxonomy":"category","embeddable":true,"href":"https:\/\/www.fuldaernachrichten.de\/index.php?rest_route=%2Fwp%2Fv2%2Fcategories&post=3967"},{"taxonomy":"post_tag","embeddable":true,"href":"https:\/\/www.fuldaernachrichten.de\/index.php?rest_route=%2Fwp%2Fv2%2Ftags&post=3967"}],"curies":[{"name":"wp","href":"https:\/\/api.w.org\/{rel}","templated":true}]}}