{"id":3959,"date":"2007-06-29T00:18:53","date_gmt":"2007-06-28T22:18:53","guid":{"rendered":"http:\/\/www.schoene-nachrichten.de\/?p=3959"},"modified":"2007-06-29T01:18:38","modified_gmt":"2007-06-28T23:18:38","slug":"falk-ozellis-ist-neuer-trainer-bei-den-highlandern","status":"publish","type":"post","link":"https:\/\/www.fuldaernachrichten.de\/?p=3959","title":{"rendered":"Falk Ozellis ist neuer Trainer bei den Highlandern"},"content":{"rendered":"<p><strong><a rel=\"lightbox[roadtrip]\" target=\"_blank\" href=\"http:\/\/www.schoene-nachrichten.de\/wp-content\/uploads\/2007\/06\/070628_highlander.jpg\" title=\"070628_highlander.jpg\"><img decoding=\"async\" align=\"left\" src=\"http:\/\/www.schoene-nachrichten.de\/wp-content\/uploads\/2007\/06\/070628_highlander.thumbnail.jpg\" hspace=\"5\" alt=\"070628_highlander.jpg\" \/><\/a>Sport.<\/strong> Der VERC Lauterbach \u201edie Highlander\u201e haben\u00c2\u00a0 Falk Ozellis als neuen Trainer f\u00fcr die 1.Mannschaft verpflichtet. \u201eMit Falk Ozellis haben wir unseren Wunschtrainer f\u00fcr den VERC\u00c2\u00a0 gewinnen k\u00f6nnen\u201c, so der 1.Vorsitzende Bertram H\u00f6hl. <!--more--><\/p>\n<p>F\u00fcr H\u00f6hl bringt Falk Ozellis, der als Spielertrainer fungieren wird, alles mit. Der geb\u00fcrtige G\u00f6rlitzer, der die komplette Nachwuchs Schule von Wei\u00dfwasser durchlief und 1988\/1989 mit Dynamo Wei\u00dfwasser der letzte DDR \u2013 Meister wurde, bringt Profi \u2013 Erfahrungen aus Kassel, Bremerhaven, Erding, Braunlage und Wei\u00dfwasser mit.<\/p>\n<p>Mit den Kassel Huskies erreichte Ozellis 1995\/1996 das Play-Off Finale in der DEL und wurde Vizemeister. Als Fan der russischen Eishockeyschule wird Ozellis in der neuen Saison sehr viel Wert auf Disziplin, Ausdauer und Technik legen. Die Ziele sind f\u00fcr den zweifachen Familienvater in der neuen Saison klar festgelegt: \u201eMit dieser Mannschaft, die noch viel Spielraum nach oben hat, kann es nur ein Ziel geben und das hei\u00dft, ganz vorne mitspielen\u201c, so Ozellis.<\/p>\n<p>Mit einer Erfahrung von fast 1000 Spielen als Profi wird er auch f\u00fcr die jungen Lauterbacher Spieler Trainer und Vorbild sein. \u201eErfreulich ist\u201c, so Bertram H\u00f6hl, \u201edass der Kader zur neuen Saison zusammenbleibt.\u201c Ver\u00e4nderungen k\u00f6nnte es bei dem einen oder anderen Spieler aus Kassel geben.<\/p>\n<p>\u201eDer Vorstand ist noch mit einigen m\u00f6glichen Neuzug\u00e4ngen im Gespr\u00e4ch, Namen werden wir aber erst nennen wenn alles in Sack und T\u00fcten ist\u201c, so H\u00f6hl. Eines ist f\u00fcr H\u00f6hl klar: \u201eDer VERC wird sich nicht am Wettr\u00fcsten mit anderen Vereinen beteiligen. Wir werden weiter auf eine starke Mannschaft aus heimischen Spielern setzen. Jeder der f\u00fcr uns spielen will ist willkommen nur verdienen kann man bei uns nichts.\u201c<\/p>\n<p>Im Umfeld der Mannschaft kann der Vorstand weiter auf bew\u00e4hrte Kr\u00e4fte setzen, so wird sich Frank Ebenrett weiter mit Thomas K\u00fcster um die Mannschaft als Mannschaftsbetreuer k\u00fcmmern.<\/p>\n<p>Auf dem Bild 1 zu sehen: Bernd Grunewald (Abteilungsleiter), Falk Ozellis, Bertram H\u00f6hl (1. Vorsitzender)<br \/>\n\u00c2\u00a0<\/p>\n","protected":false},"excerpt":{"rendered":"<div class=\"tmnf_excerpt\"><p>Sport. Der VERC Lauterbach \u201edie Highlander\u201e haben\u00c2\u00a0 Falk Ozellis als neuen Trainer f\u00fcr die 1.Mannschaft verpflichtet. \u201eMit Falk Ozellis haben wir unseren Wunschtrainer f\u00fcr den VERC\u00c2\u00a0 gewinnen k\u00f6nnen\u201c, so der 1.Vorsitzende Bertram H\u00f6hl.<\/p>\n<\/div>","protected":false},"author":1,"featured_media":0,"comment_status":"closed","ping_status":"closed","sticky":false,"template":"","format":"standard","meta":{"footnotes":""},"categories":[1,46],"tags":[],"class_list":["post-3959","post","type-post","status-publish","format-standard","hentry","category-startseite","category-sport"],"_links":{"self":[{"href":"https:\/\/www.fuldaernachrichten.de\/index.php?rest_route=\/wp\/v2\/posts\/3959","targetHints":{"allow":["GET"]}}],"collection":[{"href":"https:\/\/www.fuldaernachrichten.de\/index.php?rest_route=\/wp\/v2\/posts"}],"about":[{"href":"https:\/\/www.fuldaernachrichten.de\/index.php?rest_route=\/wp\/v2\/types\/post"}],"author":[{"embeddable":true,"href":"https:\/\/www.fuldaernachrichten.de\/index.php?rest_route=\/wp\/v2\/users\/1"}],"replies":[{"embeddable":true,"href":"https:\/\/www.fuldaernachrichten.de\/index.php?rest_route=%2Fwp%2Fv2%2Fcomments&post=3959"}],"version-history":[{"count":0,"href":"https:\/\/www.fuldaernachrichten.de\/index.php?rest_route=\/wp\/v2\/posts\/3959\/revisions"}],"wp:attachment":[{"href":"https:\/\/www.fuldaernachrichten.de\/index.php?rest_route=%2Fwp%2Fv2%2Fmedia&parent=3959"}],"wp:term":[{"taxonomy":"category","embeddable":true,"href":"https:\/\/www.fuldaernachrichten.de\/index.php?rest_route=%2Fwp%2Fv2%2Fcategories&post=3959"},{"taxonomy":"post_tag","embeddable":true,"href":"https:\/\/www.fuldaernachrichten.de\/index.php?rest_route=%2Fwp%2Fv2%2Ftags&post=3959"}],"curies":[{"name":"wp","href":"https:\/\/api.w.org\/{rel}","templated":true}]}}