{"id":3957,"date":"2007-06-28T23:50:12","date_gmt":"2007-06-28T21:50:12","guid":{"rendered":"http:\/\/www.schoene-nachrichten.de\/?p=3957"},"modified":"2007-06-29T00:03:02","modified_gmt":"2007-06-28T22:03:02","slug":"schluesseluebergabe-an-der-hochschule","status":"publish","type":"post","link":"https:\/\/www.fuldaernachrichten.de\/?p=3957","title":{"rendered":"Schl\u00fcssel\u00fcbergabe an der Hochschule"},"content":{"rendered":"<p><strong><a rel=\"lightbox[roadtrip]\" target=\"_blank\" href=\"http:\/\/www.schoene-nachrichten.de\/wp-content\/uploads\/2007\/06\/070628_hochschule.jpg\" title=\"070628_hochschule.jpg\"><img decoding=\"async\" align=\"left\" src=\"http:\/\/www.schoene-nachrichten.de\/wp-content\/uploads\/2007\/06\/070628_hochschule.thumbnail.jpg\" hspace=\"5\" alt=\"070628_hochschule.jpg\" \/><\/a>Sch\u00f6nes aus\u00c2\u00a0Fulda.<\/strong> Der Hessische Minister f\u00fcr Wissenschaft und Kunst, Udo Corts, hat dem Pr\u00e4sidenten der Hochschule Fulda, Prof. Dr. Roland Schopf, heute offiziell die Schl\u00fcssel f\u00fcr die umgebauten Hochschulgeb\u00e4ude L, M und P \u00fcbergeben.\u00c2\u00a0 \u201eMit der umfassenden Renovierung und der Neugestaltung der Au\u00dfenanlagen sind die architektonisch so verschiedenen Kasernenanlagen nun auch \u00e4u\u00dferlich zu einem Ensemble zusammengewachsen\u201c, sagte Minister Corts. <!--more--><\/p>\n<p>Der termingerechte Umbau der ehemaligen Bundesgrenzschutzkasernen, der zwei Jahre dauerte,\u00c2\u00a0sei ein wichtiger Schritt auf dem Weg zu einer Campushochschule, die neben gesteigerter Aufenthaltsqualit\u00e4t auch bessere Voraussetzungen f\u00fcr niveauvolle und profilorientierte Ausbildung schafft.<\/p>\n<p>Bereits Ende 1999 war die rund 31.000 Quadratmeter gro\u00dfe Fl\u00e4che mit den f\u00fcnf als Ensemble unter Denkmalschutz stehenden Kasernen und sonstigen Geb\u00e4uden durch das Land Hessen zur baulichen Erweiterung der Hochschule Fulda von der Bundesrepublik Deutschland erworben worden.<\/p>\n<p>Dem Vertragsabschluss waren seinerzeit langwierige Verhandlungen zwischen verschiedenen Interessenten \u00fcber die Aufteilung der ehemaligen Bleidornkaserne nach dem Abzug des Bundesgrenzschutzes vorausgegangen. Der Pr\u00e4sident der Hochschule Fulda, Prof. Dr. Roland Schopf, dankte dem Ministerium f\u00fcr die tatkr\u00e4ftige Unterst\u00fctzung in der Phase der vertraglichen Verhandlungen mit der Bundesverm\u00f6gensverwaltung, der Stadt Fulda und der \u00dcWAG.<\/p>\n<p>Seit Fr\u00fchjahr 2007 haben die Fachbereiche Lebensmitteltechnologie, Pflege und Gesundheit, Elektro- und Informationstechnik sowie Wirtschaft ihre neue Unterkunft in den Geb\u00e4uden L und M bezogen. Die neuen Nutzer des Geb\u00e4udes P, der Fachbereich Sozial- und Kulturwissenschaften und die \u201eJungakademiker\u201c der Krabbelgruppe \u201eAkademinis\u201c werden in wenigen Wochen einziehen.<\/p>\n<p>F\u00fcr den Beginn des Wintersemesters 2008\/2009 ist die Fertigstellung von zwei weiteren Geb\u00e4uden geplant: Das Geb\u00e4ude O wird der Fachbereich Sozialwissenschaften beziehen, im Geb\u00e4ude N werden verschiedene Unterrichtsr\u00e4ume eingerichtet.<\/p>\n<p>Mit Abschluss der insgesamt 20 Millionen Euro teuren Umbauprojekte stehen der Hochschule Fulda weitere rund 8.700 Quadratmeter Hauptnutzfl\u00e4che zur Verf\u00fcgung. Die f\u00fcr die genannten Fachbereiche bestehenden Defizite w\u00fcrden damit beseitigt, die Arbeitsbedingungen f\u00fcr Professoren und Studierende deutlich verbessert.<\/p>\n<p>Im Rahmen des Hochschulbauprogramms HEUREKA (Hochschul Entwicklungs- und Umbauprogramm: RundErneuerung, Konzentration und Ausbau von Forschung und Lehre in Hessen) stehen weitere Bauinvestitionen an: Der Neubau der Hochschul- und Landesbibliothek, in dem auch zentrale Einrichtungen der Hochschule untergebracht werden sollen, ist das n\u00e4chste Gro\u00dfprojekt f\u00fcr die Hochschule Fulda.<\/p>\n<p>Prof. Schopf freute sich dar\u00fcber, dass die Landesregierung damit den dringenden Ausbaubedarf der Hochschule Fulda anerkannt habe. Schlie\u00dflich sei die Zahl der Studierenden in den Jahren zwischen Ankauf und tats\u00e4chlicher Nutzungsm\u00f6glichkeit des Kasernengel\u00e4ndes um fast 1000 angestiegen.<\/p>\n","protected":false},"excerpt":{"rendered":"<div class=\"tmnf_excerpt\"><p>Sch\u00f6nes aus\u00c2\u00a0Fulda. Der Hessische Minister f\u00fcr Wissenschaft und Kunst, Udo Corts, hat dem Pr\u00e4sidenten der Hochschule Fulda, Prof. Dr. Roland Schopf, heute offiziell die Schl\u00fcssel f\u00fcr die umgebauten Hochschulgeb\u00e4ude L, M und P \u00fcbergeben.\u00c2\u00a0 \u201eMit der umfassenden Renovierung und der Neugestaltung der Au\u00dfenanlagen sind die architektonisch so verschiedenen Kasernenanlagen nun auch \u00e4u\u00dferlich zu einem Ensemble &hellip;<\/p>\n<\/div>","protected":false},"author":1,"featured_media":0,"comment_status":"closed","ping_status":"closed","sticky":false,"template":"","format":"standard","meta":{"footnotes":""},"categories":[1,53,29,48],"tags":[],"class_list":["post-3957","post","type-post","status-publish","format-standard","hentry","category-startseite","category-bildung","category-politik","category-forschung"],"_links":{"self":[{"href":"https:\/\/www.fuldaernachrichten.de\/index.php?rest_route=\/wp\/v2\/posts\/3957","targetHints":{"allow":["GET"]}}],"collection":[{"href":"https:\/\/www.fuldaernachrichten.de\/index.php?rest_route=\/wp\/v2\/posts"}],"about":[{"href":"https:\/\/www.fuldaernachrichten.de\/index.php?rest_route=\/wp\/v2\/types\/post"}],"author":[{"embeddable":true,"href":"https:\/\/www.fuldaernachrichten.de\/index.php?rest_route=\/wp\/v2\/users\/1"}],"replies":[{"embeddable":true,"href":"https:\/\/www.fuldaernachrichten.de\/index.php?rest_route=%2Fwp%2Fv2%2Fcomments&post=3957"}],"version-history":[{"count":0,"href":"https:\/\/www.fuldaernachrichten.de\/index.php?rest_route=\/wp\/v2\/posts\/3957\/revisions"}],"wp:attachment":[{"href":"https:\/\/www.fuldaernachrichten.de\/index.php?rest_route=%2Fwp%2Fv2%2Fmedia&parent=3957"}],"wp:term":[{"taxonomy":"category","embeddable":true,"href":"https:\/\/www.fuldaernachrichten.de\/index.php?rest_route=%2Fwp%2Fv2%2Fcategories&post=3957"},{"taxonomy":"post_tag","embeddable":true,"href":"https:\/\/www.fuldaernachrichten.de\/index.php?rest_route=%2Fwp%2Fv2%2Ftags&post=3957"}],"curies":[{"name":"wp","href":"https:\/\/api.w.org\/{rel}","templated":true}]}}