{"id":3954,"date":"2007-06-29T00:15:10","date_gmt":"2007-06-28T22:15:10","guid":{"rendered":"http:\/\/www.schoene-nachrichten.de\/?p=3954"},"modified":"2007-06-29T00:15:10","modified_gmt":"2007-06-28T22:15:10","slug":"tag-der-aelteren-menschen-im-bonifatiushaus","status":"publish","type":"post","link":"https:\/\/www.fuldaernachrichten.de\/?p=3954","title":{"rendered":"Tag der \u00e4lteren Menschen im Bonifatiushaus"},"content":{"rendered":"<p><strong>Termin.<\/strong> Am 30.06.2007 findet im Bonifatiushaus von 10.00 bis 16.00 Uhr ein \u201eTag der \u00e4lteren Menschen\u201c statt, an dem sich zahlreiche Institutionen, u.a. das Klinikum Fulda und das Heilig Geist Seniorenzentrum beteiligen. Aspekte wie Lebensqualit\u00e4t im Alter, Leben im Alter und der Wert des Alters werden unter dem Motto \u201eSch\u00f6nes Alter!?\u201c hervorgehoben. <!--more--><\/p>\n<p>Prof. Dr. Anne\u00c2\u00a0 L\u00fctzenkirchen, Hochschule Fulda, h\u00e4lt einen Vortrag zu dem Thema \u201eSch\u00f6nheit im Alter\u201c. Zus\u00e4tzlich zu den Informationen an den einzelnen St\u00e4nden finden zahlreiche Mitmachaktionen statt, wie z.B. eine Standralley, Blutdruck- und Blutzuckermessung, Hautpflege mit nat\u00fcrlichen Mitteln, Sucht-Schnelltest, H\u00f6rtest, Wellness-Schnupperangebote, Handmassage, Aromatherapie und noch vieles mehr.<\/p>\n<p>Aber auch Mitmachaktionen wie, z.B. Eurythmie, Tanzen, Gymnastik, Ged\u00e4chtnistraining werden den interessierten Besuchern angeboten und ebenso ist f\u00fcr das leibliche Wohl\u00c2\u00a0 gesorgt. Die Veranstaltung endet mit einem \u00f6kumenischen Gottesdienst.<\/p>\n","protected":false},"excerpt":{"rendered":"<div class=\"tmnf_excerpt\"><p>Termin. Am 30.06.2007 findet im Bonifatiushaus von 10.00 bis 16.00 Uhr ein \u201eTag der \u00e4lteren Menschen\u201c statt, an dem sich zahlreiche Institutionen, u.a. das Klinikum Fulda und das Heilig Geist Seniorenzentrum beteiligen. Aspekte wie Lebensqualit\u00e4t im Alter, Leben im Alter und der Wert des Alters werden unter dem Motto \u201eSch\u00f6nes Alter!?\u201c hervorgehoben.<\/p>\n<\/div>","protected":false},"author":1,"featured_media":0,"comment_status":"closed","ping_status":"closed","sticky":false,"template":"","format":"standard","meta":{"footnotes":""},"categories":[1,53],"tags":[],"class_list":["post-3954","post","type-post","status-publish","format-standard","hentry","category-startseite","category-bildung"],"_links":{"self":[{"href":"https:\/\/www.fuldaernachrichten.de\/index.php?rest_route=\/wp\/v2\/posts\/3954","targetHints":{"allow":["GET"]}}],"collection":[{"href":"https:\/\/www.fuldaernachrichten.de\/index.php?rest_route=\/wp\/v2\/posts"}],"about":[{"href":"https:\/\/www.fuldaernachrichten.de\/index.php?rest_route=\/wp\/v2\/types\/post"}],"author":[{"embeddable":true,"href":"https:\/\/www.fuldaernachrichten.de\/index.php?rest_route=\/wp\/v2\/users\/1"}],"replies":[{"embeddable":true,"href":"https:\/\/www.fuldaernachrichten.de\/index.php?rest_route=%2Fwp%2Fv2%2Fcomments&post=3954"}],"version-history":[{"count":0,"href":"https:\/\/www.fuldaernachrichten.de\/index.php?rest_route=\/wp\/v2\/posts\/3954\/revisions"}],"wp:attachment":[{"href":"https:\/\/www.fuldaernachrichten.de\/index.php?rest_route=%2Fwp%2Fv2%2Fmedia&parent=3954"}],"wp:term":[{"taxonomy":"category","embeddable":true,"href":"https:\/\/www.fuldaernachrichten.de\/index.php?rest_route=%2Fwp%2Fv2%2Fcategories&post=3954"},{"taxonomy":"post_tag","embeddable":true,"href":"https:\/\/www.fuldaernachrichten.de\/index.php?rest_route=%2Fwp%2Fv2%2Ftags&post=3954"}],"curies":[{"name":"wp","href":"https:\/\/api.w.org\/{rel}","templated":true}]}}