{"id":3948,"date":"2007-06-28T07:30:00","date_gmt":"2007-06-28T05:30:00","guid":{"rendered":"http:\/\/www.schoene-nachrichten.de\/?p=3948"},"modified":"2007-07-02T01:35:39","modified_gmt":"2007-07-01T23:35:39","slug":"praevention-mit-kobolden-augsburger-puppenkiste-zu-gast-in-fulda","status":"publish","type":"post","link":"https:\/\/www.fuldaernachrichten.de\/?p=3948","title":{"rendered":"Pr\u00e4vention mit Kobolden &#8211; Augsburger Puppenkiste zu Gast in Fulda"},"content":{"rendered":"<p><strong>Sch\u00f6nes aus Fulda.<\/strong> Mit 13 die erste Zigarette, mit 14 der erste Vollrausch. Suchtpr\u00e4vention ist ein Thema \u2013 bereits im Kindergarten. Genau dort findet \u201ePapilio\u201c, ein Pr\u00e4ventionsprogramm, das landesweit von der AOK Hessen, der Hessischen Landesstelle f\u00fcr Suchtfragen e.V. (HLS) und den hessischen Fachstellen f\u00fcr Suchtpr\u00e4vention umgesetzt wird, statt.<\/p>\n<p><strong>Fotos (51):<\/strong> Max Colin Heydenreich<\/p>\n<p><a rel=\"lightbox[roadtrip]\" target=\"_blank\" href=\"http:\/\/www.schoene-nachrichten.de\/wp-content\/uploads\/2007\/06\/070628_Papilio_22.jpg\" title=\"Foto: Max Colin Heydenreich\"><img decoding=\"async\" width=\"128\" src=\"http:\/\/www.schoene-nachrichten.de\/wp-content\/uploads\/2007\/06\/070628_Papilio_22.thumbnail.jpg\" alt=\"070628_Papilio_22.jpg\" \/><\/a>\u00c2\u00a0<a rel=\"lightbox[roadtrip]\" target=\"_blank\" href=\"http:\/\/www.schoene-nachrichten.de\/wp-content\/uploads\/2007\/06\/070628_Papilio_35.jpg\" title=\"Foto: Max Colin Heydenreich\"><img decoding=\"async\" width=\"128\" src=\"http:\/\/www.schoene-nachrichten.de\/wp-content\/uploads\/2007\/06\/070628_Papilio_35.thumbnail.jpg\" alt=\"070628_Papilio_35.jpg\" \/><\/a>\u00c2\u00a0<a rel=\"lightbox[roadtrip]\" target=\"_blank\" href=\"http:\/\/www.schoene-nachrichten.de\/wp-content\/uploads\/2007\/06\/070628_Papilio_37.jpg\" title=\"Foto: Max Colin Heydenreich\"><img decoding=\"async\" width=\"128\" src=\"http:\/\/www.schoene-nachrichten.de\/wp-content\/uploads\/2007\/06\/070628_Papilio_37.thumbnail.jpg\" alt=\"070628_Papilio_37.jpg\" \/><\/a><\/p>\n<p><a rel=\"lightbox[roadtrip]\" target=\"_blank\" href=\"http:\/\/www.schoene-nachrichten.de\/wp-content\/uploads\/2007\/06\/070628_Papilio_41.jpg\" title=\"Foto: Max Colin Heydenreich\"><img decoding=\"async\" width=\"128\" src=\"http:\/\/www.schoene-nachrichten.de\/wp-content\/uploads\/2007\/06\/070628_Papilio_41.thumbnail.jpg\" alt=\"070628_Papilio_41.jpg\" \/><\/a>\u00c2\u00a0<a rel=\"lightbox[roadtrip]\" target=\"_blank\" href=\"http:\/\/www.schoene-nachrichten.de\/wp-content\/uploads\/2007\/06\/070628_Papilio_32.jpg\" title=\"Foto: Max Colin Heydenreich\"><img decoding=\"async\" width=\"128\" src=\"http:\/\/www.schoene-nachrichten.de\/wp-content\/uploads\/2007\/06\/070628_Papilio_32.thumbnail.jpg\" alt=\"070628_Papilio_32.jpg\" \/><\/a> <a rel=\"lightbox[roadtrip]\" target=\"_blank\" href=\"http:\/\/www.schoene-nachrichten.de\/wp-content\/uploads\/2007\/06\/070628_Papilio_09.jpg\" title=\"Foto: Max Colin Heydenreich\"><img decoding=\"async\" width=\"128\" src=\"http:\/\/www.schoene-nachrichten.de\/wp-content\/uploads\/2007\/06\/070628_Papilio_09.thumbnail.jpg\" alt=\"070628_Papilio_09.jpg\" \/><\/a><\/p>\n<p><!--more-->  <a href=\"mailto:redaktion@schoene-nachrichten.de?subject=Bestellung - FotoCD 3948\"><br \/>\n<img decoding=\"async\" width=\"398\" src=\"http:\/\/www.schoene-nachrichten.de\/Werbung\/070701_CD.gif\" alt=\"FotoCD kaufen\" \/><\/a><\/p>\n<p>Das Programm setzt bei Kindern, Eltern und Erzieherinnen gleicherma\u00dfen an. Aber vor allem die Kinder sollen lernen, mit sich und anderen, mit Regeln sowie den eigenen Gef\u00fchle umzugehen. Unterst\u00fctzt werden sie dabei von Kobolden der Augsburger Puppenkiste.<\/p>\n<p><a rel=\"lightbox[roadtrip]\" target=\"_blank\" href=\"http:\/\/www.schoene-nachrichten.de\/wp-content\/uploads\/2007\/06\/070628_Papilio_50.jpg\" title=\"Foto: Max Colin Heydenreich\"><img decoding=\"async\" width=\"128\" src=\"http:\/\/www.schoene-nachrichten.de\/wp-content\/uploads\/2007\/06\/070628_Papilio_50.thumbnail.jpg\" alt=\"070628_Papilio_50.jpg\" \/><\/a> <a rel=\"lightbox[roadtrip]\" target=\"_blank\" href=\"http:\/\/www.schoene-nachrichten.de\/wp-content\/uploads\/2007\/06\/070628_Papilio_51.jpg\" title=\"Foto: Max Colin Heydenreich\"><img decoding=\"async\" width=\"128\" src=\"http:\/\/www.schoene-nachrichten.de\/wp-content\/uploads\/2007\/06\/070628_Papilio_51.thumbnail.jpg\" alt=\"070628_Papilio_51.jpg\" \/><\/a> <a rel=\"lightbox[roadtrip]\" target=\"_blank\" href=\"http:\/\/www.schoene-nachrichten.de\/wp-content\/uploads\/2007\/06\/070628_Papilio_49.jpg\" title=\"Foto: Max Colin Heydenreich\"><img decoding=\"async\" width=\"128\" src=\"http:\/\/www.schoene-nachrichten.de\/wp-content\/uploads\/2007\/06\/070628_Papilio_49.thumbnail.jpg\" alt=\"070628_Papilio_49.jpg\" \/><\/a><\/p>\n<p><a rel=\"lightbox[roadtrip]\" target=\"_blank\" href=\"http:\/\/www.schoene-nachrichten.de\/wp-content\/uploads\/2007\/06\/070628_Papilio_01.jpg\" title=\"Foto: Max Colin Heydenreich\"><img decoding=\"async\" width=\"128\" src=\"http:\/\/www.schoene-nachrichten.de\/wp-content\/uploads\/2007\/06\/070628_Papilio_01.thumbnail.jpg\" alt=\"070628_Papilio_01.jpg\" \/><\/a>\u00c2\u00a0<a rel=\"lightbox[roadtrip]\" target=\"_blank\" href=\"http:\/\/www.schoene-nachrichten.de\/wp-content\/uploads\/2007\/06\/070628_Papilio_03.jpg\" title=\"Foto: Max Colin Heydenreich\"><img decoding=\"async\" width=\"128\" src=\"http:\/\/www.schoene-nachrichten.de\/wp-content\/uploads\/2007\/06\/070628_Papilio_03.thumbnail.jpg\" alt=\"070628_Papilio_03.jpg\" \/><\/a> <a rel=\"lightbox[roadtrip]\" target=\"_blank\" href=\"http:\/\/www.schoene-nachrichten.de\/wp-content\/uploads\/2007\/06\/070628_Papilio_02.jpg\" title=\"Foto: Max Colin Heydenreich\"><img decoding=\"async\" width=\"128\" src=\"http:\/\/www.schoene-nachrichten.de\/wp-content\/uploads\/2007\/06\/070628_Papilio_02.thumbnail.jpg\" alt=\"070628_Papilio_02.jpg\" \/><\/a><\/p>\n<p>Sie\u00c2\u00a0gastierte gestern mit ihrem Puppenspiel \u201ePaula und die Kistenkobolde\u201c im Hotel Bachm\u00fchle. Kindergartenkinder aus Fulda verfolgten die Geschichte von Paula, Heulibold, Zornibold, Bibberbold und Freudibold mit gro\u00dfen Augen.<\/p>\n<p><a rel=\"lightbox[roadtrip]\" target=\"_blank\" href=\"http:\/\/www.schoene-nachrichten.de\/wp-content\/uploads\/2007\/06\/070628_Papilio_04.jpg\" title=\"Foto: Max Colin Heydenreich\"><img decoding=\"async\" width=\"128\" src=\"http:\/\/www.schoene-nachrichten.de\/wp-content\/uploads\/2007\/06\/070628_Papilio_04.thumbnail.jpg\" alt=\"070628_Papilio_04.jpg\" \/><\/a>\u00c2\u00a0<a rel=\"lightbox[roadtrip]\" target=\"_blank\" href=\"http:\/\/www.schoene-nachrichten.de\/wp-content\/uploads\/2007\/06\/070628_Papilio_06.jpg\" title=\"Foto: Max Colin Heydenreich\"><img decoding=\"async\" width=\"128\" src=\"http:\/\/www.schoene-nachrichten.de\/wp-content\/uploads\/2007\/06\/070628_Papilio_06.thumbnail.jpg\" alt=\"070628_Papilio_06.jpg\" \/><\/a> <a rel=\"lightbox[roadtrip]\" target=\"_blank\" href=\"http:\/\/www.schoene-nachrichten.de\/wp-content\/uploads\/2007\/06\/070628_Papilio_05.jpg\" title=\"Foto: Max Colin Heydenreich\"><img decoding=\"async\" width=\"128\" src=\"http:\/\/www.schoene-nachrichten.de\/wp-content\/uploads\/2007\/06\/070628_Papilio_05.thumbnail.jpg\" alt=\"070628_Papilio_05.jpg\" \/><\/a><\/p>\n<p><a rel=\"lightbox[roadtrip]\" target=\"_blank\" href=\"http:\/\/www.schoene-nachrichten.de\/wp-content\/uploads\/2007\/06\/070628_Papilio_07.jpg\" title=\"Foto: Max Colin Heydenreich\"><img decoding=\"async\" width=\"128\" src=\"http:\/\/www.schoene-nachrichten.de\/wp-content\/uploads\/2007\/06\/070628_Papilio_07.thumbnail.jpg\" alt=\"070628_Papilio_07.jpg\" \/><\/a> <a rel=\"lightbox[roadtrip]\" target=\"_blank\" href=\"http:\/\/www.schoene-nachrichten.de\/wp-content\/uploads\/2007\/06\/070628_Papilio_08.jpg\" title=\"Foto: Max Colin Heydenreich\"><img decoding=\"async\" width=\"128\" src=\"http:\/\/www.schoene-nachrichten.de\/wp-content\/uploads\/2007\/06\/070628_Papilio_08.thumbnail.jpg\" alt=\"070628_Papilio_08.jpg\" \/><\/a> <a rel=\"lightbox[roadtrip]\" target=\"_blank\" href=\"http:\/\/www.schoene-nachrichten.de\/wp-content\/uploads\/2007\/06\/070628_Papilio_24.jpg\" title=\"Foto: Max Colin Heydenreich\"><img decoding=\"async\" width=\"128\" src=\"http:\/\/www.schoene-nachrichten.de\/wp-content\/uploads\/2007\/06\/070628_Papilio_24.thumbnail.jpg\" alt=\"070628_Papilio_24.jpg\" \/><\/a><\/p>\n<p>Die Kobolde stehen f\u00fcr die Gef\u00fchle Traurigkeit, Wut, Angst und Freude. Auf spielerische Art und Weise, sollen die Kinder lernen, diese Gef\u00fchle zu erkennen und mit ihnen umzugehen.<\/p>\n<p><a rel=\"lightbox[roadtrip]\" target=\"_blank\" href=\"http:\/\/www.schoene-nachrichten.de\/wp-content\/uploads\/2007\/06\/070628_Papilio_10.jpg\" title=\"Foto: Max Colin Heydenreich\"><img decoding=\"async\" width=\"128\" src=\"http:\/\/www.schoene-nachrichten.de\/wp-content\/uploads\/2007\/06\/070628_Papilio_10.thumbnail.jpg\" alt=\"070628_Papilio_10.jpg\" \/><\/a> <a rel=\"lightbox[roadtrip]\" target=\"_blank\" href=\"http:\/\/www.schoene-nachrichten.de\/wp-content\/uploads\/2007\/06\/070628_Papilio_11.jpg\" title=\"Foto: Max Colin Heydenreich\"><img decoding=\"async\" width=\"128\" src=\"http:\/\/www.schoene-nachrichten.de\/wp-content\/uploads\/2007\/06\/070628_Papilio_11.thumbnail.jpg\" alt=\"070628_Papilio_11.jpg\" \/><\/a> <a rel=\"lightbox[roadtrip]\" target=\"_blank\" href=\"http:\/\/www.schoene-nachrichten.de\/wp-content\/uploads\/2007\/06\/070628_Papilio_12.jpg\" title=\"Foto: Max Colin Heydenreich\"><img decoding=\"async\" width=\"128\" src=\"http:\/\/www.schoene-nachrichten.de\/wp-content\/uploads\/2007\/06\/070628_Papilio_12.thumbnail.jpg\" alt=\"070628_Papilio_12.jpg\" \/><\/a><\/p>\n<p><a rel=\"lightbox[roadtrip]\" target=\"_blank\" href=\"http:\/\/www.schoene-nachrichten.de\/wp-content\/uploads\/2007\/06\/070628_Papilio_13.jpg\" title=\"Foto: Max Colin Heydenreich\"><img decoding=\"async\" width=\"128\" src=\"http:\/\/www.schoene-nachrichten.de\/wp-content\/uploads\/2007\/06\/070628_Papilio_13.thumbnail.jpg\" alt=\"070628_Papilio_13.jpg\" \/><\/a> <a rel=\"lightbox[roadtrip]\" target=\"_blank\" href=\"http:\/\/www.schoene-nachrichten.de\/wp-content\/uploads\/2007\/06\/070628_Papilio_14.jpg\" title=\"Foto: Max Colin Heydenreich\"><img decoding=\"async\" width=\"128\" src=\"http:\/\/www.schoene-nachrichten.de\/wp-content\/uploads\/2007\/06\/070628_Papilio_14.thumbnail.jpg\" alt=\"070628_Papilio_14.jpg\" \/><\/a> <a rel=\"lightbox[roadtrip]\" target=\"_blank\" href=\"http:\/\/www.schoene-nachrichten.de\/wp-content\/uploads\/2007\/06\/070628_Papilio_15.jpg\" title=\"Foto: Max Colin Heydenreich\"><img decoding=\"async\" width=\"128\" src=\"http:\/\/www.schoene-nachrichten.de\/wp-content\/uploads\/2007\/06\/070628_Papilio_15.thumbnail.jpg\" alt=\"070628_Papilio_15.jpg\" \/><\/a><\/p>\n<p>\u201eJe fr\u00fcher wir die Pers\u00f6nlichkeitsentwicklung unserer Kinder positiv unterst\u00fctzen, umso erfolgreicher k\u00f6nnen wir Fehlentwicklungen und Verhaltensauff\u00e4lligkeiten entgegenwirken. Papilio leistet hierzu einen ganz entscheidenden Beitrag\u201c, erkl\u00e4rt Thomas Schupp, Leiter der AOK-Regionaldirektion Osthessen.<\/p>\n<p><a rel=\"lightbox[roadtrip]\" target=\"_blank\" href=\"http:\/\/www.schoene-nachrichten.de\/wp-content\/uploads\/2007\/06\/070628_Papilio_16.jpg\" title=\"Foto: Max Colin Heydenreich\"><img decoding=\"async\" width=\"128\" src=\"http:\/\/www.schoene-nachrichten.de\/wp-content\/uploads\/2007\/06\/070628_Papilio_16.thumbnail.jpg\" alt=\"070628_Papilio_16.jpg\" \/><\/a> <a rel=\"lightbox[roadtrip]\" target=\"_blank\" href=\"http:\/\/www.schoene-nachrichten.de\/wp-content\/uploads\/2007\/06\/070628_Papilio_17.jpg\" title=\"Foto: Max Colin Heydenreich\"><img decoding=\"async\" width=\"128\" src=\"http:\/\/www.schoene-nachrichten.de\/wp-content\/uploads\/2007\/06\/070628_Papilio_17.thumbnail.jpg\" alt=\"070628_Papilio_17.jpg\" \/><\/a> <a rel=\"lightbox[roadtrip]\" target=\"_blank\" href=\"http:\/\/www.schoene-nachrichten.de\/wp-content\/uploads\/2007\/06\/070628_Papilio_18.jpg\" title=\"Foto: Max Colin Heydenreich\"><img decoding=\"async\" width=\"128\" src=\"http:\/\/www.schoene-nachrichten.de\/wp-content\/uploads\/2007\/06\/070628_Papilio_18.thumbnail.jpg\" alt=\"070628_Papilio_18.jpg\" \/><\/a><\/p>\n<p><a rel=\"lightbox[roadtrip]\" target=\"_blank\" href=\"http:\/\/www.schoene-nachrichten.de\/wp-content\/uploads\/2007\/06\/070628_Papilio_19.jpg\" title=\"Foto: Max Colin Heydenreich\"><img decoding=\"async\" width=\"128\" src=\"http:\/\/www.schoene-nachrichten.de\/wp-content\/uploads\/2007\/06\/070628_Papilio_19.thumbnail.jpg\" alt=\"070628_Papilio_19.jpg\" \/><\/a> <a rel=\"lightbox[roadtrip]\" target=\"_blank\" href=\"http:\/\/www.schoene-nachrichten.de\/wp-content\/uploads\/2007\/06\/070628_Papilio_20.jpg\" title=\"Foto: Max Colin Heydenreich\"><img decoding=\"async\" width=\"128\" src=\"http:\/\/www.schoene-nachrichten.de\/wp-content\/uploads\/2007\/06\/070628_Papilio_20.thumbnail.jpg\" alt=\"070628_Papilio_20.jpg\" \/><\/a> <a rel=\"lightbox[roadtrip]\" target=\"_blank\" href=\"http:\/\/www.schoene-nachrichten.de\/wp-content\/uploads\/2007\/06\/070628_Papilio_21.jpg\" title=\"Foto: Max Colin Heydenreich\"><img decoding=\"async\" width=\"128\" src=\"http:\/\/www.schoene-nachrichten.de\/wp-content\/uploads\/2007\/06\/070628_Papilio_21.thumbnail.jpg\" alt=\"070628_Papilio_21.jpg\" \/><\/a><\/p>\n<p>&#8220;Papilio-Kinder reduzieren nachweislich ihre Verhaltensauff\u00e4lligkeiten st\u00e4rker und entwickeln ihre sozialen F\u00e4higkeiten ausgepr\u00e4gter als andere Gleichaltrige\u201c, so Regina Sahl von der HLS. Tina Wienr\u00f6der von der Fachstelle Suchtpr\u00e4vention f\u00fcr den Landkreis Fulda unterstreicht, dass nicht nur die Kinder profitieren: \u201eAuch Eltern werden mit Papilio vertraut gemacht, damit sie zu Hause die im Kindergarten angesto\u00dfenen Lernprozesse erfolgreich unterst\u00fctzen k\u00f6nnen.\u201c<\/p>\n<p><a rel=\"lightbox[roadtrip]\" target=\"_blank\" href=\"http:\/\/www.schoene-nachrichten.de\/wp-content\/uploads\/2007\/06\/070628_Papilio_25.jpg\" title=\"Foto: Max Colin Heydenreich\"><img decoding=\"async\" width=\"128\" src=\"http:\/\/www.schoene-nachrichten.de\/wp-content\/uploads\/2007\/06\/070628_Papilio_25.thumbnail.jpg\" alt=\"070628_Papilio_25.jpg\" \/><\/a> <a rel=\"lightbox[roadtrip]\" target=\"_blank\" href=\"http:\/\/www.schoene-nachrichten.de\/wp-content\/uploads\/2007\/06\/070628_Papilio_26.jpg\" title=\"Foto: Max Colin Heydenreich\"><img decoding=\"async\" width=\"128\" src=\"http:\/\/www.schoene-nachrichten.de\/wp-content\/uploads\/2007\/06\/070628_Papilio_26.thumbnail.jpg\" alt=\"070628_Papilio_26.jpg\" \/><\/a> <a rel=\"lightbox[roadtrip]\" target=\"_blank\" href=\"http:\/\/www.schoene-nachrichten.de\/wp-content\/uploads\/2007\/06\/070628_Papilio_27.jpg\" title=\"Foto: Max Colin Heydenreich\"><img decoding=\"async\" width=\"128\" src=\"http:\/\/www.schoene-nachrichten.de\/wp-content\/uploads\/2007\/06\/070628_Papilio_27.thumbnail.jpg\" alt=\"070628_Papilio_27.jpg\" \/><\/a><\/p>\n<p><a rel=\"lightbox[roadtrip]\" target=\"_blank\" href=\"http:\/\/www.schoene-nachrichten.de\/wp-content\/uploads\/2007\/06\/070628_Papilio_28.jpg\" title=\"Foto: Max Colin Heydenreich\"><img decoding=\"async\" width=\"128\" src=\"http:\/\/www.schoene-nachrichten.de\/wp-content\/uploads\/2007\/06\/070628_Papilio_28.thumbnail.jpg\" alt=\"070628_Papilio_28.jpg\" \/><\/a> <a rel=\"lightbox[roadtrip]\" target=\"_blank\" href=\"http:\/\/www.schoene-nachrichten.de\/wp-content\/uploads\/2007\/06\/070628_Papilio_29.jpg\" title=\"Foto: Max Colin Heydenreich\"><img decoding=\"async\" width=\"128\" src=\"http:\/\/www.schoene-nachrichten.de\/wp-content\/uploads\/2007\/06\/070628_Papilio_29.thumbnail.jpg\" alt=\"070628_Papilio_29.jpg\" \/><\/a> <a rel=\"lightbox[roadtrip]\" target=\"_blank\" href=\"http:\/\/www.schoene-nachrichten.de\/wp-content\/uploads\/2007\/06\/070628_Papilio_30.jpg\" title=\"Foto: Max Colin Heydenreich\"><img decoding=\"async\" width=\"128\" src=\"http:\/\/www.schoene-nachrichten.de\/wp-content\/uploads\/2007\/06\/070628_Papilio_30.thumbnail.jpg\" alt=\"070628_Papilio_30.jpg\" \/><\/a><\/p>\n<p>Fuldas B\u00fcrgermeister Dr. Wolfgang Dippel ist von der Wirksamkeit des Programms \u00fcberzeugt: \u201eIch begr\u00fc\u00dfe neben den weiteren Programmen, die bereits in den Kinderg\u00e4rten umgesetzt werden, die Ziele von Papilio.\u201c Das pro-soziale Verhalten von Kindern werde genauso gef\u00f6rdert, wie deren sozial-emotionale Kompetenz.<\/p>\n<p><a rel=\"lightbox[roadtrip]\" target=\"_blank\" href=\"http:\/\/www.schoene-nachrichten.de\/wp-content\/uploads\/2007\/06\/070628_Papilio_31.jpg\" title=\"Foto: Max Colin Heydenreich\"><img decoding=\"async\" width=\"128\" src=\"http:\/\/www.schoene-nachrichten.de\/wp-content\/uploads\/2007\/06\/070628_Papilio_31.thumbnail.jpg\" alt=\"070628_Papilio_31.jpg\" \/><\/a>\u00c2\u00a0<a rel=\"lightbox[roadtrip]\" target=\"_blank\" href=\"http:\/\/www.schoene-nachrichten.de\/wp-content\/uploads\/2007\/06\/070628_Papilio_33.jpg\" title=\"Foto: Max Colin Heydenreich\"><img decoding=\"async\" width=\"128\" src=\"http:\/\/www.schoene-nachrichten.de\/wp-content\/uploads\/2007\/06\/070628_Papilio_33.thumbnail.jpg\" alt=\"070628_Papilio_33.jpg\" \/><\/a> <a rel=\"lightbox[roadtrip]\" target=\"_blank\" href=\"http:\/\/www.schoene-nachrichten.de\/wp-content\/uploads\/2007\/06\/070628_Papilio_23.jpg\" title=\"Foto: Max Colin Heydenreich\"><img decoding=\"async\" width=\"128\" src=\"http:\/\/www.schoene-nachrichten.de\/wp-content\/uploads\/2007\/06\/070628_Papilio_23.thumbnail.jpg\" alt=\"070628_Papilio_23.jpg\" \/><\/a>\u00c2\u00a0<\/p>\n<p><a rel=\"lightbox[roadtrip]\" target=\"_blank\" href=\"http:\/\/www.schoene-nachrichten.de\/wp-content\/uploads\/2007\/06\/070628_Papilio_34.jpg\" title=\"Foto: Max Colin Heydenreich\"><img decoding=\"async\" width=\"128\" src=\"http:\/\/www.schoene-nachrichten.de\/wp-content\/uploads\/2007\/06\/070628_Papilio_34.thumbnail.jpg\" alt=\"070628_Papilio_34.jpg\" \/><\/a>\u00c2\u00a0<a rel=\"lightbox[roadtrip]\" target=\"_blank\" href=\"http:\/\/www.schoene-nachrichten.de\/wp-content\/uploads\/2007\/06\/070628_Papilio_36.jpg\" title=\"Foto: Max Colin Heydenreich\"><img decoding=\"async\" width=\"128\" src=\"http:\/\/www.schoene-nachrichten.de\/wp-content\/uploads\/2007\/06\/070628_Papilio_36.thumbnail.jpg\" alt=\"070628_Papilio_36.jpg\" \/><\/a> <a rel=\"lightbox[roadtrip]\" target=\"_blank\" href=\"http:\/\/www.schoene-nachrichten.de\/wp-content\/uploads\/2007\/06\/070628_Papilio_38.jpg\" title=\"Foto: Max Colin Heydenreich\"><img decoding=\"async\" width=\"128\" src=\"http:\/\/www.schoene-nachrichten.de\/wp-content\/uploads\/2007\/06\/070628_Papilio_38.thumbnail.jpg\" alt=\"070628_Papilio_38.jpg\" \/><\/a><\/p>\n<p>\u201eEbenso positiv sehe ich die Begleitung und Unterst\u00fctzung von Eltern und ErzieherInnen durch das Programm. Die Aufgaben \u00c2\u00b4im\u00c2\u00b4 und \u00c2\u00b4um\u00c2\u00b4 den Kindergarten werden anspruchsvoller und m\u00fcssen deshalb in Zukunft noch qualifizierter werden\u201c, so Dippel.<\/p>\n<p><a rel=\"lightbox[roadtrip]\" target=\"_blank\" href=\"http:\/\/www.schoene-nachrichten.de\/wp-content\/uploads\/2007\/06\/070628_Papilio_39.jpg\" title=\"Foto: Max Colin Heydenreich\"><img decoding=\"async\" width=\"128\" src=\"http:\/\/www.schoene-nachrichten.de\/wp-content\/uploads\/2007\/06\/070628_Papilio_39.thumbnail.jpg\" alt=\"070628_Papilio_39.jpg\" \/><\/a>\u00c2\u00a0<a rel=\"lightbox[roadtrip]\" target=\"_blank\" href=\"http:\/\/www.schoene-nachrichten.de\/wp-content\/uploads\/2007\/06\/070628_Papilio_40.jpg\" title=\"Foto: Max Colin Heydenreich\"><img decoding=\"async\" width=\"128\" src=\"http:\/\/www.schoene-nachrichten.de\/wp-content\/uploads\/2007\/06\/070628_Papilio_40.thumbnail.jpg\" alt=\"070628_Papilio_40.jpg\" \/><\/a>\u00c2\u00a0<a rel=\"lightbox[roadtrip]\" target=\"_blank\" href=\"http:\/\/www.schoene-nachrichten.de\/wp-content\/uploads\/2007\/06\/070628_Papilio_42.jpg\" title=\"Foto: Max Colin Heydenreich\"><img decoding=\"async\" width=\"128\" src=\"http:\/\/www.schoene-nachrichten.de\/wp-content\/uploads\/2007\/06\/070628_Papilio_42.thumbnail.jpg\" alt=\"070628_Papilio_42.jpg\" \/><\/a><\/p>\n<p><a rel=\"lightbox[roadtrip]\" target=\"_blank\" href=\"http:\/\/www.schoene-nachrichten.de\/wp-content\/uploads\/2007\/06\/070628_Papilio_43.jpg\" title=\"Foto: Max Colin Heydenreich\"><img decoding=\"async\" width=\"128\" src=\"http:\/\/www.schoene-nachrichten.de\/wp-content\/uploads\/2007\/06\/070628_Papilio_43.thumbnail.jpg\" alt=\"070628_Papilio_43.jpg\" \/><\/a> <a rel=\"lightbox[roadtrip]\" target=\"_blank\" href=\"http:\/\/www.schoene-nachrichten.de\/wp-content\/uploads\/2007\/06\/070628_Papilio_44.jpg\" title=\"Foto: Max Colin Heydenreich\"><img decoding=\"async\" width=\"128\" src=\"http:\/\/www.schoene-nachrichten.de\/wp-content\/uploads\/2007\/06\/070628_Papilio_44.thumbnail.jpg\" alt=\"070628_Papilio_44.jpg\" \/><\/a> <a rel=\"lightbox[roadtrip]\" target=\"_blank\" href=\"http:\/\/www.schoene-nachrichten.de\/wp-content\/uploads\/2007\/06\/070628_Papilio_45.jpg\" title=\"Foto: Max Colin Heydenreich\"><img decoding=\"async\" width=\"128\" src=\"http:\/\/www.schoene-nachrichten.de\/wp-content\/uploads\/2007\/06\/070628_Papilio_45.thumbnail.jpg\" alt=\"070628_Papilio_45.jpg\" \/><\/a><\/p>\n<p>Entwickelt und wissenschaftlich \u00fcberpr\u00fcft wurde das Programm vom gemeinn\u00fctzigen beta Institut f\u00fcr angewandtes Gesundheitsmanagement in Augsburg. Gemeinsam mit der Augsburger Puppenkiste veranstaltet das Institut eine bundesweite Aufkl\u00e4rungskampagne.<\/p>\n<p><a rel=\"lightbox[roadtrip]\" target=\"_blank\" href=\"http:\/\/www.schoene-nachrichten.de\/wp-content\/uploads\/2007\/06\/070628_Papilio_46.jpg\" title=\"Foto: Max Colin Heydenreich\"><img decoding=\"async\" width=\"128\" src=\"http:\/\/www.schoene-nachrichten.de\/wp-content\/uploads\/2007\/06\/070628_Papilio_46.thumbnail.jpg\" alt=\"070628_Papilio_46.jpg\" \/><\/a> <a rel=\"lightbox[roadtrip]\" target=\"_blank\" href=\"http:\/\/www.schoene-nachrichten.de\/wp-content\/uploads\/2007\/06\/070628_Papilio_47.jpg\" title=\"Foto: Max Colin Heydenreich\"><img decoding=\"async\" width=\"128\" src=\"http:\/\/www.schoene-nachrichten.de\/wp-content\/uploads\/2007\/06\/070628_Papilio_47.thumbnail.jpg\" alt=\"070628_Papilio_47.jpg\" \/><\/a> <a rel=\"lightbox[roadtrip]\" target=\"_blank\" href=\"http:\/\/www.schoene-nachrichten.de\/wp-content\/uploads\/2007\/06\/070628_Papilio_48.jpg\" title=\"Foto: Max Colin Heydenreich\"><img decoding=\"async\" width=\"128\" src=\"http:\/\/www.schoene-nachrichten.de\/wp-content\/uploads\/2007\/06\/070628_Papilio_48.thumbnail.jpg\" alt=\"070628_Papilio_48.jpg\" \/><\/a><\/p>\n<p>Cornelia Stuhler vom beta Institut erg\u00e4nzt: \u201eIn einer mehrj\u00e4hrigen Studie mit 100 Erzieherinnen, 700 Kindern und 1.200 Eltern wurde Papilio auf seine Wirksamkeit und Machbarkeit hin untersucht.\u201c Die bundesweite Verbreitung von Papilio wird von der betapharm Stiftung und der Robert Bosch Stiftung gef\u00f6rdert. In Hessen wurde 2005 mit der fl\u00e4chendeckenden Umsetzung begonnen. Ma\u00dfgeblich finanziert wird Papilio hierzulande von der AOK Hessen und dem Hessischen Sozialministerium.<\/p>\n<p>N\u00e4heres zu Papilio bietet das Internet unter <a target=\"_blank\" href=\"http:\/\/www.papilio.de\/\">http:\/\/www.papilio.de\/<\/a>. Interessierte Erzieherinnen k\u00f6nnen sich au\u00dferdem an die lokalen Fachstellen f\u00fcr Suchtpr\u00e4vention wenden. Weitere qualifizierte Informationen zur Kindererziehung und Suchtpr\u00e4vention f\u00fcr Eltern und Erzieher\/Erzieherinnen h\u00e4lt das Internetportal <a target=\"_blank\" href=\"http:\/\/www.starke-eltern.de\/\">http:\/\/www.starke-eltern.de\/<\/a> bereit.<\/p>\n","protected":false},"excerpt":{"rendered":"<div class=\"tmnf_excerpt\"><p>Sch\u00f6nes aus Fulda. Mit 13 die erste Zigarette, mit 14 der erste Vollrausch. Suchtpr\u00e4vention ist ein Thema \u2013 bereits im Kindergarten. Genau dort findet \u201ePapilio\u201c, ein Pr\u00e4ventionsprogramm, das landesweit von der AOK Hessen, der Hessischen Landesstelle f\u00fcr Suchtfragen e.V. (HLS) und den hessischen Fachstellen f\u00fcr Suchtpr\u00e4vention umgesetzt wird, statt. Fotos (51): Max Colin Heydenreich \u00c2\u00a0\u00c2\u00a0 &hellip;<\/p>\n<\/div>","protected":false},"author":1,"featured_media":0,"comment_status":"closed","ping_status":"closed","sticky":false,"template":"","format":"standard","meta":{"footnotes":""},"categories":[1,54,53],"tags":[],"class_list":["post-3948","post","type-post","status-publish","format-standard","hentry","category-startseite","category-bildergalerien","category-bildung"],"_links":{"self":[{"href":"https:\/\/www.fuldaernachrichten.de\/index.php?rest_route=\/wp\/v2\/posts\/3948","targetHints":{"allow":["GET"]}}],"collection":[{"href":"https:\/\/www.fuldaernachrichten.de\/index.php?rest_route=\/wp\/v2\/posts"}],"about":[{"href":"https:\/\/www.fuldaernachrichten.de\/index.php?rest_route=\/wp\/v2\/types\/post"}],"author":[{"embeddable":true,"href":"https:\/\/www.fuldaernachrichten.de\/index.php?rest_route=\/wp\/v2\/users\/1"}],"replies":[{"embeddable":true,"href":"https:\/\/www.fuldaernachrichten.de\/index.php?rest_route=%2Fwp%2Fv2%2Fcomments&post=3948"}],"version-history":[{"count":0,"href":"https:\/\/www.fuldaernachrichten.de\/index.php?rest_route=\/wp\/v2\/posts\/3948\/revisions"}],"wp:attachment":[{"href":"https:\/\/www.fuldaernachrichten.de\/index.php?rest_route=%2Fwp%2Fv2%2Fmedia&parent=3948"}],"wp:term":[{"taxonomy":"category","embeddable":true,"href":"https:\/\/www.fuldaernachrichten.de\/index.php?rest_route=%2Fwp%2Fv2%2Fcategories&post=3948"},{"taxonomy":"post_tag","embeddable":true,"href":"https:\/\/www.fuldaernachrichten.de\/index.php?rest_route=%2Fwp%2Fv2%2Ftags&post=3948"}],"curies":[{"name":"wp","href":"https:\/\/api.w.org\/{rel}","templated":true}]}}