{"id":3935,"date":"2007-06-28T00:20:22","date_gmt":"2007-06-27T22:20:22","guid":{"rendered":"http:\/\/www.schoene-nachrichten.de\/?p=3935"},"modified":"2007-06-28T00:21:01","modified_gmt":"2007-06-27T22:21:01","slug":"leise-toene-im-land-der-unbegrenzten-moeglichkeiten","status":"publish","type":"post","link":"https:\/\/www.fuldaernachrichten.de\/?p=3935","title":{"rendered":"Leise T\u00f6ne im Land der unbegrenzten M\u00f6glichkeiten"},"content":{"rendered":"<p><strong>Sch\u00f6nes aus Fulda.<\/strong> Viele Klischees \u00fcber das Land der &#8220;unbegrenzten M\u00f6glichkeiten&#8221; treffen zweifellos zu. Noch gr\u00f6\u00dfer und \u201esch\u00f6ner\u201c, schriller lautet h\u00e4ufig die Devise. Doch auch \u201eleisere T\u00f6ne\u201c klingen in diesem Land an und machen es auf seine Weise sympathisch, formulierte Fuldas Verwaltungschef Gerhard M\u00f6ller als Fazit\u00c2\u00a0seines viert\u00e4gigen US-Aufenthaltes.<\/p>\n<p><strong>Fotos (5):<\/strong> Michael Schwab<\/p>\n<p><a rel=\"lightbox[roadtrip]\" target=\"_blank\" href=\"http:\/\/www.schoene-nachrichten.de\/wp-content\/uploads\/2007\/06\/070627_amerika2.jpg\" title=\"070627_amerika2.jpg\"><img decoding=\"async\" src=\"http:\/\/www.schoene-nachrichten.de\/wp-content\/uploads\/2007\/06\/070627_amerika2.thumbnail.jpg\" alt=\"070627_amerika2.jpg\" \/><\/a>\u00c2\u00a0<a rel=\"lightbox[roadtrip]\" target=\"_blank\" href=\"http:\/\/www.schoene-nachrichten.de\/wp-content\/uploads\/2007\/06\/070627_amerika3.jpg\" title=\"070627_amerika3.jpg\"><img decoding=\"async\" src=\"http:\/\/www.schoene-nachrichten.de\/wp-content\/uploads\/2007\/06\/070627_amerika3.thumbnail.jpg\" alt=\"070627_amerika3.jpg\" \/><\/a>\u00c2\u00a0<a rel=\"lightbox[roadtrip]\" target=\"_blank\" href=\"http:\/\/www.schoene-nachrichten.de\/wp-content\/uploads\/2007\/06\/070627_amerika5.jpg\" title=\"070627_amerika5.jpg\"><img decoding=\"async\" src=\"http:\/\/www.schoene-nachrichten.de\/wp-content\/uploads\/2007\/06\/070627_amerika5.thumbnail.jpg\" alt=\"070627_amerika5.jpg\" \/><\/a><!--more--><\/p>\n<p>In der USA besuchte er nicht nur die Partnerstadt Wilmington und den Ort der Reunion-Feier des 11. Panzeraufkl\u00e4rungsregiments, Williamsburg, sondern auch die Hauptstadt Washington und die erste englische Siedlung in Virginia, Jamestown. Der britische \u201eBr\u00fcckenkopf\u201c auf amerikanischem Boden verdankt seine Entstehung der Virginia-Company, die vor 400 Jahren John Smith auf Entdeckungstour entsandte.<\/p>\n<p>Im Fr\u00fchjahr ging das neue Museum in Jamestown in Betrieb. Mit \u201egro\u00dfem Aufwand und p\u00e4dagogischem Geschick wird dort die Gr\u00fcndungsphase der USA pr\u00e4sentiert\u201c, beschreibt M\u00f6ller seine Eindr\u00fccke. Der Museumsbesucher wird in Ton und Bild in einem kreisrunden Multimediaraum in die Geschichte und in den Inhalt der Ausstellung eingef\u00fchrt. Danach folgt eine Kombination aus moderner Pr\u00e4sentation von Schaust\u00fccken mit historischen Monumenten, wie der ersten Kirche von Jamestown, dem Grundger\u00fcst eines Siedlerhauses oder der h\u00f6lzernen Palisadenbefestigung der ersten Siedlung.<\/p>\n<p>Geradezu umlagert ist die Nachbildung der H\u00e4uptlingstochter Pocahontas, die einen englischen Siedler heiratete, mit ihm nach England reiste, fr\u00fch verstarb und zur romantisierten Heldin avancierte. Ebenso beeindruckend fand M\u00f6ller die gelungene Pr\u00e4sentation des Delaware Museums in Wilmington. \u201eDie Amerikaner verstehen es, vor allem junges Publikum durch die einfache und gut verst\u00e4ndliche Art der Pr\u00e4sentation f\u00fcr einen Museumsbesuch zu gewinnen\u201c.<\/p>\n<p>\u00c4hnliche Beobachtungen machte Fuldas OB bei seinem Besuch in Washington, allerdings in anderem Zusammenhang. Die vielen \u201eMemorials\u201c, also Erinnerungsst\u00e4tten, sind so v\u00f6llig anders, als erwartet. Die Erinnerungsst\u00e4tten f\u00fcr den Krieg in Korea oder in Vietnam \u201ezeichnen sich durch eine sehr ber\u00fchrende Darstellungsweise aus\u201c, erl\u00e4utert M\u00f6ller. Kriegsgeschichte wird nicht heroisiert, sondern sehr deutlich individualisiert. An den Einsatz in Korea erinnern lebensgro\u00dfe Darstellungen von Soldaten in Grauwei\u00df, die gezeichnet von Anstrengungen und Last \u00fcber ein Areal mit niedrigem Buschwerk ziehen.<\/p>\n<p>\u00c2\u00a0<a rel=\"lightbox[roadtrip]\" target=\"_blank\" href=\"http:\/\/www.schoene-nachrichten.de\/wp-content\/uploads\/2007\/06\/070627_amerika4.jpg\" title=\"070627_amerika4.jpg\"><img decoding=\"async\" src=\"http:\/\/www.schoene-nachrichten.de\/wp-content\/uploads\/2007\/06\/070627_amerika4.thumbnail.jpg\" alt=\"070627_amerika4.jpg\" \/><\/a>\u00c2\u00a0<a rel=\"lightbox[roadtrip]\" target=\"_blank\" href=\"http:\/\/www.schoene-nachrichten.de\/wp-content\/uploads\/2007\/06\/070627_amerika1.jpg\" title=\"070627_amerika1.jpg\"><img decoding=\"async\" src=\"http:\/\/www.schoene-nachrichten.de\/wp-content\/uploads\/2007\/06\/070627_amerika1.thumbnail.jpg\" alt=\"070627_amerika1.jpg\" \/><\/a><\/p>\n<p>Monumental dagegen sind die Erinnerungsorte f\u00fcr Abrahm Lincoln, Thomas Jefferson oder der an George Washington erinnernden Obelisk.<\/p>\n<p>Die Museumsmall in Washington oder die Aufreihung der \u201eMemorials\u201c, aber auch generell die Art und Weise des St\u00e4dtebaus vermittle ein \u201eGef\u00fchl f\u00fcr die Weite des Landes\u201c, betont M\u00f6ller. Trotz der enormen Ausdehnung der Fl\u00e4chen legten die Amerikaner gro\u00dfen Wert auf eine intensive und attraktive Gr\u00fcnfl\u00e4chengestaltung. \u00dcberrascht hat den OB die Verkehrsinfrastruktur. Von Hast und Hektik sei auf den gut ausgebauten Autobahnen keine Spur gewesen. Noch besser und schneller k\u00f6nne man manche Strecken mit dem Zug zur\u00fccklegen, der in vielem an den deutschen ICE erinnert.<\/p>\n<p>W\u00e4hrend die Auto-Fahrt von Washington nach Wilmington etwas mehr als zwei Stunden in Anspruch nimmt, sind Reisende mit dem Zug auf der gleichen Strecke nur gerade mal 1 \u00c2\u00bd Stunden, noch dazu sehr komfortabel, unterwegs. F\u00fcr M\u00f6ller eine interessante Petitesse am Rande: In einzelnen Zugwagen ist der Hinweis: \u201eQuite room\u201c zu finden. Die angesagte Ruhe \u2013 nicht laut sprechen oder telefonieren \u2013 wird von den Zugg\u00e4sten konsequent eingehalten. \u201eUnser USA-Aufenthalt war in jeder Hinsicht eine Tour mit vielf\u00e4ltigen Eindr\u00fccken, die &#8211; wie etwa der Museumskonzeption oder dem Gestalten von Erinnerungsorten \u2013 wertvolle Impulse geliefert hat\u201c. (mb)<\/p>\n","protected":false},"excerpt":{"rendered":"<div class=\"tmnf_excerpt\"><p>Sch\u00f6nes aus Fulda. Viele Klischees \u00fcber das Land der &#8220;unbegrenzten M\u00f6glichkeiten&#8221; treffen zweifellos zu. Noch gr\u00f6\u00dfer und \u201esch\u00f6ner\u201c, schriller lautet h\u00e4ufig die Devise. Doch auch \u201eleisere T\u00f6ne\u201c klingen in diesem Land an und machen es auf seine Weise sympathisch, formulierte Fuldas Verwaltungschef Gerhard M\u00f6ller als Fazit\u00c2\u00a0seines viert\u00e4gigen US-Aufenthaltes. Fotos (5): Michael Schwab \u00c2\u00a0\u00c2\u00a0<\/p>\n<\/div>","protected":false},"author":1,"featured_media":0,"comment_status":"closed","ping_status":"closed","sticky":false,"template":"","format":"standard","meta":{"footnotes":""},"categories":[1,44,29],"tags":[],"class_list":["post-3935","post","type-post","status-publish","format-standard","hentry","category-startseite","category-kultur","category-politik"],"_links":{"self":[{"href":"https:\/\/www.fuldaernachrichten.de\/index.php?rest_route=\/wp\/v2\/posts\/3935","targetHints":{"allow":["GET"]}}],"collection":[{"href":"https:\/\/www.fuldaernachrichten.de\/index.php?rest_route=\/wp\/v2\/posts"}],"about":[{"href":"https:\/\/www.fuldaernachrichten.de\/index.php?rest_route=\/wp\/v2\/types\/post"}],"author":[{"embeddable":true,"href":"https:\/\/www.fuldaernachrichten.de\/index.php?rest_route=\/wp\/v2\/users\/1"}],"replies":[{"embeddable":true,"href":"https:\/\/www.fuldaernachrichten.de\/index.php?rest_route=%2Fwp%2Fv2%2Fcomments&post=3935"}],"version-history":[{"count":0,"href":"https:\/\/www.fuldaernachrichten.de\/index.php?rest_route=\/wp\/v2\/posts\/3935\/revisions"}],"wp:attachment":[{"href":"https:\/\/www.fuldaernachrichten.de\/index.php?rest_route=%2Fwp%2Fv2%2Fmedia&parent=3935"}],"wp:term":[{"taxonomy":"category","embeddable":true,"href":"https:\/\/www.fuldaernachrichten.de\/index.php?rest_route=%2Fwp%2Fv2%2Fcategories&post=3935"},{"taxonomy":"post_tag","embeddable":true,"href":"https:\/\/www.fuldaernachrichten.de\/index.php?rest_route=%2Fwp%2Fv2%2Ftags&post=3935"}],"curies":[{"name":"wp","href":"https:\/\/api.w.org\/{rel}","templated":true}]}}