{"id":3933,"date":"2007-06-28T00:55:55","date_gmt":"2007-06-27T22:55:55","guid":{"rendered":"http:\/\/www.schoene-nachrichten.de\/?p=3933"},"modified":"2007-06-28T00:56:08","modified_gmt":"2007-06-27T22:56:08","slug":"tag-der-offenen-tuer-im-geburtszentrum-am-klinikum","status":"publish","type":"post","link":"https:\/\/www.fuldaernachrichten.de\/?p=3933","title":{"rendered":"Tag der offenen T\u00fcr im Geburtszentrum am Klinikum"},"content":{"rendered":"<p><strong>Termin.<\/strong> Unter dem Motto \u201eFaszination Geburt\u201c veranstalten die Klinik f\u00fcr Geburtshilfe und die Klinik f\u00fcr Kinder- und Jugendmedizin des Klinikums Fulda am kommenden Sonntag ab 14 Uhr einen Tag der offenen T\u00fcr in der Frauenklinik (Ebene 8).<!--more--><\/p>\n<p>Die interessierten Besucher erwarten zahlreiche Einblicke rund um das Thema Geburt. Neben Krei\u00dfsaalf\u00fchrungen besteht die M\u00f6glichkeit die Schwangeren- und Wochenstation zu besichtigen. Unter dem Motto \u201eBabyfernsehen\u201c werden 4D-Ultraschallvorf\u00fchrungen demonstriert sowie die \u201ekleine Kinderklinik\u201c in der Frauenklinik vorgestellt. Auch f\u00fcr Kinderbetreuung mit viel Spiel und Spa\u00df\u00c2\u00a0 ist gesorgt.<\/p>\n","protected":false},"excerpt":{"rendered":"<div class=\"tmnf_excerpt\"><p>Termin. Unter dem Motto \u201eFaszination Geburt\u201c veranstalten die Klinik f\u00fcr Geburtshilfe und die Klinik f\u00fcr Kinder- und Jugendmedizin des Klinikums Fulda am kommenden Sonntag ab 14 Uhr einen Tag der offenen T\u00fcr in der Frauenklinik (Ebene 8).<\/p>\n<\/div>","protected":false},"author":1,"featured_media":0,"comment_status":"closed","ping_status":"closed","sticky":false,"template":"","format":"standard","meta":{"footnotes":""},"categories":[1,53,51],"tags":[],"class_list":["post-3933","post","type-post","status-publish","format-standard","hentry","category-startseite","category-bildung","category-medizin"],"_links":{"self":[{"href":"https:\/\/www.fuldaernachrichten.de\/index.php?rest_route=\/wp\/v2\/posts\/3933","targetHints":{"allow":["GET"]}}],"collection":[{"href":"https:\/\/www.fuldaernachrichten.de\/index.php?rest_route=\/wp\/v2\/posts"}],"about":[{"href":"https:\/\/www.fuldaernachrichten.de\/index.php?rest_route=\/wp\/v2\/types\/post"}],"author":[{"embeddable":true,"href":"https:\/\/www.fuldaernachrichten.de\/index.php?rest_route=\/wp\/v2\/users\/1"}],"replies":[{"embeddable":true,"href":"https:\/\/www.fuldaernachrichten.de\/index.php?rest_route=%2Fwp%2Fv2%2Fcomments&post=3933"}],"version-history":[{"count":0,"href":"https:\/\/www.fuldaernachrichten.de\/index.php?rest_route=\/wp\/v2\/posts\/3933\/revisions"}],"wp:attachment":[{"href":"https:\/\/www.fuldaernachrichten.de\/index.php?rest_route=%2Fwp%2Fv2%2Fmedia&parent=3933"}],"wp:term":[{"taxonomy":"category","embeddable":true,"href":"https:\/\/www.fuldaernachrichten.de\/index.php?rest_route=%2Fwp%2Fv2%2Fcategories&post=3933"},{"taxonomy":"post_tag","embeddable":true,"href":"https:\/\/www.fuldaernachrichten.de\/index.php?rest_route=%2Fwp%2Fv2%2Ftags&post=3933"}],"curies":[{"name":"wp","href":"https:\/\/api.w.org\/{rel}","templated":true}]}}