{"id":3931,"date":"2007-06-28T00:29:45","date_gmt":"2007-06-27T22:29:45","guid":{"rendered":"http:\/\/www.schoene-nachrichten.de\/?p=3931"},"modified":"2007-06-28T00:29:47","modified_gmt":"2007-06-27T22:29:47","slug":"plaetze-frei-bildungsfahrten-nach-eisenach","status":"publish","type":"post","link":"https:\/\/www.fuldaernachrichten.de\/?p=3931","title":{"rendered":"Pl\u00e4tze frei: Bildungsfahrten nach Eisenach"},"content":{"rendered":"<p><strong>Sch\u00f6nes aus Fulda.<\/strong> Die Katholische Arbeitnehmer-Bewegung und das Kolpingwerk im Bistum Fulda bieten zum Anlass des 800. Geburtstages der Heiligen Elisabeth, Bildungsfahrten nach Eisenach an. Wie das Kolpingwerk mitteilt, sind noch ein paar Pl\u00e4tze frei. <!--more--><\/p>\n<p><strong>Termine der Bildungsfahrten:<\/strong>\u00c2\u00a0\u00c2\u00a0<br \/>\nMittwoch 25. 07.\u00c2\u00a0 bis Donnerstag 26.07.2007\u00c2\u00a0 ab Schl\u00fcchtern, Neuhof \u00fcber Fulda<br \/>\nSamstag, 04.08.\u00c2\u00a0 bis Sonntag 05.08.2007\u00c2\u00a0 ab Sch\u00f6neck, Hanau \u00fcber Fulda<br \/>\nMontag 13.08.\u00c2\u00a0\u00c2\u00a0 bis Dienstag 14.08.2007\u00c2\u00a0 ab \u00d6strich-Winkel \u00fcber Freigericht, Flieden, Fulda<br \/>\n\u00c2\u00a0<br \/>\nIm Programm der Zweitagesfahrten sind der Besuch der Wartburg mit der 3. Th\u00fcringischen Landesausstellung, eine Stadtf\u00fchrung und der Besuch des Musicals \u201eElisabeth \u2013 Die Legende einer Heiligen\u201c im Landestheater Eisenach enthalten.<\/p>\n<p>Ein Abstecher zur Creuzburg ist individuell eingeplant. Weitere Leistungen sind die Busfahrt und eine \u00dcbernachtung mit Fr\u00fchst\u00fccksbuffet im evangelischen Tagungshotel \u201eHaus Hainstein\u201c.<\/p>\n<p>Das Musical \u201eElisabeth \u2013 Die Legende einer Heiligen\u201c ist nach \u201eBonifatius\u201c in Fulda und Bremen, die n\u00e4chste gro\u00dfe B\u00fchnenproduktion von Peter Scholz, Denis Martin und Reinfried Schie\u00dfler und der in K\u00fcnzell ans\u00e4ssigen Musicalproduktionsfirma \u201espotlight Musicalproduktion GmbH\u201c.<\/p>\n<p><strong>Informationen und Buchung \u00fcber die Hotline: 0661-10 000 beim Kolpingwerk in Fulda, Goethestra\u00dfe 13, 36043 Fulda<\/strong><\/p>\n","protected":false},"excerpt":{"rendered":"<div class=\"tmnf_excerpt\"><p>Sch\u00f6nes aus Fulda. Die Katholische Arbeitnehmer-Bewegung und das Kolpingwerk im Bistum Fulda bieten zum Anlass des 800. Geburtstages der Heiligen Elisabeth, Bildungsfahrten nach Eisenach an. Wie das Kolpingwerk mitteilt, sind noch ein paar Pl\u00e4tze frei.<\/p>\n<\/div>","protected":false},"author":1,"featured_media":0,"comment_status":"closed","ping_status":"closed","sticky":false,"template":"","format":"standard","meta":{"footnotes":""},"categories":[1,53,50,44],"tags":[],"class_list":["post-3931","post","type-post","status-publish","format-standard","hentry","category-startseite","category-bildung","category-kirche","category-kultur"],"_links":{"self":[{"href":"https:\/\/www.fuldaernachrichten.de\/index.php?rest_route=\/wp\/v2\/posts\/3931","targetHints":{"allow":["GET"]}}],"collection":[{"href":"https:\/\/www.fuldaernachrichten.de\/index.php?rest_route=\/wp\/v2\/posts"}],"about":[{"href":"https:\/\/www.fuldaernachrichten.de\/index.php?rest_route=\/wp\/v2\/types\/post"}],"author":[{"embeddable":true,"href":"https:\/\/www.fuldaernachrichten.de\/index.php?rest_route=\/wp\/v2\/users\/1"}],"replies":[{"embeddable":true,"href":"https:\/\/www.fuldaernachrichten.de\/index.php?rest_route=%2Fwp%2Fv2%2Fcomments&post=3931"}],"version-history":[{"count":0,"href":"https:\/\/www.fuldaernachrichten.de\/index.php?rest_route=\/wp\/v2\/posts\/3931\/revisions"}],"wp:attachment":[{"href":"https:\/\/www.fuldaernachrichten.de\/index.php?rest_route=%2Fwp%2Fv2%2Fmedia&parent=3931"}],"wp:term":[{"taxonomy":"category","embeddable":true,"href":"https:\/\/www.fuldaernachrichten.de\/index.php?rest_route=%2Fwp%2Fv2%2Fcategories&post=3931"},{"taxonomy":"post_tag","embeddable":true,"href":"https:\/\/www.fuldaernachrichten.de\/index.php?rest_route=%2Fwp%2Fv2%2Ftags&post=3931"}],"curies":[{"name":"wp","href":"https:\/\/api.w.org\/{rel}","templated":true}]}}