{"id":393,"date":"2006-12-19T00:02:10","date_gmt":"2006-12-18T23:02:10","guid":{"rendered":"http:\/\/www.schoene-nachrichten.de\/?p=393"},"modified":"2006-12-18T16:08:15","modified_gmt":"2006-12-18T15:08:15","slug":"%e2%80%9ehorizonte%e2%80%9c-sendung-mit-bischof-algermissen-am-24-dezember","status":"publish","type":"post","link":"https:\/\/www.fuldaernachrichten.de\/?p=393","title":{"rendered":"\u201eHorizonte\u201c-Sendung mit Bischof Algermissen am 24. Dezember"},"content":{"rendered":"<p><strong>Sch\u00f6nes aus Fulda.<\/strong>\u00c2\u00a0\u201eFrohe Weihnachten, Herr Bischof!\u201c hei\u00dft es am vierten Adventssonntag, 24.Dezember, im Hessen-Fernsehen (hr). Bischof Heinz Josef Algermissen ist in der Weihnachtssendung von \u201eHorizonte\u201c zu Gast bei Meinhard Schmidt-Degenhard. Das Gespr\u00e4ch wird von 10.15 bis 10.45 Uhr ausgestrahlt. Darin wird Bischof Algermissen mit dem Moderator \u00fcber die Botschaft des Weihnachtsfestes nachdenken.<\/p>\n<p>\u00c2\u00a0<\/p>\n<p><!--more--><\/p>\n<p>Weihnachten lade ein, im \u201eWort, das Fleisch wurde\u201c, Ehrfurcht vor dem und Liebe zum Leben zu finden, predigte Heinz Josef Algermissen im vergangenen Weihnachtsgottesdienst im \u00fcberf\u00fcllten Fuldaer Dom. Dazu hei\u00dft es in der Pressemitteilung des hr: \u201eWor\u00fcber wird er dieses Jahr predigen? Weihnachten ist auch eine Gelegenheit, innezuhalten, nachzudenken \u00fcber das Vergangene und das, was kommen wird.\u201c<\/p>\n<p>\u00c2\u00a0<\/p>\n<p>Welches Ereignis des ablaufenden Jahres den Bischof am meisten bewegt und welche Hoffnungen und W\u00fcnsche der Bischof f\u00fcr die Zukunft hat, wird in dem Gespr\u00e4ch thematisiert.<\/p>\n","protected":false},"excerpt":{"rendered":"<div class=\"tmnf_excerpt\"><p>Sch\u00f6nes aus Fulda.\u00c2\u00a0\u201eFrohe Weihnachten, Herr Bischof!\u201c hei\u00dft es am vierten Adventssonntag, 24.Dezember, im Hessen-Fernsehen (hr). Bischof Heinz Josef Algermissen ist in der Weihnachtssendung von \u201eHorizonte\u201c zu Gast bei Meinhard Schmidt-Degenhard. Das Gespr\u00e4ch wird von 10.15 bis 10.45 Uhr ausgestrahlt. Darin wird Bischof Algermissen mit dem Moderator \u00fcber die Botschaft des Weihnachtsfestes nachdenken. \u00c2\u00a0<\/p>\n<\/div>","protected":false},"author":1,"featured_media":0,"comment_status":"closed","ping_status":"closed","sticky":false,"template":"","format":"standard","meta":{"footnotes":""},"categories":[1],"tags":[],"class_list":["post-393","post","type-post","status-publish","format-standard","hentry","category-startseite"],"_links":{"self":[{"href":"https:\/\/www.fuldaernachrichten.de\/index.php?rest_route=\/wp\/v2\/posts\/393","targetHints":{"allow":["GET"]}}],"collection":[{"href":"https:\/\/www.fuldaernachrichten.de\/index.php?rest_route=\/wp\/v2\/posts"}],"about":[{"href":"https:\/\/www.fuldaernachrichten.de\/index.php?rest_route=\/wp\/v2\/types\/post"}],"author":[{"embeddable":true,"href":"https:\/\/www.fuldaernachrichten.de\/index.php?rest_route=\/wp\/v2\/users\/1"}],"replies":[{"embeddable":true,"href":"https:\/\/www.fuldaernachrichten.de\/index.php?rest_route=%2Fwp%2Fv2%2Fcomments&post=393"}],"version-history":[{"count":0,"href":"https:\/\/www.fuldaernachrichten.de\/index.php?rest_route=\/wp\/v2\/posts\/393\/revisions"}],"wp:attachment":[{"href":"https:\/\/www.fuldaernachrichten.de\/index.php?rest_route=%2Fwp%2Fv2%2Fmedia&parent=393"}],"wp:term":[{"taxonomy":"category","embeddable":true,"href":"https:\/\/www.fuldaernachrichten.de\/index.php?rest_route=%2Fwp%2Fv2%2Fcategories&post=393"},{"taxonomy":"post_tag","embeddable":true,"href":"https:\/\/www.fuldaernachrichten.de\/index.php?rest_route=%2Fwp%2Fv2%2Ftags&post=393"}],"curies":[{"name":"wp","href":"https:\/\/api.w.org\/{rel}","templated":true}]}}