{"id":3929,"date":"2007-06-27T23:12:08","date_gmt":"2007-06-27T21:12:08","guid":{"rendered":"http:\/\/www.schoene-nachrichten.de\/?p=3929"},"modified":"2007-06-27T23:12:08","modified_gmt":"2007-06-27T21:12:08","slug":"bachelor-und-master-abschluesse-an-der-hochschule","status":"publish","type":"post","link":"https:\/\/www.fuldaernachrichten.de\/?p=3929","title":{"rendered":"Bachelor- und Master-Abschl\u00fcsse an der Hochschule"},"content":{"rendered":"<p><strong>Sch\u00f6nes aus Fulda.<\/strong> Die Hochschule Fulda bietet ab Wintersemester alle Studieng\u00e4nge mit den konsekutiven Bachelor- und Master-Abschl\u00fcssen an. Lehrveranstaltungen f\u00fcr die auslaufenden Diplomstudieng\u00e4nge werden nur noch f\u00fcr Studierende in h\u00f6heren Semestern bis zu deren Studienabschluss angeboten. Dies teilte die Hochschule heute mit.<!--more--><\/p>\n<p>\u201eDamit ist ein entscheidender Schritt im Rahmen des Bologna-Prozesses abgeschlossen\u201c, erkl\u00e4rte die f\u00fcr Lehre und Studium zust\u00e4ndige Vizepr\u00e4sidentin, Prof. Dr. Kathrin Kohlenberg-M\u00fcller, nicht ohne Stolz, denn zumindest in Hessen ist die Hochschule Fulda die erste staatliche Hochschule, die ihre Studienprogramme vollst\u00e4ndig auf die neuen akademischen Grade entsprechend der Bologna-Vereinbarung abgeschlossen hat.<\/p>\n<p>Obgleich mit der Akkreditierung des Studiengangs Sozialrecht ein Meilenstein im Bologna-Prozess erreicht wurde &#8211; die Entwicklung ist damit noch nicht abgeschlossen: \u201eWir befinden uns nunmehr in der zweiten Phase, in der die ersten Bachelor- und Masterstudieng\u00e4nge bereits im Rahmen der Reakkreditierung evaluiert und an Hand der bisherigen Erfahrungen \u00fcberarbeitet werden, denn Bologna ist kein Fixpunkt, sondern ein st\u00e4ndiger Prozess\u201c, mahnt Prof. Dr. Roland Schopf, Pr\u00e4sident der Hochschule Fulda.<\/p>\n<p>Der bislang in Deutschland einmalige Studiengang Sozialrecht wird nun zum kommenden Wintersemester den Studienanf\u00e4ngern den neuen Bachelor-Abschluss anbieten. Das Studium wird mit dem \u201eBachelor of Laws (LL.B.) nach einer Regelstudienzeit von sieben Fachsemestern abschlie\u00dfen.<\/p>\n<p>Sozialrecht als eigenst\u00e4ndiges Fach zu studieren war in Deutschland bislang nicht m\u00f6glich. Die Hochschule Fulda hat diese Studienl\u00fccke erkannt und bietet als bundesweit einzige wissenschaftliche Einrichtung eine Ausbildung zum Sozialjuristen, bzw. zur Sozialjuristin an.<\/p>\n<p>Seit dem Wintersemester 2003\/2004 bildet der Fachbereich Sozial- und Kulturwissenschaften praxisnah und anwendungsbezogen juristische Fachkr\u00e4fte f\u00fcr den Sozialbereich aus. Sozialrecht ist damit kein Randgebiet und Ableger unterschiedlichster Ausbildungsg\u00e4nge mehr, so die Einsch\u00e4tzung von Prof. Dr. Heinrich Bollinger, Dekan des Fachbereichs\u00c2\u00a0Sozial- und Kulturwissenschaften.<\/p>\n","protected":false},"excerpt":{"rendered":"<div class=\"tmnf_excerpt\"><p>Sch\u00f6nes aus Fulda. Die Hochschule Fulda bietet ab Wintersemester alle Studieng\u00e4nge mit den konsekutiven Bachelor- und Master-Abschl\u00fcssen an. Lehrveranstaltungen f\u00fcr die auslaufenden Diplomstudieng\u00e4nge werden nur noch f\u00fcr Studierende in h\u00f6heren Semestern bis zu deren Studienabschluss angeboten. Dies teilte die Hochschule heute mit.<\/p>\n<\/div>","protected":false},"author":1,"featured_media":0,"comment_status":"closed","ping_status":"closed","sticky":false,"template":"","format":"standard","meta":{"footnotes":""},"categories":[1,53],"tags":[],"class_list":["post-3929","post","type-post","status-publish","format-standard","hentry","category-startseite","category-bildung"],"_links":{"self":[{"href":"https:\/\/www.fuldaernachrichten.de\/index.php?rest_route=\/wp\/v2\/posts\/3929","targetHints":{"allow":["GET"]}}],"collection":[{"href":"https:\/\/www.fuldaernachrichten.de\/index.php?rest_route=\/wp\/v2\/posts"}],"about":[{"href":"https:\/\/www.fuldaernachrichten.de\/index.php?rest_route=\/wp\/v2\/types\/post"}],"author":[{"embeddable":true,"href":"https:\/\/www.fuldaernachrichten.de\/index.php?rest_route=\/wp\/v2\/users\/1"}],"replies":[{"embeddable":true,"href":"https:\/\/www.fuldaernachrichten.de\/index.php?rest_route=%2Fwp%2Fv2%2Fcomments&post=3929"}],"version-history":[{"count":0,"href":"https:\/\/www.fuldaernachrichten.de\/index.php?rest_route=\/wp\/v2\/posts\/3929\/revisions"}],"wp:attachment":[{"href":"https:\/\/www.fuldaernachrichten.de\/index.php?rest_route=%2Fwp%2Fv2%2Fmedia&parent=3929"}],"wp:term":[{"taxonomy":"category","embeddable":true,"href":"https:\/\/www.fuldaernachrichten.de\/index.php?rest_route=%2Fwp%2Fv2%2Fcategories&post=3929"},{"taxonomy":"post_tag","embeddable":true,"href":"https:\/\/www.fuldaernachrichten.de\/index.php?rest_route=%2Fwp%2Fv2%2Ftags&post=3929"}],"curies":[{"name":"wp","href":"https:\/\/api.w.org\/{rel}","templated":true}]}}