{"id":3928,"date":"2007-07-04T00:40:35","date_gmt":"2007-07-03T22:40:35","guid":{"rendered":"http:\/\/www.schoene-nachrichten.de\/?p=3928"},"modified":"2007-07-04T12:30:40","modified_gmt":"2007-07-04T10:30:40","slug":"serie-palliativ-care-heute-schwaeche","status":"publish","type":"post","link":"https:\/\/www.fuldaernachrichten.de\/?p=3928","title":{"rendered":"Serie &#8220;Palliativ Care&#8221; &#8211; heute: &#8220;M\u00fcdigkeit&#8221;"},"content":{"rendered":"<p><a target=\"_blank\" href=\"http:\/\/www.schoene-nachrichten.de\/Werbung\/070429_Fendel.gif\"><img decoding=\"async\" border=\"0\" align=\"left\" src=\"http:\/\/www.schoene-nachrichten.de\/Werbung\/070428_fendel.gif\" hspace=\"5\" alt=\"070428_fendel.gif\" \/><\/a><\/p>\n<p><strong>Serie.<\/strong> Anfang Mai hat die Redaktion in Zusammenarbeit mit dem Palliativnetz Osthessen die <a target=\"_blank\" href=\"http:\/\/www.schoene-nachrichten.de\/?p=2885\">Serie<\/a> &#8220;Palliativ Care&#8221; gestartet. Bis Mitte November geben Palliativmediziner Thomas Sitte und Krankenschwester Manuela Straub immer mittwochs Tipps zur Pflege schwerstkranker Patienten geben. Tipps, die nicht nur den pflegenden Angeh\u00f6rige helfen, sondern auch die Lebensqualit\u00e4t der Patienten deutlich verbessern k\u00f6nnen. Heute informiert Thomas Sitte \u00fcber das Thema &#8220;M\u00fcdigkeit&#8221;.<!--more--><\/p>\n<p>Das Schlafbed\u00fcrfnis ist bei gesunden wie bei kranken Menschen sehr verschiedenen. Viele kommen mit 7 bis 9 Stunden pro Tag aus. Manche brauchen nur 4, andere t\u00e4glich 12 Stunden und mehr Schlaf.<\/p>\n<p>Bei Palliativpatienten kann die notwendige Schlafdauer im Verlauf der Krankheit oft bis 20 Stunden (!) steigen. Dadurch wird die begrenzte Zeit noch weniger.<\/p>\n<p>Viele Gesunde sind auch oft m\u00fcde, weil sie nachts zu wenig und zu schlecht schlafen, sich zu viele Sorgen machen oder zu viel arbeiten. Nat\u00fcrlich k\u00f6nnen Kranke die gleichen Probleme wie Gesunde haben. Es kommen aber weitere Gr\u00fcnde f\u00fcr die M\u00fcdigkeit hinzu.<\/p>\n<p>H\u00e4ufig sind es Nebenwirkungen von Therapien, dazu Blutarmut, der Krebs selber oder Entz\u00fcndungen im K\u00f6rper, die schw\u00e4chen und zu einem erh\u00f6hten Schlafbed\u00fcrfnis f\u00fchren. Wenn m\u00f6gliche Ursachen bekannt sind, und wir sie beseitigen k\u00f6nnen, sollten wir dies tun. Erst dann sollten wir wieder zu Medikamenten greifen, weil auch diese wiederum Nebenwirkungen haben k\u00f6nnen.<\/p>\n<p>Ganz wichtig ist es, daf\u00fcr zu sorgen, dass der Nachtschlaf m\u00f6glichst ungest\u00f6rt ist. F\u00fcr Medikamente sollten Patienten niemals geweckt werden. Auch n\u00e4chtliches Essen und Trinken belastet den K\u00f6rper. Das wird oft vergessen, wenn die Nahrung \u00fcber Magensonden oder Venenkatheter gegeben wird.<\/p>\n<p>Wenn nachts Schmerzen auftreten, muss man die Schmerzmittel, die erfahrungsgem\u00e4\u00df f\u00fcr die Nacht oft viel zu niedrig dosiert werden, erh\u00f6hen. Da Schmerzmittel m\u00fcde machen, f\u00f6rdern sie den guten Schlaf. (ts)<\/p>\n<p>Wer weitere Fragen hat, kann sich an das Schmerz &amp; PalliativZentrum Fulda unter Telefon 0661 &#8211; 9 01 50 16 wenden oder findet weitere Informationen im Internet unter <a target=\"_blank\" href=\"http:\/\/www.palliativnetz-osthessen.de\">www.palliativnetz-osthessen.de<\/a><\/p>\n<p>Bislang ver\u00f6ffentlichte Themen der Serie:<br \/>\n<a target=\"_blank\" href=\"http:\/\/www.schoene-nachrichten.de\/?p=2807\">1. Schmerzlinderung<\/a><br \/>\n<a target=\"_blank\" href=\"http:\/\/www.schoene-nachrichten.de\/?p=3025\">2. Durchbruchschmerzen<\/a><br \/>\n<a target=\"_blank\" href=\"http:\/\/www.schoene-nachrichten.de\/?p=3136\">3. Lagerung<\/a><br \/>\n<a target=\"_blank\" href=\"http:\/\/www.schoene-nachrichten.de\/?p=3248\">4. Mundpflege und Hilfe bei Durstgef\u00fchl<\/a><br \/>\n<a target=\"_blank\" href=\"http:\/\/www.schoene-nachrichten.de\/?p=3333\">5. Wundliegen &amp; Hautpflege<\/a><br \/>\n<a target=\"_blank\" href=\"http:\/\/www.schoene-nachrichten.de\/?p=3488\">6. Atemnot<\/a><br \/>\n<a target=\"_blank\" href=\"http:\/\/www.schoene-nachrichten.de\/?p=3604\">7. \u00c4ngste<\/a><br \/>\n<a target=\"_blank\" href=\"http:\/\/www.schoene-nachrichten.de\/?p=3726\">8. Unruhe<\/a><br \/>\n<a target=\"_blank\" href=\"http:\/\/www.schoene-nachrichten.de\/?p=4033#more-4033\">9. Schw\u00e4che<\/a><\/p>\n<p><img decoding=\"async\" border=\"0\" src=\"http:\/\/www.schoene-nachrichten.de\/Werbung\/070427_Fendel.gif\" alt=\"070427_Fendel.gif\" \/><\/p>\n","protected":false},"excerpt":{"rendered":"<div class=\"tmnf_excerpt\"><p>Serie. Anfang Mai hat die Redaktion in Zusammenarbeit mit dem Palliativnetz Osthessen die Serie &#8220;Palliativ Care&#8221; gestartet. Bis Mitte November geben Palliativmediziner Thomas Sitte und Krankenschwester Manuela Straub immer mittwochs Tipps zur Pflege schwerstkranker Patienten geben. Tipps, die nicht nur den pflegenden Angeh\u00f6rige helfen, sondern auch die Lebensqualit\u00e4t der Patienten deutlich verbessern k\u00f6nnen. Heute informiert &hellip;<\/p>\n<\/div>","protected":false},"author":1,"featured_media":0,"comment_status":"closed","ping_status":"closed","sticky":false,"template":"","format":"standard","meta":{"footnotes":""},"categories":[1,51],"tags":[],"class_list":["post-3928","post","type-post","status-publish","format-standard","hentry","category-startseite","category-medizin"],"_links":{"self":[{"href":"https:\/\/www.fuldaernachrichten.de\/index.php?rest_route=\/wp\/v2\/posts\/3928","targetHints":{"allow":["GET"]}}],"collection":[{"href":"https:\/\/www.fuldaernachrichten.de\/index.php?rest_route=\/wp\/v2\/posts"}],"about":[{"href":"https:\/\/www.fuldaernachrichten.de\/index.php?rest_route=\/wp\/v2\/types\/post"}],"author":[{"embeddable":true,"href":"https:\/\/www.fuldaernachrichten.de\/index.php?rest_route=\/wp\/v2\/users\/1"}],"replies":[{"embeddable":true,"href":"https:\/\/www.fuldaernachrichten.de\/index.php?rest_route=%2Fwp%2Fv2%2Fcomments&post=3928"}],"version-history":[{"count":0,"href":"https:\/\/www.fuldaernachrichten.de\/index.php?rest_route=\/wp\/v2\/posts\/3928\/revisions"}],"wp:attachment":[{"href":"https:\/\/www.fuldaernachrichten.de\/index.php?rest_route=%2Fwp%2Fv2%2Fmedia&parent=3928"}],"wp:term":[{"taxonomy":"category","embeddable":true,"href":"https:\/\/www.fuldaernachrichten.de\/index.php?rest_route=%2Fwp%2Fv2%2Fcategories&post=3928"},{"taxonomy":"post_tag","embeddable":true,"href":"https:\/\/www.fuldaernachrichten.de\/index.php?rest_route=%2Fwp%2Fv2%2Ftags&post=3928"}],"curies":[{"name":"wp","href":"https:\/\/api.w.org\/{rel}","templated":true}]}}