{"id":3922,"date":"2007-06-27T00:22:27","date_gmt":"2007-06-26T22:22:27","guid":{"rendered":"http:\/\/www.schoene-nachrichten.de\/?p=3922"},"modified":"2007-06-27T00:30:22","modified_gmt":"2007-06-26T22:30:22","slug":"kinderchor-st-bonifatius-gab-konzert-in-poppenhausen","status":"publish","type":"post","link":"https:\/\/www.fuldaernachrichten.de\/?p=3922","title":{"rendered":"Kinderchor St. Bonifatius gab Konzert in Poppenhausen"},"content":{"rendered":"<p><strong><a rel=\"lightbox[roadtrip]\" target=\"_blank\" href=\"http:\/\/www.schoene-nachrichten.de\/wp-content\/uploads\/2007\/06\/070626_bonifatius-chor.jpg\" title=\"070626_bonifatius-chor.jpg\"><img decoding=\"async\" align=\"left\" src=\"http:\/\/www.schoene-nachrichten.de\/wp-content\/uploads\/2007\/06\/070626_bonifatius-chor.thumbnail.jpg\" hspace=\"5\" alt=\"070626_bonifatius-chor.jpg\" \/><\/a>Sch\u00f6nes aus Poppenhausen.<\/strong> Am vergangenen Samstag gab der Kinderchor St. Bonifatius Fulda im \u201eVon-Steinr\u00fcck-Haus\u201c\u00c2\u00a0 Poppenhausen ein Konzert. Mit dieser Veranstaltung setzte der Verein f\u00fcr Tourismus in Poppenhausen seine im Jahr 2005 begonnene Konzertreihe fort, um Einheimische und G\u00e4ste aus nah und fern mit musikalischen Darbietungen zu unterhalten.<!--more--><\/p>\n<p>Die Leitung des Kinderchores hatten Brigitte und Reinhold Feldmann, die von dem ehemaligen Leiter der \u201eRh\u00f6nlerchen\u201c, Johannes Neuwirth unterst\u00fctzt wurden. B\u00fcrgermeister Manfred Helfrich begr\u00fc\u00dfte als Vorsitzender des Verein f\u00fcr Tourismus in Poppenhausen e.V. die G\u00e4ste und freute sich, dass der mit zahlreichen Auszeichnungen dekorierte Kinderchor gewonnen werden konnte.<\/p>\n<p>Der Chor sangt bekannte Volksweisen renommierter Interpreten und Komponisten zu Landschaftsaufnahmen der Rh\u00f6n, die von Hobby-Fotograf\u00c2\u00a0 Erich Schmitt gefertigt wurden. Junge begabte Talente werteten einige Gesangsbeitr\u00e4ge mit Instrumentensolos auf.\u00c2\u00a0\u00c2\u00a0<\/p>\n<p>Der Rh\u00f6ner Heimatabend wurde mit Tanzdarbietungen des Trachtenvereins Abtsroda unter der Leitung seines Vorsitzenden Berthold M\u00fcller umrahmt.\u00c2\u00a0 Die Moderation des Abends hatten Clarissa Bl\u00fcmm und Katrin Wagner, Mitglieder des Kinderchores.<\/p>\n<p>Einen H\u00f6hepunkt erreichte das Konzert, als mehrere ehemalige Mitglieder des heute nicht mehr existierenden Kinderchors \u201eRh\u00f6nlerchen\u201c spontan aus dem Publikum heraus den Bonifatius-Chor bei dem Ohrwurm \u201e\u00fcber der Domstadt&#8230;\u201c unterst\u00fctzten. Dass deren aktive Zeit ca. 20 Jahre zur\u00fccklag, war nicht erkennbar.<\/p>\n<p>Der vollbesetzte B\u00fchnensaal applaudierte voller Respekt. Insgesamt ein gelungener Abend mit Freude und Geselligkeit. Die Versorgung der G\u00e4ste hatten die Mitglieder des S\u00e4ngerchores Rh\u00f6nlust \u00fcbernommen.<\/p>\n<p><strong>Auf dem Foto v.r.:<br \/>\n<\/strong>Die Mitglieder des Bonifatiuschores, die Chorleiter Brigitte und Reinhold Feldmann, der ehemalige Chorleiter der Rh\u00f6nlerchen, Johannes Neuwirth und B\u00fcrgermeister Manfred Helfrich<\/p>\n","protected":false},"excerpt":{"rendered":"<div class=\"tmnf_excerpt\"><p>Sch\u00f6nes aus Poppenhausen. Am vergangenen Samstag gab der Kinderchor St. Bonifatius Fulda im \u201eVon-Steinr\u00fcck-Haus\u201c\u00c2\u00a0 Poppenhausen ein Konzert. Mit dieser Veranstaltung setzte der Verein f\u00fcr Tourismus in Poppenhausen seine im Jahr 2005 begonnene Konzertreihe fort, um Einheimische und G\u00e4ste aus nah und fern mit musikalischen Darbietungen zu unterhalten.<\/p>\n<\/div>","protected":false},"author":1,"featured_media":0,"comment_status":"closed","ping_status":"closed","sticky":false,"template":"","format":"standard","meta":{"footnotes":""},"categories":[1],"tags":[],"class_list":["post-3922","post","type-post","status-publish","format-standard","hentry","category-startseite"],"_links":{"self":[{"href":"https:\/\/www.fuldaernachrichten.de\/index.php?rest_route=\/wp\/v2\/posts\/3922","targetHints":{"allow":["GET"]}}],"collection":[{"href":"https:\/\/www.fuldaernachrichten.de\/index.php?rest_route=\/wp\/v2\/posts"}],"about":[{"href":"https:\/\/www.fuldaernachrichten.de\/index.php?rest_route=\/wp\/v2\/types\/post"}],"author":[{"embeddable":true,"href":"https:\/\/www.fuldaernachrichten.de\/index.php?rest_route=\/wp\/v2\/users\/1"}],"replies":[{"embeddable":true,"href":"https:\/\/www.fuldaernachrichten.de\/index.php?rest_route=%2Fwp%2Fv2%2Fcomments&post=3922"}],"version-history":[{"count":0,"href":"https:\/\/www.fuldaernachrichten.de\/index.php?rest_route=\/wp\/v2\/posts\/3922\/revisions"}],"wp:attachment":[{"href":"https:\/\/www.fuldaernachrichten.de\/index.php?rest_route=%2Fwp%2Fv2%2Fmedia&parent=3922"}],"wp:term":[{"taxonomy":"category","embeddable":true,"href":"https:\/\/www.fuldaernachrichten.de\/index.php?rest_route=%2Fwp%2Fv2%2Fcategories&post=3922"},{"taxonomy":"post_tag","embeddable":true,"href":"https:\/\/www.fuldaernachrichten.de\/index.php?rest_route=%2Fwp%2Fv2%2Ftags&post=3922"}],"curies":[{"name":"wp","href":"https:\/\/api.w.org\/{rel}","templated":true}]}}