{"id":3920,"date":"2007-06-27T00:42:14","date_gmt":"2007-06-26T22:42:14","guid":{"rendered":"http:\/\/www.schoene-nachrichten.de\/?p=3920"},"modified":"2007-06-27T00:42:14","modified_gmt":"2007-06-26T22:42:14","slug":"st-georg-poppenhausen-feierte-pfarrfest","status":"publish","type":"post","link":"https:\/\/www.fuldaernachrichten.de\/?p=3920","title":{"rendered":"St. Georg Poppenhausen feierte Pfarrfest"},"content":{"rendered":"<p><strong><a rel=\"lightbox[roadtrip]\" target=\"_blank\" href=\"http:\/\/www.schoene-nachrichten.de\/wp-content\/uploads\/2007\/06\/070626_pfarrfest.jpg\" title=\"070626_pfarrfest.jpg\"><img decoding=\"async\" align=\"left\" src=\"http:\/\/www.schoene-nachrichten.de\/wp-content\/uploads\/2007\/06\/070626_pfarrfest.thumbnail.jpg\" hspace=\"5\" alt=\"070626_pfarrfest.jpg\" \/><\/a>Sch\u00f6nes aus Poppenhausen.<\/strong> Am vergangenen Sonntag hatten die Poppenhausener gleich drei Gr\u00fcnde, um in der Pfarrkirche St. Georg und auf dem Marktplatz zu feiern. Das Stiftungsfest des S\u00e4ngerchores Rh\u00f6nlust, das Pfarrfest der Kirchengemeinde St. Georg und der langj\u00e4hrige Pfarrer Erwin Lachnit konnte auf 25 Jahre Seelsorge in der Kirchengemeinde St. Georg Poppenhausen zur\u00fcckblicken. <!--more--><\/p>\n<p>Und da passte es gut, Pfarrfest und Pfarrerjubil\u00e4um zu verbinden, schlie\u00dflich war es dem Anlass angemessen, wenn die ganze Kirchengemeinde mit ihrem Pfarrer feiert. Der Verwaltungsrat der Kirchengemeinde hatte das Gemeindefest organisiert und zum Festgottesdienst und zur anschlie\u00dfenden Feier auf dem Marktplatz eingeladen.<\/p>\n<p>Weihbischof Prof. Dr. Karl-Heinz Dietz, der den Festgottesdienst mitzelebrierte, gratulierte im Namen von Bischof Heinz-Josef Algermissen und des Bistums. Er nutzte dabei die Gelegenheit, den f\u00fcr Poppenhausen zust\u00e4ndigen und vor wenigen Wochen geweihten Diakon, Godehard Grammel, vorzustellen.<\/p>\n<p>Mit Fahnenabordnungen und der Musikkapelle C\u00e4cilia zog die Festgemeinschaft aus der Kirche zum Pfarrzentrum, wo ein kleiner Festakt stattfand. Eine Kindergruppe des Kindergartens St. Elisabeth sang ein Geburtstagsst\u00e4ndchen. In ihrer Gratulation lobte die Leiterin Martina Vollmer die gute und vertrauensvolle Zusammenarbeit mit Ihrem Chef.\u00c2\u00a0\u00c2\u00a0<\/p>\n<p>Gregor Heller begr\u00fc\u00dfte die G\u00e4ste und \u00fcbermittelte die Gl\u00fcckw\u00fcnsche des Verwaltungsrates der Kirchengemeinde St. Georg und des Kirchbauvereins. In seiner Laudatio w\u00fcrdigte er\u00c2\u00a0 Pfarrer Erwin Lachnit als langj\u00e4hriger Gemeindepfarrer, der auch gro\u00dfe Verantwortung f\u00fcr die kirchlichen Liegenschaften \u00fcbernommen habe.<\/p>\n<p>B\u00fcrgermeister Manfred Helfrich \u00fcberbrachte die Gr\u00fc\u00dfe und Gl\u00fcckw\u00fcnsche der politischen Gemeinde. Er dankte f\u00fcr 25 Jahre Seelsorge, in der eine kontruktive Zusammenarbeit gelebt wurde und unterstrich die zahlreichen Bauprojekte, die Pfarrer Erwin Lachnit umgesetzt oder mit begleitet habe. Besonders stolz sei man auf die sch\u00f6ne Pfarrkirche St. Georg, die in den Jahren 1992 \u2013 1995 nach den Pl\u00e4nen des heimischen Architekten Hubert H\u00fcbner au\u00dfen und insbesondere innen aufw\u00e4ndig und besonders wertvoll saniert, restauriert und teilweise neu gestaltet wurde.<\/p>\n<p>Das Gotteshaus pr\u00e4sentiere sich seither mit einer in jeder Hinsicht vorbildlich gelungenen Gestaltung. Als Zeichen der Verbundenheit \u00fcberreichte der B\u00fcrgermeister ein Aquarell des Malers Werner Schlafke, das eine Ansicht des Rathauses zeigt.<\/p>\n<p>F\u00fcr die Filialkirche St. Laurentius in Sieblos gratulierte Verwaltungsrat J\u00fcrgen Schleicher und schenkte einen zweit\u00e4gigen Klosteraufenthalt. F\u00fcr die Vereine gratulierten Marianne Heller f\u00fcr die KfD, Maria Goldbach f\u00fcr die Landfrauen, Manfred M\u00fcnch und Maik Lotz f\u00fcr den Musikverein sowie Georg Wehner f\u00fcr die Freiwilligen Feuerwehren der Gro\u00dfgemeinde.<\/p>\n<p>Beg\u00fcnstigt durch mildes und trockenes Wetter wurde der Sonntag zu einem gut besuchten Gemeindefest. Offenbar ein Beleg daf\u00fcr, dass Pfarrer Erwin Lachnit doch einen guten Draht noch oben hat&#8230;<\/p>\n<p>Auf dem Foto v.l.: Gregor Heller, Verwaltungsrat, Weihbischof Prof. Dr. Karl-Heinz Dietz, Pfarrer Erwin Lachnit und B\u00fcrgermeister Manfred Helfrich<\/p>\n","protected":false},"excerpt":{"rendered":"<div class=\"tmnf_excerpt\"><p>Sch\u00f6nes aus Poppenhausen. Am vergangenen Sonntag hatten die Poppenhausener gleich drei Gr\u00fcnde, um in der Pfarrkirche St. Georg und auf dem Marktplatz zu feiern. Das Stiftungsfest des S\u00e4ngerchores Rh\u00f6nlust, das Pfarrfest der Kirchengemeinde St. Georg und der langj\u00e4hrige Pfarrer Erwin Lachnit konnte auf 25 Jahre Seelsorge in der Kirchengemeinde St. Georg Poppenhausen zur\u00fcckblicken.<\/p>\n<\/div>","protected":false},"author":1,"featured_media":0,"comment_status":"closed","ping_status":"closed","sticky":false,"template":"","format":"standard","meta":{"footnotes":""},"categories":[1,50],"tags":[],"class_list":["post-3920","post","type-post","status-publish","format-standard","hentry","category-startseite","category-kirche"],"_links":{"self":[{"href":"https:\/\/www.fuldaernachrichten.de\/index.php?rest_route=\/wp\/v2\/posts\/3920","targetHints":{"allow":["GET"]}}],"collection":[{"href":"https:\/\/www.fuldaernachrichten.de\/index.php?rest_route=\/wp\/v2\/posts"}],"about":[{"href":"https:\/\/www.fuldaernachrichten.de\/index.php?rest_route=\/wp\/v2\/types\/post"}],"author":[{"embeddable":true,"href":"https:\/\/www.fuldaernachrichten.de\/index.php?rest_route=\/wp\/v2\/users\/1"}],"replies":[{"embeddable":true,"href":"https:\/\/www.fuldaernachrichten.de\/index.php?rest_route=%2Fwp%2Fv2%2Fcomments&post=3920"}],"version-history":[{"count":0,"href":"https:\/\/www.fuldaernachrichten.de\/index.php?rest_route=\/wp\/v2\/posts\/3920\/revisions"}],"wp:attachment":[{"href":"https:\/\/www.fuldaernachrichten.de\/index.php?rest_route=%2Fwp%2Fv2%2Fmedia&parent=3920"}],"wp:term":[{"taxonomy":"category","embeddable":true,"href":"https:\/\/www.fuldaernachrichten.de\/index.php?rest_route=%2Fwp%2Fv2%2Fcategories&post=3920"},{"taxonomy":"post_tag","embeddable":true,"href":"https:\/\/www.fuldaernachrichten.de\/index.php?rest_route=%2Fwp%2Fv2%2Ftags&post=3920"}],"curies":[{"name":"wp","href":"https:\/\/api.w.org\/{rel}","templated":true}]}}