{"id":392,"date":"2006-12-18T15:40:28","date_gmt":"2006-12-18T14:40:28","guid":{"rendered":"http:\/\/www.schoene-nachrichten.de\/?p=392"},"modified":"2006-12-18T16:17:57","modified_gmt":"2006-12-18T15:17:57","slug":"caritas-sozialstationen-bieten-beratung-in-hauslicher-umgebung-an","status":"publish","type":"post","link":"https:\/\/www.fuldaernachrichten.de\/?p=392","title":{"rendered":"Caritas Sozialstationen bieten Beratung in h\u00e4uslicher Umgebung an"},"content":{"rendered":"<p><strong>Sch\u00f6nes aus Fulda.<\/strong> Patienten, Angeh\u00f6rige und Betreuer von Pflegepatienten k\u00f6nnen ab sofort eine individuelle Beratung in h\u00e4uslicher Umgebung mit der Leitung ihrer zust\u00e4ndigen Caritas Sozialstation vereinbaren. Examinierte Pflegefachkr\u00e4fte bieten Anleitung und Unterst\u00fctzung an, wobei die individuelle Pflegesituation sowie die r\u00e4umlichen Beschaffenheiten Ber\u00fccksichtigung finden sollen, berichtet Christian Scharf von der Caritas Fulda.<\/p>\n<p>\u00c2\u00a0<\/p>\n<p><!--more--><\/p>\n<p>In jeder der Caritas-Sozialstationen Fliedetal\/L\u00fcdertal, Fulda, H\u00fcnfeld und Vorderrh\u00f6n\/Ulstergrund stehen jeweils zwei Mitarbeiterinnen zur Verf\u00fcgung, die durch spezielle Weiterbildungsma\u00dfnahmen auf diese Aufgabe vorbereitet wurden. Die Beratungskosten werden gem\u00e4\u00df der gesetzlichen Vorgabe durch die Pflegekassen \u00fcbernommen, so Scharf weiter.<\/p>\n<p>\u00c2\u00a0<\/p>\n<p>Interessierte k\u00f6nnen sich\u00c2\u00a0telefonisch und unverbindlich mit den Pflegedienstleitungen der Caritas Sozialstationen in Verbindung setzen: Fliedetal\/L\u00fcdertal Tel. 06655\/4883 (Pflegedienstleiterin Marianne Helfrich), Fulda Tel. 0661\/22101\u00c2\u00a0 (Pflegedienstleiter Ralf Atzert), H\u00fcnfeld Tel. 06652\/73324 (Pflegedienstleiterin Jutta Schuldeis), Vorderrh\u00f6n\/Ulstergrund Tel. 06659\/4679 (Pflegedienstleiterin Sofie Dittmer).<\/p>\n","protected":false},"excerpt":{"rendered":"<div class=\"tmnf_excerpt\"><p>Sch\u00f6nes aus Fulda. Patienten, Angeh\u00f6rige und Betreuer von Pflegepatienten k\u00f6nnen ab sofort eine individuelle Beratung in h\u00e4uslicher Umgebung mit der Leitung ihrer zust\u00e4ndigen Caritas Sozialstation vereinbaren. Examinierte Pflegefachkr\u00e4fte bieten Anleitung und Unterst\u00fctzung an, wobei die individuelle Pflegesituation sowie die r\u00e4umlichen Beschaffenheiten Ber\u00fccksichtigung finden sollen, berichtet Christian Scharf von der Caritas Fulda. \u00c2\u00a0<\/p>\n<\/div>","protected":false},"author":1,"featured_media":0,"comment_status":"closed","ping_status":"closed","sticky":false,"template":"","format":"standard","meta":{"footnotes":""},"categories":[1],"tags":[],"class_list":["post-392","post","type-post","status-publish","format-standard","hentry","category-startseite"],"_links":{"self":[{"href":"https:\/\/www.fuldaernachrichten.de\/index.php?rest_route=\/wp\/v2\/posts\/392","targetHints":{"allow":["GET"]}}],"collection":[{"href":"https:\/\/www.fuldaernachrichten.de\/index.php?rest_route=\/wp\/v2\/posts"}],"about":[{"href":"https:\/\/www.fuldaernachrichten.de\/index.php?rest_route=\/wp\/v2\/types\/post"}],"author":[{"embeddable":true,"href":"https:\/\/www.fuldaernachrichten.de\/index.php?rest_route=\/wp\/v2\/users\/1"}],"replies":[{"embeddable":true,"href":"https:\/\/www.fuldaernachrichten.de\/index.php?rest_route=%2Fwp%2Fv2%2Fcomments&post=392"}],"version-history":[{"count":0,"href":"https:\/\/www.fuldaernachrichten.de\/index.php?rest_route=\/wp\/v2\/posts\/392\/revisions"}],"wp:attachment":[{"href":"https:\/\/www.fuldaernachrichten.de\/index.php?rest_route=%2Fwp%2Fv2%2Fmedia&parent=392"}],"wp:term":[{"taxonomy":"category","embeddable":true,"href":"https:\/\/www.fuldaernachrichten.de\/index.php?rest_route=%2Fwp%2Fv2%2Fcategories&post=392"},{"taxonomy":"post_tag","embeddable":true,"href":"https:\/\/www.fuldaernachrichten.de\/index.php?rest_route=%2Fwp%2Fv2%2Ftags&post=392"}],"curies":[{"name":"wp","href":"https:\/\/api.w.org\/{rel}","templated":true}]}}