{"id":39,"date":"2006-11-23T15:19:21","date_gmt":"2006-11-23T14:19:21","guid":{"rendered":"http:\/\/www.schoene-nachrichten.de\/?p=39"},"modified":"2006-11-24T00:19:13","modified_gmt":"2006-11-23T23:19:13","slug":"%e2%80%9ekinder-leicht%e2%80%9c-zum-wohlfuhlgewicht","status":"publish","type":"post","link":"https:\/\/www.fuldaernachrichten.de\/?p=39","title":{"rendered":"\u201eKinder-Leicht\u201c zum Wohlf\u00fchlgewicht"},"content":{"rendered":"<p><strong>Sch\u00f6nes aus Fulda.<\/strong> Kinder und Jugendliche, die\u00c2\u00a0gegen ungeliebte Pfunde k\u00e4mpfen, k\u00f6nnen an einem neuen Programm teilnehmen, das ab sofort vom Gesundheitsnetz Osthessen (GNO) und der Betriebskrankenkasse Hessen\u00c2\u00a0angeboten wird. Ein Jahr lang werden \u00fcbergewichtige Kinder von Fach\u00e4rzten, Ern\u00e4hrungsberatern und Fitnesstrainern betreut.<\/p>\n<p>\u00c2\u00a0<\/p>\n<p><a title=\"Sch\u00f6ne Nachrichten - Foto: Max Colin Heydenreich\" href=\"http:\/\/www.schoene-nachrichten.de\/wp-content\/uploads\/2006\/11\/dsc_0049.jpg\" target=\"_blank\"><img decoding=\"async\" id=\"image54\" height=\"85\" alt=\"dsc_0049.jpg\" src=\"http:\/\/www.schoene-nachrichten.de\/wp-content\/uploads\/2006\/11\/dsc_0049.thumbnail.jpg\" \/><\/a>\u00c2\u00a0<a title=\"Sch\u00f6ne Nachrichten - Foto: Max Colin Heydenreich\" href=\"http:\/\/www.schoene-nachrichten.de\/wp-content\/uploads\/2006\/11\/dsc_0008.jpg\" target=\"_blank\"><img decoding=\"async\" id=\"image52\" height=\"85\" alt=\"dsc_0008.jpg\" src=\"http:\/\/www.schoene-nachrichten.de\/wp-content\/uploads\/2006\/11\/dsc_0008.thumbnail.jpg\" \/><\/a><\/p>\n<p>\u00c2\u00a0<\/p>\n<p><!--more--><\/p>\n<p>Sie lernen, wie man sich gesund und ausgewogen ern\u00e4hren kann, treiben Sport in der Gruppe und werden bei Abnehm-Frust von Psychologen aufgefangen. Grundlage dieses abgestimmten Versorgungskonzeptes namens \u201eKinder-Leicht\u201c ist die vertraglich besiegelte Kooperation zwischen den \u00c4rzten des Gesundheitsnetzes, Ern\u00e4hrungsexperten, dem Fitnessstudio Fit &#038; Fun sowie der BKK Hessen.<\/p>\n<p>\u00c2\u00a0<\/p>\n<p>Der erste Schritt zum Wohlf\u00fchlgewicht beginnt mit einer Eingangsuntersuchung beim Kinder- und Jugendarzt. Im Anschluss daran k\u00f6nnen die Kinder und Jugendlichen in das Programm eingeschrieben werden. \u00dcber das Netzb\u00fcro des GNO werden dann alle weiteren Termine koordiniert.\u00c2\u00a0N\u00e4here Informationen gibt es beim GNO unter 0661-8697845. \u00c2\u00a0<\/p>\n<p>\u00c2\u00a0<\/p>\n<p><a title=\"Sch\u00f6ne Nachrichten - Foto: Max Colin Heydenreich\" href=\"http:\/\/www.schoene-nachrichten.de\/wp-content\/uploads\/2006\/11\/dsc_0002.jpg\" target=\"_blank\"><img decoding=\"async\" id=\"image51\" height=\"85\" alt=\"dsc_0002.jpg\" src=\"http:\/\/www.schoene-nachrichten.de\/wp-content\/uploads\/2006\/11\/dsc_0002.thumbnail.jpg\" \/><\/a>\u00c2\u00a0<a title=\"Sch\u00f6ne Nachrichten - Foto: Max Colin Heydenreich\" href=\"http:\/\/www.schoene-nachrichten.de\/wp-content\/uploads\/2006\/11\/dsc_0010.jpg\" target=\"_blank\"><img decoding=\"async\" id=\"image53\" height=\"85\" alt=\"dsc_0010.jpg\" src=\"http:\/\/www.schoene-nachrichten.de\/wp-content\/uploads\/2006\/11\/dsc_0010.thumbnail.jpg\" \/><\/a><\/p>\n","protected":false},"excerpt":{"rendered":"<div class=\"tmnf_excerpt\"><p>Sch\u00f6nes aus Fulda. Kinder und Jugendliche, die\u00c2\u00a0gegen ungeliebte Pfunde k\u00e4mpfen, k\u00f6nnen an einem neuen Programm teilnehmen, das ab sofort vom Gesundheitsnetz Osthessen (GNO) und der Betriebskrankenkasse Hessen\u00c2\u00a0angeboten wird. Ein Jahr lang werden \u00fcbergewichtige Kinder von Fach\u00e4rzten, Ern\u00e4hrungsberatern und Fitnesstrainern betreut. \u00c2\u00a0 \u00c2\u00a0 \u00c2\u00a0<\/p>\n<\/div>","protected":false},"author":1,"featured_media":0,"comment_status":"closed","ping_status":"closed","sticky":false,"template":"","format":"standard","meta":{"footnotes":""},"categories":[1],"tags":[],"class_list":["post-39","post","type-post","status-publish","format-standard","hentry","category-startseite"],"_links":{"self":[{"href":"https:\/\/www.fuldaernachrichten.de\/index.php?rest_route=\/wp\/v2\/posts\/39","targetHints":{"allow":["GET"]}}],"collection":[{"href":"https:\/\/www.fuldaernachrichten.de\/index.php?rest_route=\/wp\/v2\/posts"}],"about":[{"href":"https:\/\/www.fuldaernachrichten.de\/index.php?rest_route=\/wp\/v2\/types\/post"}],"author":[{"embeddable":true,"href":"https:\/\/www.fuldaernachrichten.de\/index.php?rest_route=\/wp\/v2\/users\/1"}],"replies":[{"embeddable":true,"href":"https:\/\/www.fuldaernachrichten.de\/index.php?rest_route=%2Fwp%2Fv2%2Fcomments&post=39"}],"version-history":[{"count":0,"href":"https:\/\/www.fuldaernachrichten.de\/index.php?rest_route=\/wp\/v2\/posts\/39\/revisions"}],"wp:attachment":[{"href":"https:\/\/www.fuldaernachrichten.de\/index.php?rest_route=%2Fwp%2Fv2%2Fmedia&parent=39"}],"wp:term":[{"taxonomy":"category","embeddable":true,"href":"https:\/\/www.fuldaernachrichten.de\/index.php?rest_route=%2Fwp%2Fv2%2Fcategories&post=39"},{"taxonomy":"post_tag","embeddable":true,"href":"https:\/\/www.fuldaernachrichten.de\/index.php?rest_route=%2Fwp%2Fv2%2Ftags&post=39"}],"curies":[{"name":"wp","href":"https:\/\/api.w.org\/{rel}","templated":true}]}}