{"id":389,"date":"2006-12-17T18:18:59","date_gmt":"2006-12-17T17:18:59","guid":{"rendered":"http:\/\/www.schoene-nachrichten.de\/?p=389"},"modified":"2007-01-09T16:19:05","modified_gmt":"2007-01-09T15:19:05","slug":"morgen-infoveranstaltung-im-klinikum-krankhaftes-ubergewicht-behandeln","status":"publish","type":"post","link":"https:\/\/www.fuldaernachrichten.de\/?p=389","title":{"rendered":"Morgen: Infoveranstaltung im Klinikum &#8211; krankhaftes \u00dcbergewicht behandeln"},"content":{"rendered":"<p><strong>Sch\u00f6nes aus Fulda.<\/strong> Am morgigen Montag, dem 18.12.2006, findet um 19.00 Uhr im H\u00f6rsaal des Klinikums Fulda eine\u00c2\u00a0Veranstaltung der Adipositas-Selbsthilfegruppe statt. Eingeladen sind alle Interessierten, die sich \u00fcber das Problem des \u00dcbergewichts und die daraus resultierenden Folgen informieren wollen.<\/p>\n<p>\u00c2\u00a0<\/p>\n<p><!--more--><\/p>\n<p>Im Rahmen der H\u00f6rsaalveranstaltung wird Dr. med. Reinhard R\u00fcttger, Oberarzt der Klinik f\u00fcr Allgemein- und Viszeralchirurgie und \u00e4rztlicher Betreuer der Selbsthilfegruppe, einen etwa 1-st\u00fcndigen Vortrag \u00fcber den heutigen Stand der Chirurgie zu diesem Thema halten. Anschlie\u00dfend k\u00f6nnen ausreichend Fragen gestellt werden, auch an Mitglieder der Selbsthilfegruppe die bereits operiert worden sind.<\/p>\n","protected":false},"excerpt":{"rendered":"<div class=\"tmnf_excerpt\"><p>Sch\u00f6nes aus Fulda. Am morgigen Montag, dem 18.12.2006, findet um 19.00 Uhr im H\u00f6rsaal des Klinikums Fulda eine\u00c2\u00a0Veranstaltung der Adipositas-Selbsthilfegruppe statt. Eingeladen sind alle Interessierten, die sich \u00fcber das Problem des \u00dcbergewichts und die daraus resultierenden Folgen informieren wollen. \u00c2\u00a0<\/p>\n<\/div>","protected":false},"author":1,"featured_media":0,"comment_status":"closed","ping_status":"closed","sticky":false,"template":"","format":"standard","meta":{"footnotes":""},"categories":[1],"tags":[],"class_list":["post-389","post","type-post","status-publish","format-standard","hentry","category-startseite"],"_links":{"self":[{"href":"https:\/\/www.fuldaernachrichten.de\/index.php?rest_route=\/wp\/v2\/posts\/389","targetHints":{"allow":["GET"]}}],"collection":[{"href":"https:\/\/www.fuldaernachrichten.de\/index.php?rest_route=\/wp\/v2\/posts"}],"about":[{"href":"https:\/\/www.fuldaernachrichten.de\/index.php?rest_route=\/wp\/v2\/types\/post"}],"author":[{"embeddable":true,"href":"https:\/\/www.fuldaernachrichten.de\/index.php?rest_route=\/wp\/v2\/users\/1"}],"replies":[{"embeddable":true,"href":"https:\/\/www.fuldaernachrichten.de\/index.php?rest_route=%2Fwp%2Fv2%2Fcomments&post=389"}],"version-history":[{"count":0,"href":"https:\/\/www.fuldaernachrichten.de\/index.php?rest_route=\/wp\/v2\/posts\/389\/revisions"}],"wp:attachment":[{"href":"https:\/\/www.fuldaernachrichten.de\/index.php?rest_route=%2Fwp%2Fv2%2Fmedia&parent=389"}],"wp:term":[{"taxonomy":"category","embeddable":true,"href":"https:\/\/www.fuldaernachrichten.de\/index.php?rest_route=%2Fwp%2Fv2%2Fcategories&post=389"},{"taxonomy":"post_tag","embeddable":true,"href":"https:\/\/www.fuldaernachrichten.de\/index.php?rest_route=%2Fwp%2Fv2%2Ftags&post=389"}],"curies":[{"name":"wp","href":"https:\/\/api.w.org\/{rel}","templated":true}]}}