{"id":3875,"date":"2007-06-25T23:12:31","date_gmt":"2007-06-25T21:12:31","guid":{"rendered":"http:\/\/www.schoene-nachrichten.de\/?p=3875"},"modified":"2007-06-27T23:15:49","modified_gmt":"2007-06-27T21:15:49","slug":"reisemobilisten-in-der-rhoen-situationsanalyse-vorgestellt","status":"publish","type":"post","link":"https:\/\/www.fuldaernachrichten.de\/?p=3875","title":{"rendered":"Reisemobilisten in der Rh\u00f6n &#8211; Situationsanalyse vorgestellt"},"content":{"rendered":"<p><strong>Urlaub\u00c2\u00a0in der Rh\u00f6n.<\/strong> In einer Kooperation haben die Arbeitsgemeinschaft der Rh\u00f6ner Landkreise, die Rh\u00f6ntouristiker und der Verein Natur- und Lebensraum Rh\u00f6n eine Situationsanalyse &#8220;Reisemobiltourismus Rh\u00f6n&#8221; bei der Firma IRMA in Auftrag gegeben, welche nun der \u00d6ffentlichkeit vorgestellt wurde. Die Referenten Dr. Gerd Peters und J\u00fcrgen Dieckert haben die Angebotsstrukturen f\u00fcr Reisemobilisten in der fr\u00e4nkischen und hessischen Rh\u00f6n analysiert. Dabei kommen sie zu dem Ergebnis, dass die Rh\u00f6n in Teilbereichen gut aufgestellt sei, es aber auch erheblichen Handlungsbedarf gibt.<!--more--><\/p>\n<p>Die Experten gehen von drei Kategorien von Reisemobilstellpl\u00e4tzen aus. Die erste Kategorie nennen die Fachleute die Wohnmobilh\u00e4fen. Dies sind gr\u00f6\u00dfere Anlagen mit einer perfekten Versorgung, welche sich f\u00fcr l\u00e4ngere Aufenthalte eignen. Solche Anlagen wurden in H\u00fcnfeld, Bad K\u00f6nigshofen und Bad Neustadt realisiert. Der Fuldaer Wohnmobilhafen ist aus Sicht der Fachleute erweiterungsbed\u00fcrftig. In gutem Zustand pr\u00e4sentiert sich Bad K\u00f6nigshofen und Bad Neustadt.<\/p>\n<p>In Bezug auf Reisemobilh\u00f6fen wird die M\u00f6glichkeit diskutiert, einen solchen auf der Wasserkuppe zu realisieren. In Anbetracht der bereits heute stattfindenden starken, aber wilden Frequentierung mit Wohnmobilen und dem besonderen Alleinstellungsmerkmal der Wasserkuppe als h\u00f6chster Berg der Rh\u00f6n, und des Segelflugs, scheint er spezielle Anziehungskraft auf Wohnmobilisten auszu\u00fcben. Aus Sicht der Planer ist die Rh\u00f6n hinsichtlich der zweiten und mittleren Kategorie von Wohnmobilstellpl\u00e4tzen gut aufgestellt. Hier konnten rund 25 kleinere Pl\u00e4tze von Ramsthal bis Rasdorf gez\u00e4hlt werden.<\/p>\n<p>Unterrepr\u00e4sentiert sind dagegen\u00c2\u00a0 die Pl\u00e4tze der dritten Kategorie, so genannte Transitpl\u00e4tze. Hier sind die einfachen Stellpl\u00e4tze gemeint, die sich lediglich f\u00fcr eine kurzfristige Verweildauer anbieten. In Frage kommen hier beispielsweise b\u00e4uerliche Direktvermarkter oder auch Gastst\u00e4tten, die dem Wohnmobilisten die Chance der Einkehr und des Einkaufs bieten und im Gegenzug einen kosteng\u00fcnstigen Stellplatz f\u00fcr die \u00dcbernachtung gew\u00e4hren. Hier konnten die Gutachter lediglich\u00c2\u00a0f\u00fcnf Pl\u00e4tze z\u00e4hlen. Gerade in diesem Bereich wird in Anbetracht nicht nennenswerter Investitionskosten ein gro\u00dfer Wachstumsbereich gesehen.<\/p>\n<p>Aus Sicht der Tourismusexperten gilt es nun abzuw\u00e4gen, ob sich die Rh\u00f6n als Reisemobilfreundliche Region weiter etablieren will. Immerhin fahren in Deutschland gegenw\u00e4rtig rund 450.000 Reisemobile. \u00dcber eine Million Menschen wollen auf einen Urlaub im Reisemobil nicht mehr verzichten. Dabei verzeichnet die Branche in den vergangenen Jahren enorme Wachstumsraten. Im letzten Jahr wurden erstmalig mehr Reisemobile als Wohnwagen verkauft.<\/p>\n<p>F\u00fcr das Biosph\u00e4renreservat Rh\u00f6n stellt sich die Situation ambivalent dar. Martin Kremer, Gesch\u00e4ftsf\u00fchrer des Vereins Natur- und Lebensraum Rh\u00f6n, erl\u00e4utert die Situation: \u201eWer mit offenen Augen am Wochenende durch die Rh\u00f6n f\u00e4hrt, sieht, wie viele Wohnmobile unterwegs sind. Wohnmobilisten sind in der Regel auch Wanderer und haben ganz oft ihre Fahrr\u00e4der dabei. Es sind also durchaus umweltbewusste Urlauber, die wir gerne in der Rh\u00f6n haben und die wir ben\u00f6tigen. Allerdings ben\u00f6tigen wir auch Lenkungsmechanismen\u201c.<\/p>\n<p>Roland Frormann, Gesch\u00e4ftsf\u00fchrer Fremdenverkehrsverband Rh\u00f6n, macht deutlich, dass das weitere Vorgehen nun innerhalb der Gremien der Arbeitsgemeinschaft der Rh\u00f6ner Landkreise abgestimmt werden muss. Er w\u00fcnscht sich, dass ein entsprechendes weiterf\u00fchrendes l\u00e4nder\u00fcbergreifende Projekt umgesetzt wird.<\/p>\n","protected":false},"excerpt":{"rendered":"<div class=\"tmnf_excerpt\"><p>Urlaub\u00c2\u00a0in der Rh\u00f6n. In einer Kooperation haben die Arbeitsgemeinschaft der Rh\u00f6ner Landkreise, die Rh\u00f6ntouristiker und der Verein Natur- und Lebensraum Rh\u00f6n eine Situationsanalyse &#8220;Reisemobiltourismus Rh\u00f6n&#8221; bei der Firma IRMA in Auftrag gegeben, welche nun der \u00d6ffentlichkeit vorgestellt wurde. Die Referenten Dr. Gerd Peters und J\u00fcrgen Dieckert haben die Angebotsstrukturen f\u00fcr Reisemobilisten in der fr\u00e4nkischen und &hellip;<\/p>\n<\/div>","protected":false},"author":1,"featured_media":0,"comment_status":"closed","ping_status":"closed","sticky":false,"template":"","format":"standard","meta":{"footnotes":""},"categories":[1,44,52],"tags":[],"class_list":["post-3875","post","type-post","status-publish","format-standard","hentry","category-startseite","category-kultur","category-umwelt"],"_links":{"self":[{"href":"https:\/\/www.fuldaernachrichten.de\/index.php?rest_route=\/wp\/v2\/posts\/3875","targetHints":{"allow":["GET"]}}],"collection":[{"href":"https:\/\/www.fuldaernachrichten.de\/index.php?rest_route=\/wp\/v2\/posts"}],"about":[{"href":"https:\/\/www.fuldaernachrichten.de\/index.php?rest_route=\/wp\/v2\/types\/post"}],"author":[{"embeddable":true,"href":"https:\/\/www.fuldaernachrichten.de\/index.php?rest_route=\/wp\/v2\/users\/1"}],"replies":[{"embeddable":true,"href":"https:\/\/www.fuldaernachrichten.de\/index.php?rest_route=%2Fwp%2Fv2%2Fcomments&post=3875"}],"version-history":[{"count":0,"href":"https:\/\/www.fuldaernachrichten.de\/index.php?rest_route=\/wp\/v2\/posts\/3875\/revisions"}],"wp:attachment":[{"href":"https:\/\/www.fuldaernachrichten.de\/index.php?rest_route=%2Fwp%2Fv2%2Fmedia&parent=3875"}],"wp:term":[{"taxonomy":"category","embeddable":true,"href":"https:\/\/www.fuldaernachrichten.de\/index.php?rest_route=%2Fwp%2Fv2%2Fcategories&post=3875"},{"taxonomy":"post_tag","embeddable":true,"href":"https:\/\/www.fuldaernachrichten.de\/index.php?rest_route=%2Fwp%2Fv2%2Ftags&post=3875"}],"curies":[{"name":"wp","href":"https:\/\/api.w.org\/{rel}","templated":true}]}}