{"id":3874,"date":"2007-06-25T12:35:43","date_gmt":"2007-06-25T10:35:43","guid":{"rendered":"http:\/\/www.schoene-nachrichten.de\/?p=3874"},"modified":"2007-06-25T23:29:57","modified_gmt":"2007-06-25T21:29:57","slug":"hochkaraetig-besetzt-schwach-besucht-1-energieforum-der-spd-flieden","status":"publish","type":"post","link":"https:\/\/www.fuldaernachrichten.de\/?p=3874","title":{"rendered":"Hochkar\u00e4tig besetzt, schwach besucht &#8211; 1. Energieforum der SPD-Flieden"},"content":{"rendered":"<p><strong>Flieden.<\/strong> Die seit geraumer Zeit laufenden \u00f6ffentlichen Diskussionen um den drohenden Klimawandel waren Anlass f\u00fcr Fliedens Sozialdemokraten, am vergangenen Wochenende eine Informationsveranstaltung \u00fcber alternative Heizanlagen anzubieten und Einsparm\u00f6glichkeiten nebst g\u00fcnstiger Finanzierung aufzuzeigen.<\/p>\n<p><strong>Fotos (3):<\/strong> SPD Flieden<\/p>\n<p><a target=\"_blank\" rel=\"lightbox[roadtrip]\" href=\"http:\/\/www.schoene-nachrichten.de\/wp-content\/uploads\/2007\/06\/070626_spd_02.jpg\" title=\"070626_spd_02.jpg\"><img decoding=\"async\" src=\"http:\/\/www.schoene-nachrichten.de\/wp-content\/uploads\/2007\/06\/070626_spd_02.thumbnail.jpg\" alt=\"070626_spd_02.jpg\" \/><\/a>\u00c2\u00a0<a target=\"_blank\" rel=\"lightbox[roadtrip]\" href=\"http:\/\/www.schoene-nachrichten.de\/wp-content\/uploads\/2007\/06\/070626_spd_01.jpg\" title=\"070626_spd_01.jpg\"><img decoding=\"async\" src=\"http:\/\/www.schoene-nachrichten.de\/wp-content\/uploads\/2007\/06\/070626_spd_01.thumbnail.jpg\" alt=\"070626_spd_01.jpg\" \/><\/a>\u00c2\u00a0<a target=\"_blank\" rel=\"lightbox[roadtrip]\" href=\"http:\/\/www.schoene-nachrichten.de\/wp-content\/uploads\/2007\/06\/070626_spd_03.jpg\" title=\"070626_spd_03.jpg\"><img decoding=\"async\" src=\"http:\/\/www.schoene-nachrichten.de\/wp-content\/uploads\/2007\/06\/070626_spd_03.thumbnail.jpg\" alt=\"070626_spd_03.jpg\" \/><\/a><\/p>\n<p><!--more-->Architekt Ralf Riesmeier vom Architekturb\u00fcro Hornschuh und Riesmeier, Ilmenau, begann die Vortragsreihe mit Beispielen energiesparender Bauprojekte.Sein Studienkollege und Mitinitiator, der heimische Architekt Guido G\u00e4rtner,<br \/>\naus Flieden-R\u00fcckers, zeigte mit den an seinem Elternhaus durchgef\u00fchrten Energiesparma\u00dfnahmen auf, dass dies auch und gerade beim Umbau und der Sanierung von Altbauten sehr gut m\u00f6glich ist.<\/p>\n<p>Herr Kolb vom Fachbetrieb f\u00fcr Energie- und Umwelttechnik, Kolb &amp; M\u00fcller, Schl\u00fcchtern-Elm, informierte \u00fcber die Nutzung der Sonnenenergie zur Gewinnung von Strom und Warmwasser. Dipl.-Ing. Walter M\u00fcller von der \u00dcberlandwerk Fulda Aktiengesellschaft (\u00dcWAG),\u00c2\u00a0 erl\u00e4uterte die M\u00f6glichkeiten zum Heizung (und zur K\u00fchlung) mit Erdw\u00e4rme und aus der Umluft. Dabei seien Erdsonden, Fl\u00e4chenw\u00e4rmetauscher und Luftw\u00e4rmetauscher, je nach \u00f6rtlichen Gegebenheiten und finanziellen M\u00f6glichkeiten ann\u00e4hernd gleich effizient.<\/p>\n<p>Den Abschluss machte Andreas Friedrich, der \u00f6rtliche Filialleiter der Sparkasse Fulda, der \u00fcber die verschiedenen Finanzierungs- und Zuschussm\u00f6glichkeiten sprach, die auch von der \u00f6rtlichen Raiffeisenbank Flieden eG, angeboten werden.<\/p>\n<p>Der schwache Besuch des mit hochqualifizierten und motivierten\u00c2\u00a0 Referenten besetzten 1. Energieforums der Fliedener SPD warf bei den Organisatoren jedoch die Frage auf, ob sich breite Teile der Bev\u00f6lkerung \u00fcber die Gefahr eines weiterhin ungebremsten Verbrauchs von fossilen Brennstoffen, wie Erd\u00f6l, Kohle und Gas zur Energiegewinnung, insbesondere f\u00fcr Heizzwecke, \u00fcberhaupt bewusst sind.<\/p>\n","protected":false},"excerpt":{"rendered":"<div class=\"tmnf_excerpt\"><p>Flieden. Die seit geraumer Zeit laufenden \u00f6ffentlichen Diskussionen um den drohenden Klimawandel waren Anlass f\u00fcr Fliedens Sozialdemokraten, am vergangenen Wochenende eine Informationsveranstaltung \u00fcber alternative Heizanlagen anzubieten und Einsparm\u00f6glichkeiten nebst g\u00fcnstiger Finanzierung aufzuzeigen. Fotos (3): SPD Flieden \u00c2\u00a0\u00c2\u00a0<\/p>\n<\/div>","protected":false},"author":1,"featured_media":0,"comment_status":"closed","ping_status":"closed","sticky":false,"template":"","format":"standard","meta":{"footnotes":""},"categories":[1,29,52],"tags":[],"class_list":["post-3874","post","type-post","status-publish","format-standard","hentry","category-startseite","category-politik","category-umwelt"],"_links":{"self":[{"href":"https:\/\/www.fuldaernachrichten.de\/index.php?rest_route=\/wp\/v2\/posts\/3874","targetHints":{"allow":["GET"]}}],"collection":[{"href":"https:\/\/www.fuldaernachrichten.de\/index.php?rest_route=\/wp\/v2\/posts"}],"about":[{"href":"https:\/\/www.fuldaernachrichten.de\/index.php?rest_route=\/wp\/v2\/types\/post"}],"author":[{"embeddable":true,"href":"https:\/\/www.fuldaernachrichten.de\/index.php?rest_route=\/wp\/v2\/users\/1"}],"replies":[{"embeddable":true,"href":"https:\/\/www.fuldaernachrichten.de\/index.php?rest_route=%2Fwp%2Fv2%2Fcomments&post=3874"}],"version-history":[{"count":0,"href":"https:\/\/www.fuldaernachrichten.de\/index.php?rest_route=\/wp\/v2\/posts\/3874\/revisions"}],"wp:attachment":[{"href":"https:\/\/www.fuldaernachrichten.de\/index.php?rest_route=%2Fwp%2Fv2%2Fmedia&parent=3874"}],"wp:term":[{"taxonomy":"category","embeddable":true,"href":"https:\/\/www.fuldaernachrichten.de\/index.php?rest_route=%2Fwp%2Fv2%2Fcategories&post=3874"},{"taxonomy":"post_tag","embeddable":true,"href":"https:\/\/www.fuldaernachrichten.de\/index.php?rest_route=%2Fwp%2Fv2%2Ftags&post=3874"}],"curies":[{"name":"wp","href":"https:\/\/api.w.org\/{rel}","templated":true}]}}