{"id":3868,"date":"2007-06-26T00:25:17","date_gmt":"2007-06-25T22:25:17","guid":{"rendered":"http:\/\/www.schoene-nachrichten.de\/?p=3868"},"modified":"2007-06-26T00:25:59","modified_gmt":"2007-06-25T22:25:59","slug":"fuldaer-integrationsstiftung-unterstuetzt-menschen-mit-behinderung","status":"publish","type":"post","link":"https:\/\/www.fuldaernachrichten.de\/?p=3868","title":{"rendered":"Fuldaer Integrationsstiftung unterst\u00fctzt Menschen mit Behinderung"},"content":{"rendered":"<p><strong><a rel=\"lightbox[roadtrip]\" target=\"_blank\" href=\"http:\/\/www.schoene-nachrichten.de\/wp-content\/uploads\/2007\/06\/070625_fis.jpg\" title=\"070625_fis.jpg\"><img decoding=\"async\" align=\"left\" src=\"http:\/\/www.schoene-nachrichten.de\/wp-content\/uploads\/2007\/06\/070625_fis.thumbnail.jpg\" hspace=\"5\" alt=\"070625_fis.jpg\" \/><\/a>Sch\u00f6nes aus Fulda.<\/strong> Im vergangenen Jahr wurde die Fuldaer Integrationsstiftung\u00c2\u00a0 (FIS) f\u00fcr ihre Arbeit in der sozialen Behinderten- und Jugendarbeit von der Hessischen Landesregierung als Stiftung des Monats April ausgezeichnet. Die Stiftung engagiert sich aktiv f\u00fcr die Integration von Menschen mit Handicaps. Auf dem Hessischen Stiftertag, der am 1. Oktober im Kurhaus in Wiesbaden stattfindet, will sich die FIS mit anderen Preistr\u00e4gern pr\u00e4sentieren und versuchen, den Sonderpreis der Hessischen Landesregierung f\u00fcr das Jahr 2006 zu erringen.<!--more--><\/p>\n<p>\u201eDie Auszeichnung der Hessischen Landesregierung, die <a target=\"_blank\" href=\"http:\/\/www.fis-fulda.de\/\">Fuldaer Integrations-Stiftung FIS <\/a>als Stiftung des Monats April 2006 auszuw\u00e4hlen, hat uns riesig gefreut und gleichzeitig Auftrieb gegeben, die Bem\u00fchungen, Menschen mit Behinderung wirksam zu helfen, voranzutreiben\u201c, sagt Helmut Blum, Vorsitzender der Stiftung vor den Stiftungsbeiratsmitgliedern.<\/p>\n<p>Die Stiftung setzt sich f\u00fcr Menschen mit Behinderungen f\u00fcr Kinder, Jugendliche und Erwachsene ein. Dazu geh\u00f6rt auch, die Angeh\u00f6rigen dieser Menschen in Notlagen zu unterst\u00fctzen.<\/p>\n<p>So konnte einer Familie mit einem leuk\u00e4miekranken Kind bei der Anschaffung der Halterung f\u00fcr die Infusionsflasche, beim familienunterst\u00fctzenden Dienst sowie Assistenz im t\u00e4glichen Leben Hilfe gew\u00e4hrt werden. Diese Hilfen seien aber nur m\u00f6glich gewesen, da viele Mitmenschen und Firmen mit einer Spende erheblich dazu beigetragen h\u00e4tten.<\/p>\n<p>Die FIS will zuk\u00fcnftig das Projekt \u201eArche Noah\u201c in Bimbach unterst\u00fctzen. Ferner soll ein Ordner mit Informationen \u00fcber Pflege, Hilfen f\u00fcr Menschen mit Behinderung, Erbrecht sowie Patientenverf\u00fcgung zusammengestellt und fortlaufend aktualisiert werden<\/p>\n<p>Hierzu berichtete Vorstandsmitglied Edith Becker, dass auch au\u00dferhalb des Internets ein Bedarf bestehe. Abschlie\u00dfend teilte Helmut Blum mit, dass bei dem Deutschen Spendenrat in Berlin das Spendensiegel beantragt worden sei und man sich somit verpflichte, die aufgestellten Regeln des Spendenrates einzuhalten.<\/p>\n","protected":false},"excerpt":{"rendered":"<div class=\"tmnf_excerpt\"><p>Sch\u00f6nes aus Fulda. Im vergangenen Jahr wurde die Fuldaer Integrationsstiftung\u00c2\u00a0 (FIS) f\u00fcr ihre Arbeit in der sozialen Behinderten- und Jugendarbeit von der Hessischen Landesregierung als Stiftung des Monats April ausgezeichnet. Die Stiftung engagiert sich aktiv f\u00fcr die Integration von Menschen mit Handicaps. Auf dem Hessischen Stiftertag, der am 1. Oktober im Kurhaus in Wiesbaden stattfindet, &hellip;<\/p>\n<\/div>","protected":false},"author":1,"featured_media":0,"comment_status":"closed","ping_status":"closed","sticky":false,"template":"","format":"standard","meta":{"footnotes":""},"categories":[1],"tags":[],"class_list":["post-3868","post","type-post","status-publish","format-standard","hentry","category-startseite"],"_links":{"self":[{"href":"https:\/\/www.fuldaernachrichten.de\/index.php?rest_route=\/wp\/v2\/posts\/3868","targetHints":{"allow":["GET"]}}],"collection":[{"href":"https:\/\/www.fuldaernachrichten.de\/index.php?rest_route=\/wp\/v2\/posts"}],"about":[{"href":"https:\/\/www.fuldaernachrichten.de\/index.php?rest_route=\/wp\/v2\/types\/post"}],"author":[{"embeddable":true,"href":"https:\/\/www.fuldaernachrichten.de\/index.php?rest_route=\/wp\/v2\/users\/1"}],"replies":[{"embeddable":true,"href":"https:\/\/www.fuldaernachrichten.de\/index.php?rest_route=%2Fwp%2Fv2%2Fcomments&post=3868"}],"version-history":[{"count":0,"href":"https:\/\/www.fuldaernachrichten.de\/index.php?rest_route=\/wp\/v2\/posts\/3868\/revisions"}],"wp:attachment":[{"href":"https:\/\/www.fuldaernachrichten.de\/index.php?rest_route=%2Fwp%2Fv2%2Fmedia&parent=3868"}],"wp:term":[{"taxonomy":"category","embeddable":true,"href":"https:\/\/www.fuldaernachrichten.de\/index.php?rest_route=%2Fwp%2Fv2%2Fcategories&post=3868"},{"taxonomy":"post_tag","embeddable":true,"href":"https:\/\/www.fuldaernachrichten.de\/index.php?rest_route=%2Fwp%2Fv2%2Ftags&post=3868"}],"curies":[{"name":"wp","href":"https:\/\/api.w.org\/{rel}","templated":true}]}}