{"id":3865,"date":"2007-06-26T00:06:41","date_gmt":"2007-06-25T22:06:41","guid":{"rendered":"http:\/\/www.schoene-nachrichten.de\/?p=3865"},"modified":"2007-06-26T00:06:58","modified_gmt":"2007-06-25T22:06:58","slug":"buergermeister-hohmann-ueberreicht-gemeindepokal","status":"publish","type":"post","link":"https:\/\/www.fuldaernachrichten.de\/?p=3865","title":{"rendered":"B\u00fcrgermeister Hohmann \u00fcberreicht Gemeindepokal"},"content":{"rendered":"<p><strong><a rel=\"lightbox[roadtrip]\" target=\"_blank\" href=\"http:\/\/www.schoene-nachrichten.de\/wp-content\/uploads\/2007\/06\/070625_gemeindepokal.jpg\" title=\"070625_gemeindepokal.jpg\"><img decoding=\"async\" align=\"left\" src=\"http:\/\/www.schoene-nachrichten.de\/wp-content\/uploads\/2007\/06\/070625_gemeindepokal.thumbnail.jpg\" hspace=\"5\" alt=\"070625_gemeindepokal.jpg\" \/><\/a>Sch\u00f6nes aus Burghaun.<\/strong> Anl\u00e4sslich des 85\u2013j\u00e4hrigen Bestehens des Sportvereins Rot Wei\u00df Burghaun \u00fcberreichte B\u00fcrgermeister Alexander Hohmann k\u00fcrzlich dem Sieger aus Steinbach den Gemeindepokal. Hohmann gratulierte dem SV Steinbach und w\u00fcnschte der Siegermannschaft viel Erfolg f\u00fcr die zuk\u00fcnftige Saison.<!--more--><\/p>\n<p>Der SV Steinbach setzte sich mit 5:1 gegen die neu formierte Spielgemeinschaft aus Rothenkirchen\/Kiebitzgrund durch und besiegte Rot Wei\u00df Burghaun mit 6:1. Das Spiel zwischen Rothenkirchen\/Kiebitzgrund und Burghaun konnte die Spielgemeinschaft mit 2:1 gewinnen.<\/p>\n<p>Im Rahmen des Festkommerses lobte B\u00fcrgermeister Hohmann dem SV Rot Wei\u00df Burghaun und dessen 1. Vorsitzenden Alfred Schwallbach f\u00fcr die gute und faire Zusammenarbeit mit der Gemeinde. Weiterhin dankte er dem Vorstandsteam f\u00fcr das gezeigte Engagement in Form von sozialer Verantwortung, die der Verein \u00fcbernimmt.<\/p>\n<p>Teamgeist und Verantwortung innerhalb einer Mannschaft seien wichtige und pr\u00e4gende Kompetenzen, die durch den Sport jungen Menschen nahegebracht w\u00fcrden. Bestes Beispiel hierf\u00fcr sei der Meisterschaftstitel der A-Jugend des SV Rot Wei\u00df Burghaun, so Hohmann. Als Anerkennung f\u00fcr diesen Titel \u00fcbergab er stellvertretend dem Betreuer Detlef B\u00f6nigk einen Scheck zur Unterst\u00fctzung der sportlichen Arbeit.<\/p>\n","protected":false},"excerpt":{"rendered":"<div class=\"tmnf_excerpt\"><p>Sch\u00f6nes aus Burghaun. Anl\u00e4sslich des 85\u2013j\u00e4hrigen Bestehens des Sportvereins Rot Wei\u00df Burghaun \u00fcberreichte B\u00fcrgermeister Alexander Hohmann k\u00fcrzlich dem Sieger aus Steinbach den Gemeindepokal. Hohmann gratulierte dem SV Steinbach und w\u00fcnschte der Siegermannschaft viel Erfolg f\u00fcr die zuk\u00fcnftige Saison.<\/p>\n<\/div>","protected":false},"author":1,"featured_media":0,"comment_status":"closed","ping_status":"closed","sticky":false,"template":"","format":"standard","meta":{"footnotes":""},"categories":[1,46],"tags":[],"class_list":["post-3865","post","type-post","status-publish","format-standard","hentry","category-startseite","category-sport"],"_links":{"self":[{"href":"https:\/\/www.fuldaernachrichten.de\/index.php?rest_route=\/wp\/v2\/posts\/3865","targetHints":{"allow":["GET"]}}],"collection":[{"href":"https:\/\/www.fuldaernachrichten.de\/index.php?rest_route=\/wp\/v2\/posts"}],"about":[{"href":"https:\/\/www.fuldaernachrichten.de\/index.php?rest_route=\/wp\/v2\/types\/post"}],"author":[{"embeddable":true,"href":"https:\/\/www.fuldaernachrichten.de\/index.php?rest_route=\/wp\/v2\/users\/1"}],"replies":[{"embeddable":true,"href":"https:\/\/www.fuldaernachrichten.de\/index.php?rest_route=%2Fwp%2Fv2%2Fcomments&post=3865"}],"version-history":[{"count":0,"href":"https:\/\/www.fuldaernachrichten.de\/index.php?rest_route=\/wp\/v2\/posts\/3865\/revisions"}],"wp:attachment":[{"href":"https:\/\/www.fuldaernachrichten.de\/index.php?rest_route=%2Fwp%2Fv2%2Fmedia&parent=3865"}],"wp:term":[{"taxonomy":"category","embeddable":true,"href":"https:\/\/www.fuldaernachrichten.de\/index.php?rest_route=%2Fwp%2Fv2%2Fcategories&post=3865"},{"taxonomy":"post_tag","embeddable":true,"href":"https:\/\/www.fuldaernachrichten.de\/index.php?rest_route=%2Fwp%2Fv2%2Ftags&post=3865"}],"curies":[{"name":"wp","href":"https:\/\/api.w.org\/{rel}","templated":true}]}}