{"id":3858,"date":"2007-06-25T23:14:44","date_gmt":"2007-06-25T21:14:44","guid":{"rendered":"http:\/\/www.schoene-nachrichten.de\/?p=3858"},"modified":"2007-06-25T23:14:44","modified_gmt":"2007-06-25T21:14:44","slug":"435500-euro-fuer-strassenausbau-und-gehweg","status":"publish","type":"post","link":"https:\/\/www.fuldaernachrichten.de\/?p=3858","title":{"rendered":"435.500 Euro f\u00fcr Stra\u00dfenausbau und Gehweg"},"content":{"rendered":"<p><strong>Sch\u00f6nes aus Fulda und H\u00fcnfeld.<\/strong> F\u00fcr den Ausbau der Kreisstra\u00dfe 122 in H\u00fcnfeld-Gro\u00dfenbach erhalten der Landkreis Fulda und die Stadt H\u00fcnfeld insgesamt 435.500 Euro. Davon erh\u00e4lt der Landkreis 294.700 Euro als Baulasttr\u00e4ger der Kreisstra\u00dfe und die Kommune 140.800 Euro f\u00fcr die Herstellung eines Gehweges. Die Gesamtkosten der Ma\u00dfnahme betragen rund 765.000 Euro. Die Mittel stammen aus der Verkehrsinfrastrukturf\u00f6rderung des Landes. Dies teilte Verkehrsminister Alois Rhiel heute in Wiesbaden mit.<!--more--><\/p>\n<p>Die K 122, die in der Stadt H\u00fcnfeld beginnt, f\u00fchrt \u00fcber den Stadtteil Gro\u00dfenbach zum Ortsteil Haselstein der Gemeinde N\u00fcsttal. Rhiel: \u201eIm Bereich der Ortslage in Gro\u00dfenbach hat sich der Zustand der Fahrbahn in den letzten Jahren stark verschlechtert. Setzungen und Risse beeintr\u00e4chtigen die Verkehrssicherheit und machen einen Ausbau dringend erforderlich. Deshalb plant der Landkreis eine grundhafte Erneuerung der Kreisstra\u00dfe\u201c.<\/p>\n<p>Die Stra\u00dfe wird auf einer L\u00e4nge von rund 500 Metern ausgebaut. Die neue Breite betr\u00e4gt 5,50 Meter, die Fahrbahndecke wird frostsicher hergestellt. In engen Kurvenbereichen wird die Fahrbahn aufgeweitet, damit auch Begegnungsverkehr mit Lastkraftwagen gefahrlos m\u00f6glich ist.<\/p>\n<p>Bereits vor einigen Jahren wurde mit Landesmitteln auf der Nordseite der Stra\u00dfe ein Gehweg gebaut, der in H\u00f6he des Friedhofes am Ortsausgang endet. Um zu den nahegelegenen Sportanlagen zu gelangen, m\u00fcssen Fu\u00dfg\u00e4nger bislang am Fahrbahnrand entlang gehen. In dem mit hoher Geschwindigkeit befahrenen Bereich, stellt dies eine besondere Gef\u00e4hrdung besonders f\u00fcr Kinder dar. Die Stadt H\u00fcnfeld wird deshalb auf diesem Abschnitt einen neuen rund 2,50 Meter breiten Gehweg herstellen.<\/p>\n<p>Zur Neugestaltung des Ortseingangsbereiches geh\u00f6rt auch die Neuanpflanzung einer Baumreihe. Mit dem Bau soll voraussichtlich im Juli 2007 begonnen werden. Die Fertigstellung der Ma\u00dfnahme ist f\u00fcr Dezember 2007 geplant.<\/p>\n","protected":false},"excerpt":{"rendered":"<div class=\"tmnf_excerpt\"><p>Sch\u00f6nes aus Fulda und H\u00fcnfeld. F\u00fcr den Ausbau der Kreisstra\u00dfe 122 in H\u00fcnfeld-Gro\u00dfenbach erhalten der Landkreis Fulda und die Stadt H\u00fcnfeld insgesamt 435.500 Euro. Davon erh\u00e4lt der Landkreis 294.700 Euro als Baulasttr\u00e4ger der Kreisstra\u00dfe und die Kommune 140.800 Euro f\u00fcr die Herstellung eines Gehweges. Die Gesamtkosten der Ma\u00dfnahme betragen rund 765.000 Euro. Die Mittel stammen &hellip;<\/p>\n<\/div>","protected":false},"author":1,"featured_media":0,"comment_status":"closed","ping_status":"closed","sticky":false,"template":"","format":"standard","meta":{"footnotes":""},"categories":[1,35,29],"tags":[],"class_list":["post-3858","post","type-post","status-publish","format-standard","hentry","category-startseite","category-auto","category-politik"],"_links":{"self":[{"href":"https:\/\/www.fuldaernachrichten.de\/index.php?rest_route=\/wp\/v2\/posts\/3858","targetHints":{"allow":["GET"]}}],"collection":[{"href":"https:\/\/www.fuldaernachrichten.de\/index.php?rest_route=\/wp\/v2\/posts"}],"about":[{"href":"https:\/\/www.fuldaernachrichten.de\/index.php?rest_route=\/wp\/v2\/types\/post"}],"author":[{"embeddable":true,"href":"https:\/\/www.fuldaernachrichten.de\/index.php?rest_route=\/wp\/v2\/users\/1"}],"replies":[{"embeddable":true,"href":"https:\/\/www.fuldaernachrichten.de\/index.php?rest_route=%2Fwp%2Fv2%2Fcomments&post=3858"}],"version-history":[{"count":0,"href":"https:\/\/www.fuldaernachrichten.de\/index.php?rest_route=\/wp\/v2\/posts\/3858\/revisions"}],"wp:attachment":[{"href":"https:\/\/www.fuldaernachrichten.de\/index.php?rest_route=%2Fwp%2Fv2%2Fmedia&parent=3858"}],"wp:term":[{"taxonomy":"category","embeddable":true,"href":"https:\/\/www.fuldaernachrichten.de\/index.php?rest_route=%2Fwp%2Fv2%2Fcategories&post=3858"},{"taxonomy":"post_tag","embeddable":true,"href":"https:\/\/www.fuldaernachrichten.de\/index.php?rest_route=%2Fwp%2Fv2%2Ftags&post=3858"}],"curies":[{"name":"wp","href":"https:\/\/api.w.org\/{rel}","templated":true}]}}