{"id":3833,"date":"2007-06-25T00:10:12","date_gmt":"2007-06-24T22:10:12","guid":{"rendered":"http:\/\/www.schoene-nachrichten.de\/?p=3833"},"modified":"2007-06-25T00:10:29","modified_gmt":"2007-06-24T22:10:29","slug":"50-000-besucher-sahen-die-documenta-in-der-ersten-woche","status":"publish","type":"post","link":"https:\/\/www.fuldaernachrichten.de\/?p=3833","title":{"rendered":"50 000 Besucher sahen die documenta in der ersten Woche"},"content":{"rendered":"<p><strong>Sch\u00f6nes aus Kassel.<\/strong> Rund 50 000 Besucher haben in der ersten Woche seit Ausstellungser\u00f6ffnung die documenta in Kassel besucht. Damit sei das Besucherinteresse im Vergleich zum Vorjahr leicht gestiegen, sagte documenta-Sprecherin Catrin Seefranz am Sonntag. Besonders erfreut seien die Veranstalter \u00fcber den wachsenden Trend zu Dauerkarten. Die documenta 12 l\u00e4uft bis 23. September. Zu sehen sind rund 530 Arbeiten von 113 K\u00fcnstlern und K\u00fcnstlergruppen aus aller Welt. Mindestens 650 000 Besucher &#8211; so viele waren es bei der Vorg\u00e4ngerschau im Jahr 2002 &#8211; werden erwartet.<\/p>\n","protected":false},"excerpt":{"rendered":"<div class=\"tmnf_excerpt\"><p>Sch\u00f6nes aus Kassel. Rund 50 000 Besucher haben in der ersten Woche seit Ausstellungser\u00f6ffnung die documenta in Kassel besucht. Damit sei das Besucherinteresse im Vergleich zum Vorjahr leicht gestiegen, sagte documenta-Sprecherin Catrin Seefranz am Sonntag. Besonders erfreut seien die Veranstalter \u00fcber den wachsenden Trend zu Dauerkarten. Die documenta 12 l\u00e4uft bis 23. September. Zu sehen &hellip;<\/p>\n<\/div>","protected":false},"author":1,"featured_media":0,"comment_status":"closed","ping_status":"closed","sticky":false,"template":"","format":"standard","meta":{"footnotes":""},"categories":[1,44],"tags":[],"class_list":["post-3833","post","type-post","status-publish","format-standard","hentry","category-startseite","category-kultur"],"_links":{"self":[{"href":"https:\/\/www.fuldaernachrichten.de\/index.php?rest_route=\/wp\/v2\/posts\/3833","targetHints":{"allow":["GET"]}}],"collection":[{"href":"https:\/\/www.fuldaernachrichten.de\/index.php?rest_route=\/wp\/v2\/posts"}],"about":[{"href":"https:\/\/www.fuldaernachrichten.de\/index.php?rest_route=\/wp\/v2\/types\/post"}],"author":[{"embeddable":true,"href":"https:\/\/www.fuldaernachrichten.de\/index.php?rest_route=\/wp\/v2\/users\/1"}],"replies":[{"embeddable":true,"href":"https:\/\/www.fuldaernachrichten.de\/index.php?rest_route=%2Fwp%2Fv2%2Fcomments&post=3833"}],"version-history":[{"count":0,"href":"https:\/\/www.fuldaernachrichten.de\/index.php?rest_route=\/wp\/v2\/posts\/3833\/revisions"}],"wp:attachment":[{"href":"https:\/\/www.fuldaernachrichten.de\/index.php?rest_route=%2Fwp%2Fv2%2Fmedia&parent=3833"}],"wp:term":[{"taxonomy":"category","embeddable":true,"href":"https:\/\/www.fuldaernachrichten.de\/index.php?rest_route=%2Fwp%2Fv2%2Fcategories&post=3833"},{"taxonomy":"post_tag","embeddable":true,"href":"https:\/\/www.fuldaernachrichten.de\/index.php?rest_route=%2Fwp%2Fv2%2Ftags&post=3833"}],"curies":[{"name":"wp","href":"https:\/\/api.w.org\/{rel}","templated":true}]}}