{"id":3825,"date":"2007-06-24T02:10:37","date_gmt":"2007-06-24T00:10:37","guid":{"rendered":"http:\/\/www.schoene-nachrichten.de\/?p=3825"},"modified":"2007-06-24T19:38:41","modified_gmt":"2007-06-24T17:38:41","slug":"der-erste-deutsche-koenig-verbindet-hessen-und-bayern","status":"publish","type":"post","link":"https:\/\/www.fuldaernachrichten.de\/?p=3825","title":{"rendered":"Der erste deutsche K\u00f6nig verbindet Hessen und Bayern"},"content":{"rendered":"<p><strong>Sch\u00f6nes aus Weilburg.<\/strong> In Weilburg ist man stolz auf ihn. Denn hoch \u00fcber der Lahn, in der damaligen Wilinaburg, wurde er geboren: Konrad der J\u00fcngere. Sp\u00e4ter folgte er seinem Vater im Amt des Herzogs von Franken. Dann w\u00e4hlten ihn die Gro\u00dfen aus Sachsen, Franken, Bayern und Schwaben zum K\u00f6nig Konrad I. \u2013 und zwar in der Pfalz zu Forchheim, im heutigen Bayern. Seine ewige Ruhe fand der Herrscher in der Kirche des Reichsklosters Fulda.<\/p>\n<p><strong>Fotos (78):<\/strong> Max Colin Heydenreich<\/p>\n<p><a rel=\"lightbox[roadtrip]\" target=\"_blank\" href=\"http:\/\/www.schoene-nachrichten.de\/wp-content\/uploads\/2007\/06\/070624_Weilburg_67.jpg\" title=\"Foto: Max Colin Heydenreich\"><img decoding=\"async\" width=\"128\" src=\"http:\/\/www.schoene-nachrichten.de\/wp-content\/uploads\/2007\/06\/070624_Weilburg_67.thumbnail.jpg\" alt=\"070624_Weilburg_67.jpg\" \/><\/a>\u00c2\u00a0<a rel=\"lightbox[roadtrip]\" target=\"_blank\" href=\"http:\/\/www.schoene-nachrichten.de\/wp-content\/uploads\/2007\/06\/070624_Weilburg_16.jpg\" title=\"Foto: Max Colin Heydenreich\"><img decoding=\"async\" width=\"128\" src=\"http:\/\/www.schoene-nachrichten.de\/wp-content\/uploads\/2007\/06\/070624_Weilburg_16.thumbnail.jpg\" alt=\"070624_Weilburg_16.jpg\" \/><\/a> <a rel=\"lightbox[roadtrip]\" target=\"_blank\" href=\"http:\/\/www.schoene-nachrichten.de\/wp-content\/uploads\/2007\/06\/070624_Weilburg_32.jpg\" title=\"Foto: Max Colin Heydenreich\"><img decoding=\"async\" width=\"128\" src=\"http:\/\/www.schoene-nachrichten.de\/wp-content\/uploads\/2007\/06\/070624_Weilburg_32.thumbnail.jpg\" alt=\"070624_Weilburg_32.jpg\" \/><\/a><\/p>\n<p><a rel=\"lightbox[roadtrip]\" target=\"_blank\" href=\"http:\/\/www.schoene-nachrichten.de\/wp-content\/uploads\/2007\/06\/070624_Weilburg_34.jpg\" title=\"Foto: Max Colin Heydenreich\"><img decoding=\"async\" width=\"128\" src=\"http:\/\/www.schoene-nachrichten.de\/wp-content\/uploads\/2007\/06\/070624_Weilburg_34.thumbnail.jpg\" alt=\"070624_Weilburg_34.jpg\" \/><\/a>\u00c2\u00a0<a rel=\"lightbox[roadtrip]\" target=\"_blank\" href=\"http:\/\/www.schoene-nachrichten.de\/wp-content\/uploads\/2007\/06\/070624_Weilburg_06.jpg\" title=\"Foto: Max Colin Heydenreich\"><img decoding=\"async\" width=\"128\" src=\"http:\/\/www.schoene-nachrichten.de\/wp-content\/uploads\/2007\/06\/070624_Weilburg_06.thumbnail.jpg\" alt=\"070624_Weilburg_06.jpg\" \/><\/a>\u00c2\u00a0<a rel=\"lightbox[roadtrip]\" target=\"_blank\" href=\"http:\/\/www.schoene-nachrichten.de\/wp-content\/uploads\/2007\/06\/070624_Weilburg_52.jpg\" title=\"Foto: Max Colin Heydenreich\"><img decoding=\"async\" width=\"128\" src=\"http:\/\/www.schoene-nachrichten.de\/wp-content\/uploads\/2007\/06\/070624_Weilburg_52.thumbnail.jpg\" alt=\"070624_Weilburg_52.jpg\" \/><\/a>\u00c2\u00a0<\/p>\n<p><!--more-->Hans-Peter Schick, B\u00fcrgermeister von Weilburg an der Lahn, liegt die Pflege des Gedenkens an diesen gro\u00dfen Sohn seiner Stadt am Herzen. So hat er vor zwei Jahren bewirkt, dass der vergr\u00f6\u00dferte K\u00f6nig-Konrad-Platz heute von einer K\u00f6nig-Konrad-S\u00e4ule geziert wird. Der Hessische Ministerpr\u00e4sident Roland Koch \u00fcbernahm deren Finanzierung. Gefertigt wurde das Denkmal vom Fuldaer Bildhauer Rainer Landgraf.<\/p>\n<p><a rel=\"lightbox[roadtrip]\" target=\"_blank\" href=\"http:\/\/www.schoene-nachrichten.de\/wp-content\/uploads\/2007\/06\/070624_Weilburg_01.jpg\" title=\"Foto: Max Colin Heydenreich\"><img decoding=\"async\" width=\"128\" src=\"http:\/\/www.schoene-nachrichten.de\/wp-content\/uploads\/2007\/06\/070624_Weilburg_01.thumbnail.jpg\" alt=\"070624_Weilburg_01.jpg\" \/><\/a> <a rel=\"lightbox[roadtrip]\" target=\"_blank\" href=\"http:\/\/www.schoene-nachrichten.de\/wp-content\/uploads\/2007\/06\/070624_Weilburg_02.jpg\" title=\"Foto: Max Colin Heydenreich\"><img decoding=\"async\" width=\"128\" src=\"http:\/\/www.schoene-nachrichten.de\/wp-content\/uploads\/2007\/06\/070624_Weilburg_02.thumbnail.jpg\" alt=\"070624_Weilburg_02.jpg\" \/><\/a> <a rel=\"lightbox[roadtrip]\" target=\"_blank\" href=\"http:\/\/www.schoene-nachrichten.de\/wp-content\/uploads\/2007\/06\/070624_Weilburg_03.jpg\" title=\"Foto: Max Colin Heydenreich\"><img decoding=\"async\" width=\"128\" src=\"http:\/\/www.schoene-nachrichten.de\/wp-content\/uploads\/2007\/06\/070624_Weilburg_03.thumbnail.jpg\" alt=\"070624_Weilburg_03.jpg\" \/><\/a><\/p>\n<p><a rel=\"lightbox[roadtrip]\" target=\"_blank\" href=\"http:\/\/www.schoene-nachrichten.de\/wp-content\/uploads\/2007\/06\/070624_Weilburg_73.jpg\" title=\"Foto: Max Colin Heydenreich\"><img decoding=\"async\" width=\"128\" src=\"http:\/\/www.schoene-nachrichten.de\/wp-content\/uploads\/2007\/06\/070624_Weilburg_73.thumbnail.jpg\" alt=\"070624_Weilburg_73.jpg\" \/><\/a> <a rel=\"lightbox[roadtrip]\" target=\"_blank\" href=\"http:\/\/www.schoene-nachrichten.de\/wp-content\/uploads\/2007\/06\/070624_Weilburg_74.jpg\" title=\"Foto: Max Colin Heydenreich\"><img decoding=\"async\" width=\"128\" src=\"http:\/\/www.schoene-nachrichten.de\/wp-content\/uploads\/2007\/06\/070624_Weilburg_74.thumbnail.jpg\" alt=\"070624_Weilburg_74.jpg\" \/><\/a> <a rel=\"lightbox[roadtrip]\" target=\"_blank\" href=\"http:\/\/www.schoene-nachrichten.de\/wp-content\/uploads\/2007\/06\/070624_Weilburg_75.jpg\" title=\"Foto: Max Colin Heydenreich\"><img decoding=\"async\" width=\"128\" src=\"http:\/\/www.schoene-nachrichten.de\/wp-content\/uploads\/2007\/06\/070624_Weilburg_75.thumbnail.jpg\" alt=\"070624_Weilburg_75.jpg\" \/><\/a><\/p>\n<p>Konrads Geburtsort, Wahlort und Bestattungsort sollten bereits heute, so Schick, gemeinschaftlich f\u00fcr Ma\u00dfnahmen Sorge tragen, mit denen in 2011 an Konrad I. erinnert wird. Denn dann liegt dessen K\u00f6nigserhebung 1100 Jahre zur\u00fcck. Gilt Konrad I. doch &#8211; nach dem ber\u00fchmten Werk \u201eDie Epochen der deutschen Geschichte\u201c von Johannes HALLER &#8211; als der erste deutsche K\u00f6nig. \u201eUnd beim Jahr 911 darf man \u00e2\u20ac\u00a6 die erste Epoche der deutschen Geschichte ansetzen: die Entstehung des deutschen Staates\u201c.<\/p>\n<p><a rel=\"lightbox[roadtrip]\" target=\"_blank\" href=\"http:\/\/www.schoene-nachrichten.de\/wp-content\/uploads\/2007\/06\/070624_Weilburg_04.jpg\" title=\"Foto: Max Colin Heydenreich\"><img decoding=\"async\" width=\"128\" src=\"http:\/\/www.schoene-nachrichten.de\/wp-content\/uploads\/2007\/06\/070624_Weilburg_04.thumbnail.jpg\" alt=\"070624_Weilburg_04.jpg\" \/><\/a> <a rel=\"lightbox[roadtrip]\" target=\"_blank\" href=\"http:\/\/www.schoene-nachrichten.de\/wp-content\/uploads\/2007\/06\/070624_Weilburg_05.jpg\" title=\"Foto: Max Colin Heydenreich\"><img decoding=\"async\" width=\"128\" src=\"http:\/\/www.schoene-nachrichten.de\/wp-content\/uploads\/2007\/06\/070624_Weilburg_05.thumbnail.jpg\" alt=\"070624_Weilburg_05.jpg\" \/><\/a> <a rel=\"lightbox[roadtrip]\" target=\"_blank\" href=\"http:\/\/www.schoene-nachrichten.de\/wp-content\/uploads\/2007\/06\/070624_Weilburg_18.jpg\" title=\"Foto: Max Colin Heydenreich\"><img decoding=\"async\" width=\"128\" src=\"http:\/\/www.schoene-nachrichten.de\/wp-content\/uploads\/2007\/06\/070624_Weilburg_18.thumbnail.jpg\" alt=\"070624_Weilburg_18.jpg\" \/><\/a><\/p>\n<p><a rel=\"lightbox[roadtrip]\" target=\"_blank\" href=\"http:\/\/www.schoene-nachrichten.de\/wp-content\/uploads\/2007\/06\/070624_Weilburg_07.jpg\" title=\"Foto: Max Colin Heydenreich\"><img decoding=\"async\" width=\"128\" src=\"http:\/\/www.schoene-nachrichten.de\/wp-content\/uploads\/2007\/06\/070624_Weilburg_07.thumbnail.jpg\" alt=\"070624_Weilburg_07.jpg\" \/><\/a> <a rel=\"lightbox[roadtrip]\" target=\"_blank\" href=\"http:\/\/www.schoene-nachrichten.de\/wp-content\/uploads\/2007\/06\/070624_Weilburg_08.jpg\" title=\"Foto: Max Colin Heydenreich\"><img decoding=\"async\" width=\"128\" src=\"http:\/\/www.schoene-nachrichten.de\/wp-content\/uploads\/2007\/06\/070624_Weilburg_08.thumbnail.jpg\" alt=\"070624_Weilburg_08.jpg\" \/><\/a> <a rel=\"lightbox[roadtrip]\" target=\"_blank\" href=\"http:\/\/www.schoene-nachrichten.de\/wp-content\/uploads\/2007\/06\/070624_Weilburg_09.jpg\" title=\"Foto: Max Colin Heydenreich\"><img decoding=\"async\" width=\"128\" src=\"http:\/\/www.schoene-nachrichten.de\/wp-content\/uploads\/2007\/06\/070624_Weilburg_09.thumbnail.jpg\" alt=\"070624_Weilburg_09.jpg\" \/><\/a><\/p>\n<p>Vor diesem Hintergrund er\u00f6rterte man k\u00fcrzlich im Rathaus zu Weilburg an der Lahn, auf welche Weise die L\u00e4nder Hessen und Bayern in 2011 zusammen an die \u201eEntstehung des deutschen Staates\u201c erinnern k\u00f6nnten. Nun will Schick sowohl seinen in Fulda als auch seinen in Forchheim amtierenden Kollegen dazu einladen, die bisher gesammelten Ideen gemeinsam zu diskutieren. Anschlie\u00dfend w\u00e4ren den Staatskanzleien in Wiesbaden und M\u00fcnchen gegen\u00fcber Empfehlungen auszusprechen.<\/p>\n<p><a rel=\"lightbox[roadtrip]\" target=\"_blank\" href=\"http:\/\/www.schoene-nachrichten.de\/wp-content\/uploads\/2007\/06\/070624_Weilburg_10.jpg\" title=\"Foto: Max Colin Heydenreich\"><img decoding=\"async\" width=\"128\" src=\"http:\/\/www.schoene-nachrichten.de\/wp-content\/uploads\/2007\/06\/070624_Weilburg_10.thumbnail.jpg\" alt=\"070624_Weilburg_10.jpg\" \/><\/a> <a rel=\"lightbox[roadtrip]\" target=\"_blank\" href=\"http:\/\/www.schoene-nachrichten.de\/wp-content\/uploads\/2007\/06\/070624_Weilburg_11.jpg\" title=\"Foto: Max Colin Heydenreich\"><img decoding=\"async\" width=\"128\" src=\"http:\/\/www.schoene-nachrichten.de\/wp-content\/uploads\/2007\/06\/070624_Weilburg_11.thumbnail.jpg\" alt=\"070624_Weilburg_11.jpg\" \/><\/a> <a rel=\"lightbox[roadtrip]\" target=\"_blank\" href=\"http:\/\/www.schoene-nachrichten.de\/wp-content\/uploads\/2007\/06\/070624_Weilburg_12.jpg\" title=\"Foto: Max Colin Heydenreich\"><img decoding=\"async\" width=\"128\" src=\"http:\/\/www.schoene-nachrichten.de\/wp-content\/uploads\/2007\/06\/070624_Weilburg_12.thumbnail.jpg\" alt=\"070624_Weilburg_12.jpg\" \/><\/a><\/p>\n<p><a rel=\"lightbox[roadtrip]\" target=\"_blank\" href=\"http:\/\/www.schoene-nachrichten.de\/wp-content\/uploads\/2007\/06\/070624_Weilburg_13.jpg\" title=\"Foto: Max Colin Heydenreich\"><img decoding=\"async\" width=\"128\" src=\"http:\/\/www.schoene-nachrichten.de\/wp-content\/uploads\/2007\/06\/070624_Weilburg_13.thumbnail.jpg\" alt=\"070624_Weilburg_13.jpg\" \/><\/a> <a rel=\"lightbox[roadtrip]\" target=\"_blank\" href=\"http:\/\/www.schoene-nachrichten.de\/wp-content\/uploads\/2007\/06\/070624_Weilburg_14.jpg\" title=\"Foto: Max Colin Heydenreich\"><img decoding=\"async\" width=\"128\" src=\"http:\/\/www.schoene-nachrichten.de\/wp-content\/uploads\/2007\/06\/070624_Weilburg_14.thumbnail.jpg\" alt=\"070624_Weilburg_14.jpg\" \/><\/a> <a rel=\"lightbox[roadtrip]\" target=\"_blank\" href=\"http:\/\/www.schoene-nachrichten.de\/wp-content\/uploads\/2007\/06\/070624_Weilburg_15.jpg\" title=\"Foto: Max Colin Heydenreich\"><img decoding=\"async\" width=\"128\" src=\"http:\/\/www.schoene-nachrichten.de\/wp-content\/uploads\/2007\/06\/070624_Weilburg_15.thumbnail.jpg\" alt=\"070624_Weilburg_15.jpg\" \/><\/a><\/p>\n<p>An der vorbereitenden Er\u00f6rterung beteiligte sich auch das Organisationskomitee der b\u00fcrgerschaftlichen INITIATIVE \u201eKonrad I. \u2013 der K\u00f6nig, der aus Hessen kam\u201c. Die ihm angeh\u00f6renden Fuldaer B\u00fcrger Dr. Gregor Stasch, Dr. Thomas Heiler und Josef Hoppe waren von B\u00fcrgermeister Hans-Peter Schick eigens um Mitwirkung gebeten worden. Hatten die drei doch aus Anlass des Hessentags 2005 eine weithin beachtete Ausstellung im Schloss zu Weilburg an der Lahn initiiert. Sie informierte \u00fcber in den L\u00e4ndern Hessen und Bayern zu findende Spuren des ersten deutschen K\u00f6nigs.<\/p>\n<p><a rel=\"lightbox[roadtrip]\" target=\"_blank\" href=\"http:\/\/www.schoene-nachrichten.de\/wp-content\/uploads\/2007\/06\/070624_Weilburg_19.jpg\" title=\"Foto: Max Colin Heydenreich\"><img decoding=\"async\" width=\"128\" src=\"http:\/\/www.schoene-nachrichten.de\/wp-content\/uploads\/2007\/06\/070624_Weilburg_19.thumbnail.jpg\" alt=\"070624_Weilburg_19.jpg\" \/><\/a> <a rel=\"lightbox[roadtrip]\" target=\"_blank\" href=\"http:\/\/www.schoene-nachrichten.de\/wp-content\/uploads\/2007\/06\/070624_Weilburg_20.jpg\" title=\"Foto: Max Colin Heydenreich\"><img decoding=\"async\" width=\"128\" src=\"http:\/\/www.schoene-nachrichten.de\/wp-content\/uploads\/2007\/06\/070624_Weilburg_20.thumbnail.jpg\" alt=\"070624_Weilburg_20.jpg\" \/><\/a> <a rel=\"lightbox[roadtrip]\" target=\"_blank\" href=\"http:\/\/www.schoene-nachrichten.de\/wp-content\/uploads\/2007\/06\/070624_Weilburg_21.jpg\" title=\"Foto: Max Colin Heydenreich\"><img decoding=\"async\" width=\"128\" src=\"http:\/\/www.schoene-nachrichten.de\/wp-content\/uploads\/2007\/06\/070624_Weilburg_21.thumbnail.jpg\" alt=\"070624_Weilburg_21.jpg\" \/><\/a><\/p>\n<p><a rel=\"lightbox[roadtrip]\" target=\"_blank\" href=\"http:\/\/www.schoene-nachrichten.de\/wp-content\/uploads\/2007\/06\/070624_Weilburg_22.jpg\" title=\"Foto: Max Colin Heydenreich\"><img decoding=\"async\" width=\"128\" src=\"http:\/\/www.schoene-nachrichten.de\/wp-content\/uploads\/2007\/06\/070624_Weilburg_22.thumbnail.jpg\" alt=\"070624_Weilburg_22.jpg\" \/><\/a> <a rel=\"lightbox[roadtrip]\" target=\"_blank\" href=\"http:\/\/www.schoene-nachrichten.de\/wp-content\/uploads\/2007\/06\/070624_Weilburg_23.jpg\" title=\"Foto: Max Colin Heydenreich\"><img decoding=\"async\" width=\"128\" src=\"http:\/\/www.schoene-nachrichten.de\/wp-content\/uploads\/2007\/06\/070624_Weilburg_23.thumbnail.jpg\" alt=\"070624_Weilburg_23.jpg\" \/><\/a> <a rel=\"lightbox[roadtrip]\" target=\"_blank\" href=\"http:\/\/www.schoene-nachrichten.de\/wp-content\/uploads\/2007\/06\/070624_Weilburg_24.jpg\" title=\"Foto: Max Colin Heydenreich\"><img decoding=\"async\" width=\"128\" src=\"http:\/\/www.schoene-nachrichten.de\/wp-content\/uploads\/2007\/06\/070624_Weilburg_24.thumbnail.jpg\" alt=\"070624_Weilburg_24.jpg\" \/><\/a><\/p>\n<p><a rel=\"lightbox[roadtrip]\" target=\"_blank\" href=\"http:\/\/www.schoene-nachrichten.de\/wp-content\/uploads\/2007\/06\/070624_Weilburg_76.jpg\" title=\"Foto: Max Colin Heydenreich\"><img decoding=\"async\" width=\"128\" src=\"http:\/\/www.schoene-nachrichten.de\/wp-content\/uploads\/2007\/06\/070624_Weilburg_76.thumbnail.jpg\" alt=\"070624_Weilburg_76.jpg\" \/><\/a> <a rel=\"lightbox[roadtrip]\" target=\"_blank\" href=\"http:\/\/www.schoene-nachrichten.de\/wp-content\/uploads\/2007\/06\/070624_Weilburg_77.jpg\" title=\"Foto: Max Colin Heydenreich\"><img decoding=\"async\" width=\"128\" src=\"http:\/\/www.schoene-nachrichten.de\/wp-content\/uploads\/2007\/06\/070624_Weilburg_77.thumbnail.jpg\" alt=\"070624_Weilburg_77.jpg\" \/><\/a> <a rel=\"lightbox[roadtrip]\" target=\"_blank\" href=\"http:\/\/www.schoene-nachrichten.de\/wp-content\/uploads\/2007\/06\/070624_Weilburg_78.jpg\" title=\"Foto: Max Colin Heydenreich\"><img decoding=\"async\" width=\"128\" src=\"http:\/\/www.schoene-nachrichten.de\/wp-content\/uploads\/2007\/06\/070624_Weilburg_78.thumbnail.jpg\" alt=\"070624_Weilburg_78.jpg\" \/><\/a><\/p>\n<p><a rel=\"lightbox[roadtrip]\" target=\"_blank\" href=\"http:\/\/www.schoene-nachrichten.de\/wp-content\/uploads\/2007\/06\/070624_Weilburg_25.jpg\" title=\"Foto: Max Colin Heydenreich\"><img decoding=\"async\" width=\"128\" src=\"http:\/\/www.schoene-nachrichten.de\/wp-content\/uploads\/2007\/06\/070624_Weilburg_25.thumbnail.jpg\" alt=\"070624_Weilburg_25.jpg\" \/><\/a> <a rel=\"lightbox[roadtrip]\" target=\"_blank\" href=\"http:\/\/www.schoene-nachrichten.de\/wp-content\/uploads\/2007\/06\/070624_Weilburg_26.jpg\" title=\"Foto: Max Colin Heydenreich\"><img decoding=\"async\" width=\"128\" src=\"http:\/\/www.schoene-nachrichten.de\/wp-content\/uploads\/2007\/06\/070624_Weilburg_26.thumbnail.jpg\" alt=\"070624_Weilburg_26.jpg\" \/><\/a> <a rel=\"lightbox[roadtrip]\" target=\"_blank\" href=\"http:\/\/www.schoene-nachrichten.de\/wp-content\/uploads\/2007\/06\/070624_Weilburg_27.jpg\" title=\"Foto: Max Colin Heydenreich\"><img decoding=\"async\" width=\"128\" src=\"http:\/\/www.schoene-nachrichten.de\/wp-content\/uploads\/2007\/06\/070624_Weilburg_27.thumbnail.jpg\" alt=\"070624_Weilburg_27.jpg\" \/><\/a><\/p>\n<p><a rel=\"lightbox[roadtrip]\" target=\"_blank\" href=\"http:\/\/www.schoene-nachrichten.de\/wp-content\/uploads\/2007\/06\/070624_Weilburg_28.jpg\" title=\"Foto: Max Colin Heydenreich\"><img decoding=\"async\" width=\"128\" src=\"http:\/\/www.schoene-nachrichten.de\/wp-content\/uploads\/2007\/06\/070624_Weilburg_28.thumbnail.jpg\" alt=\"070624_Weilburg_28.jpg\" \/><\/a> <a rel=\"lightbox[roadtrip]\" target=\"_blank\" href=\"http:\/\/www.schoene-nachrichten.de\/wp-content\/uploads\/2007\/06\/070624_Weilburg_29.jpg\" title=\"Foto: Max Colin Heydenreich\"><img decoding=\"async\" width=\"128\" src=\"http:\/\/www.schoene-nachrichten.de\/wp-content\/uploads\/2007\/06\/070624_Weilburg_29.thumbnail.jpg\" alt=\"070624_Weilburg_29.jpg\" \/><\/a> <a rel=\"lightbox[roadtrip]\" target=\"_blank\" href=\"http:\/\/www.schoene-nachrichten.de\/wp-content\/uploads\/2007\/06\/070624_Weilburg_30.jpg\" title=\"Foto: Max Colin Heydenreich\"><img decoding=\"async\" width=\"128\" src=\"http:\/\/www.schoene-nachrichten.de\/wp-content\/uploads\/2007\/06\/070624_Weilburg_30.thumbnail.jpg\" alt=\"070624_Weilburg_30.jpg\" \/><\/a><\/p>\n<p><a rel=\"lightbox[roadtrip]\" target=\"_blank\" href=\"http:\/\/www.schoene-nachrichten.de\/wp-content\/uploads\/2007\/06\/070624_Weilburg_31.jpg\" title=\"Foto: Max Colin Heydenreich\"><img decoding=\"async\" width=\"128\" src=\"http:\/\/www.schoene-nachrichten.de\/wp-content\/uploads\/2007\/06\/070624_Weilburg_31.thumbnail.jpg\" alt=\"070624_Weilburg_31.jpg\" \/><\/a>\u00c2\u00a0<a rel=\"lightbox[roadtrip]\" target=\"_blank\" href=\"http:\/\/www.schoene-nachrichten.de\/wp-content\/uploads\/2007\/06\/070624_Weilburg_33.jpg\" title=\"Foto: Max Colin Heydenreich\"><img decoding=\"async\" width=\"128\" src=\"http:\/\/www.schoene-nachrichten.de\/wp-content\/uploads\/2007\/06\/070624_Weilburg_33.thumbnail.jpg\" alt=\"070624_Weilburg_33.jpg\" \/><\/a>\u00c2\u00a0<a rel=\"lightbox[roadtrip]\" target=\"_blank\" href=\"http:\/\/www.schoene-nachrichten.de\/wp-content\/uploads\/2007\/06\/070624_Weilburg_17.jpg\" title=\"Foto: Max Colin Heydenreich\"><img decoding=\"async\" width=\"128\" src=\"http:\/\/www.schoene-nachrichten.de\/wp-content\/uploads\/2007\/06\/070624_Weilburg_17.thumbnail.jpg\" alt=\"070624_Weilburg_17.jpg\" \/><\/a>\u00c2\u00a0<\/p>\n<p><a rel=\"lightbox[roadtrip]\" target=\"_blank\" href=\"http:\/\/www.schoene-nachrichten.de\/wp-content\/uploads\/2007\/06\/070624_Weilburg_35.jpg\" title=\"Foto: Max Colin Heydenreich\"><img decoding=\"async\" width=\"128\" src=\"http:\/\/www.schoene-nachrichten.de\/wp-content\/uploads\/2007\/06\/070624_Weilburg_35.thumbnail.jpg\" alt=\"070624_Weilburg_35.jpg\" \/><\/a> <a rel=\"lightbox[roadtrip]\" target=\"_blank\" href=\"http:\/\/www.schoene-nachrichten.de\/wp-content\/uploads\/2007\/06\/070624_Weilburg_36.jpg\" title=\"Foto: Max Colin Heydenreich\"><img decoding=\"async\" width=\"128\" src=\"http:\/\/www.schoene-nachrichten.de\/wp-content\/uploads\/2007\/06\/070624_Weilburg_36.thumbnail.jpg\" alt=\"070624_Weilburg_36.jpg\" \/><\/a>\u00c2\u00a0<a rel=\"lightbox[roadtrip]\" target=\"_blank\" href=\"http:\/\/www.schoene-nachrichten.de\/wp-content\/uploads\/2007\/06\/070624_Weilburg_54.jpg\" title=\"Foto: Max Colin Heydenreich\"><img decoding=\"async\" width=\"128\" src=\"http:\/\/www.schoene-nachrichten.de\/wp-content\/uploads\/2007\/06\/070624_Weilburg_54.thumbnail.jpg\" alt=\"070624_Weilburg_54.jpg\" \/><\/a><\/p>\n<p><a rel=\"lightbox[roadtrip]\" target=\"_blank\" href=\"http:\/\/www.schoene-nachrichten.de\/wp-content\/uploads\/2007\/06\/070624_Weilburg_37.jpg\" title=\"Foto: Max Colin Heydenreich\"><img decoding=\"async\" width=\"128\" src=\"http:\/\/www.schoene-nachrichten.de\/wp-content\/uploads\/2007\/06\/070624_Weilburg_37.thumbnail.jpg\" alt=\"070624_Weilburg_37.jpg\" \/><\/a> <a rel=\"lightbox[roadtrip]\" target=\"_blank\" href=\"http:\/\/www.schoene-nachrichten.de\/wp-content\/uploads\/2007\/06\/070624_Weilburg_38.jpg\" title=\"Foto: Max Colin Heydenreich\"><img decoding=\"async\" width=\"128\" src=\"http:\/\/www.schoene-nachrichten.de\/wp-content\/uploads\/2007\/06\/070624_Weilburg_38.thumbnail.jpg\" alt=\"070624_Weilburg_38.jpg\" \/><\/a> <a rel=\"lightbox[roadtrip]\" target=\"_blank\" href=\"http:\/\/www.schoene-nachrichten.de\/wp-content\/uploads\/2007\/06\/070624_Weilburg_39.jpg\" title=\"Foto: Max Colin Heydenreich\"><img decoding=\"async\" width=\"128\" src=\"http:\/\/www.schoene-nachrichten.de\/wp-content\/uploads\/2007\/06\/070624_Weilburg_39.thumbnail.jpg\" alt=\"070624_Weilburg_39.jpg\" \/><\/a><\/p>\n<p><a rel=\"lightbox[roadtrip]\" target=\"_blank\" href=\"http:\/\/www.schoene-nachrichten.de\/wp-content\/uploads\/2007\/06\/070624_Weilburg_40.jpg\" title=\"Foto: Max Colin Heydenreich\"><img decoding=\"async\" width=\"128\" src=\"http:\/\/www.schoene-nachrichten.de\/wp-content\/uploads\/2007\/06\/070624_Weilburg_40.thumbnail.jpg\" alt=\"070624_Weilburg_40.jpg\" \/><\/a> <a rel=\"lightbox[roadtrip]\" target=\"_blank\" href=\"http:\/\/www.schoene-nachrichten.de\/wp-content\/uploads\/2007\/06\/070624_Weilburg_41.jpg\" title=\"Foto: Max Colin Heydenreich\"><img decoding=\"async\" width=\"128\" src=\"http:\/\/www.schoene-nachrichten.de\/wp-content\/uploads\/2007\/06\/070624_Weilburg_41.thumbnail.jpg\" alt=\"070624_Weilburg_41.jpg\" \/><\/a> <a rel=\"lightbox[roadtrip]\" target=\"_blank\" href=\"http:\/\/www.schoene-nachrichten.de\/wp-content\/uploads\/2007\/06\/070624_Weilburg_42.jpg\" title=\"Foto: Max Colin Heydenreich\"><img decoding=\"async\" width=\"128\" src=\"http:\/\/www.schoene-nachrichten.de\/wp-content\/uploads\/2007\/06\/070624_Weilburg_42.thumbnail.jpg\" alt=\"070624_Weilburg_42.jpg\" \/><\/a><\/p>\n<p><a rel=\"lightbox[roadtrip]\" target=\"_blank\" href=\"http:\/\/www.schoene-nachrichten.de\/wp-content\/uploads\/2007\/06\/070624_Weilburg_43.jpg\" title=\"Foto: Max Colin Heydenreich\"><img decoding=\"async\" width=\"128\" src=\"http:\/\/www.schoene-nachrichten.de\/wp-content\/uploads\/2007\/06\/070624_Weilburg_43.thumbnail.jpg\" alt=\"070624_Weilburg_43.jpg\" \/><\/a> <a rel=\"lightbox[roadtrip]\" target=\"_blank\" href=\"http:\/\/www.schoene-nachrichten.de\/wp-content\/uploads\/2007\/06\/070624_Weilburg_44.jpg\" title=\"Foto: Max Colin Heydenreich\"><img decoding=\"async\" width=\"128\" src=\"http:\/\/www.schoene-nachrichten.de\/wp-content\/uploads\/2007\/06\/070624_Weilburg_44.thumbnail.jpg\" alt=\"070624_Weilburg_44.jpg\" \/><\/a> <a rel=\"lightbox[roadtrip]\" target=\"_blank\" href=\"http:\/\/www.schoene-nachrichten.de\/wp-content\/uploads\/2007\/06\/070624_Weilburg_45.jpg\" title=\"Foto: Max Colin Heydenreich\"><img decoding=\"async\" width=\"128\" src=\"http:\/\/www.schoene-nachrichten.de\/wp-content\/uploads\/2007\/06\/070624_Weilburg_45.thumbnail.jpg\" alt=\"070624_Weilburg_45.jpg\" \/><\/a><\/p>\n<p><a rel=\"lightbox[roadtrip]\" target=\"_blank\" href=\"http:\/\/www.schoene-nachrichten.de\/wp-content\/uploads\/2007\/06\/070624_Weilburg_46.jpg\" title=\"Foto: Max Colin Heydenreich\"><img decoding=\"async\" width=\"128\" src=\"http:\/\/www.schoene-nachrichten.de\/wp-content\/uploads\/2007\/06\/070624_Weilburg_46.thumbnail.jpg\" alt=\"070624_Weilburg_46.jpg\" \/><\/a> <a rel=\"lightbox[roadtrip]\" target=\"_blank\" href=\"http:\/\/www.schoene-nachrichten.de\/wp-content\/uploads\/2007\/06\/070624_Weilburg_47.jpg\" title=\"Foto: Max Colin Heydenreich\"><img decoding=\"async\" width=\"128\" src=\"http:\/\/www.schoene-nachrichten.de\/wp-content\/uploads\/2007\/06\/070624_Weilburg_47.thumbnail.jpg\" alt=\"070624_Weilburg_47.jpg\" \/><\/a> <a rel=\"lightbox[roadtrip]\" target=\"_blank\" href=\"http:\/\/www.schoene-nachrichten.de\/wp-content\/uploads\/2007\/06\/070624_Weilburg_48.jpg\" title=\"Foto: Max Colin Heydenreich\"><img decoding=\"async\" width=\"128\" src=\"http:\/\/www.schoene-nachrichten.de\/wp-content\/uploads\/2007\/06\/070624_Weilburg_48.thumbnail.jpg\" alt=\"070624_Weilburg_48.jpg\" \/><\/a><\/p>\n<p><a rel=\"lightbox[roadtrip]\" target=\"_blank\" href=\"http:\/\/www.schoene-nachrichten.de\/wp-content\/uploads\/2007\/06\/070624_Weilburg_49.jpg\" title=\"Foto: Max Colin Heydenreich\"><img decoding=\"async\" width=\"128\" src=\"http:\/\/www.schoene-nachrichten.de\/wp-content\/uploads\/2007\/06\/070624_Weilburg_49.thumbnail.jpg\" alt=\"070624_Weilburg_49.jpg\" \/><\/a> <a rel=\"lightbox[roadtrip]\" target=\"_blank\" href=\"http:\/\/www.schoene-nachrichten.de\/wp-content\/uploads\/2007\/06\/070624_Weilburg_50.jpg\" title=\"Foto: Max Colin Heydenreich\"><img decoding=\"async\" width=\"128\" src=\"http:\/\/www.schoene-nachrichten.de\/wp-content\/uploads\/2007\/06\/070624_Weilburg_50.thumbnail.jpg\" alt=\"070624_Weilburg_50.jpg\" \/><\/a> <a rel=\"lightbox[roadtrip]\" target=\"_blank\" href=\"http:\/\/www.schoene-nachrichten.de\/wp-content\/uploads\/2007\/06\/070624_Weilburg_51.jpg\" title=\"Foto: Max Colin Heydenreich\"><img decoding=\"async\" width=\"128\" src=\"http:\/\/www.schoene-nachrichten.de\/wp-content\/uploads\/2007\/06\/070624_Weilburg_51.thumbnail.jpg\" alt=\"070624_Weilburg_51.jpg\" \/><\/a><\/p>\n<p><a rel=\"lightbox[roadtrip]\" target=\"_blank\" href=\"http:\/\/www.schoene-nachrichten.de\/wp-content\/uploads\/2007\/06\/070624_Weilburg_55.jpg\" title=\"Foto: Max Colin Heydenreich\"><img decoding=\"async\" width=\"128\" src=\"http:\/\/www.schoene-nachrichten.de\/wp-content\/uploads\/2007\/06\/070624_Weilburg_55.thumbnail.jpg\" alt=\"070624_Weilburg_55.jpg\" \/><\/a> <a rel=\"lightbox[roadtrip]\" target=\"_blank\" href=\"http:\/\/www.schoene-nachrichten.de\/wp-content\/uploads\/2007\/06\/070624_Weilburg_56.jpg\" title=\"Foto: Max Colin Heydenreich\"><img decoding=\"async\" width=\"128\" src=\"http:\/\/www.schoene-nachrichten.de\/wp-content\/uploads\/2007\/06\/070624_Weilburg_56.thumbnail.jpg\" alt=\"070624_Weilburg_56.jpg\" \/><\/a> <a rel=\"lightbox[roadtrip]\" target=\"_blank\" href=\"http:\/\/www.schoene-nachrichten.de\/wp-content\/uploads\/2007\/06\/070624_Weilburg_57.jpg\" title=\"Foto: Max Colin Heydenreich\"><img decoding=\"async\" width=\"128\" src=\"http:\/\/www.schoene-nachrichten.de\/wp-content\/uploads\/2007\/06\/070624_Weilburg_57.thumbnail.jpg\" alt=\"070624_Weilburg_57.jpg\" \/><\/a><\/p>\n<p><a rel=\"lightbox[roadtrip]\" target=\"_blank\" href=\"http:\/\/www.schoene-nachrichten.de\/wp-content\/uploads\/2007\/06\/070624_Weilburg_58.jpg\" title=\"Foto: Max Colin Heydenreich\"><img decoding=\"async\" width=\"128\" src=\"http:\/\/www.schoene-nachrichten.de\/wp-content\/uploads\/2007\/06\/070624_Weilburg_58.thumbnail.jpg\" alt=\"070624_Weilburg_58.jpg\" \/><\/a> <a rel=\"lightbox[roadtrip]\" target=\"_blank\" href=\"http:\/\/www.schoene-nachrichten.de\/wp-content\/uploads\/2007\/06\/070624_Weilburg_59.jpg\" title=\"Foto: Max Colin Heydenreich\"><img decoding=\"async\" width=\"128\" src=\"http:\/\/www.schoene-nachrichten.de\/wp-content\/uploads\/2007\/06\/070624_Weilburg_59.thumbnail.jpg\" alt=\"070624_Weilburg_59.jpg\" \/><\/a> <a rel=\"lightbox[roadtrip]\" target=\"_blank\" href=\"http:\/\/www.schoene-nachrichten.de\/wp-content\/uploads\/2007\/06\/070624_Weilburg_60.jpg\" title=\"Foto: Max Colin Heydenreich\"><img decoding=\"async\" width=\"128\" src=\"http:\/\/www.schoene-nachrichten.de\/wp-content\/uploads\/2007\/06\/070624_Weilburg_60.thumbnail.jpg\" alt=\"070624_Weilburg_60.jpg\" \/><\/a><\/p>\n<p><a rel=\"lightbox[roadtrip]\" target=\"_blank\" href=\"http:\/\/www.schoene-nachrichten.de\/wp-content\/uploads\/2007\/06\/070624_Weilburg_61.jpg\" title=\"Foto: Max Colin Heydenreich\"><img decoding=\"async\" width=\"128\" src=\"http:\/\/www.schoene-nachrichten.de\/wp-content\/uploads\/2007\/06\/070624_Weilburg_61.thumbnail.jpg\" alt=\"070624_Weilburg_61.jpg\" \/><\/a> <a rel=\"lightbox[roadtrip]\" target=\"_blank\" href=\"http:\/\/www.schoene-nachrichten.de\/wp-content\/uploads\/2007\/06\/070624_Weilburg_62.jpg\" title=\"Foto: Max Colin Heydenreich\"><img decoding=\"async\" width=\"128\" src=\"http:\/\/www.schoene-nachrichten.de\/wp-content\/uploads\/2007\/06\/070624_Weilburg_62.thumbnail.jpg\" alt=\"070624_Weilburg_62.jpg\" \/><\/a> <a rel=\"lightbox[roadtrip]\" target=\"_blank\" href=\"http:\/\/www.schoene-nachrichten.de\/wp-content\/uploads\/2007\/06\/070624_Weilburg_63.jpg\" title=\"Foto: Max Colin Heydenreich\"><img decoding=\"async\" width=\"128\" src=\"http:\/\/www.schoene-nachrichten.de\/wp-content\/uploads\/2007\/06\/070624_Weilburg_63.thumbnail.jpg\" alt=\"070624_Weilburg_63.jpg\" \/><\/a><\/p>\n<p><a rel=\"lightbox[roadtrip]\" target=\"_blank\" href=\"http:\/\/www.schoene-nachrichten.de\/wp-content\/uploads\/2007\/06\/070624_Weilburg_64.jpg\" title=\"Foto: Max Colin Heydenreich\"><img decoding=\"async\" width=\"128\" src=\"http:\/\/www.schoene-nachrichten.de\/wp-content\/uploads\/2007\/06\/070624_Weilburg_64.thumbnail.jpg\" alt=\"070624_Weilburg_64.jpg\" \/><\/a> <a rel=\"lightbox[roadtrip]\" target=\"_blank\" href=\"http:\/\/www.schoene-nachrichten.de\/wp-content\/uploads\/2007\/06\/070624_Weilburg_65.jpg\" title=\"Foto: Max Colin Heydenreich\"><img decoding=\"async\" width=\"128\" src=\"http:\/\/www.schoene-nachrichten.de\/wp-content\/uploads\/2007\/06\/070624_Weilburg_65.thumbnail.jpg\" alt=\"070624_Weilburg_65.jpg\" \/><\/a> <a rel=\"lightbox[roadtrip]\" target=\"_blank\" href=\"http:\/\/www.schoene-nachrichten.de\/wp-content\/uploads\/2007\/06\/070624_Weilburg_66.jpg\" title=\"Foto: Max Colin Heydenreich\"><img decoding=\"async\" width=\"128\" src=\"http:\/\/www.schoene-nachrichten.de\/wp-content\/uploads\/2007\/06\/070624_Weilburg_66.thumbnail.jpg\" alt=\"070624_Weilburg_66.jpg\" \/><\/a><\/p>\n<p><a rel=\"lightbox[roadtrip]\" target=\"_blank\" href=\"http:\/\/www.schoene-nachrichten.de\/wp-content\/uploads\/2007\/06\/070624_Weilburg_68.jpg\" title=\"Foto: Max Colin Heydenreich\"><img decoding=\"async\" width=\"128\" src=\"http:\/\/www.schoene-nachrichten.de\/wp-content\/uploads\/2007\/06\/070624_Weilburg_68.thumbnail.jpg\" alt=\"070624_Weilburg_68.jpg\" \/><\/a> <a rel=\"lightbox[roadtrip]\" target=\"_blank\" href=\"http:\/\/www.schoene-nachrichten.de\/wp-content\/uploads\/2007\/06\/070624_Weilburg_69.jpg\" title=\"Foto: Max Colin Heydenreich\"><img decoding=\"async\" width=\"128\" src=\"http:\/\/www.schoene-nachrichten.de\/wp-content\/uploads\/2007\/06\/070624_Weilburg_69.thumbnail.jpg\" alt=\"070624_Weilburg_69.jpg\" \/><\/a>\u00c2\u00a0<a rel=\"lightbox[roadtrip]\" target=\"_blank\" href=\"http:\/\/www.schoene-nachrichten.de\/wp-content\/uploads\/2007\/06\/070624_Weilburg_53.jpg\" title=\"Foto: Max Colin Heydenreich\"><img decoding=\"async\" width=\"128\" src=\"http:\/\/www.schoene-nachrichten.de\/wp-content\/uploads\/2007\/06\/070624_Weilburg_53.thumbnail.jpg\" alt=\"070624_Weilburg_53.jpg\" \/><\/a>\u00c2\u00a0<\/p>\n<p><a rel=\"lightbox[roadtrip]\" target=\"_blank\" href=\"http:\/\/www.schoene-nachrichten.de\/wp-content\/uploads\/2007\/06\/070624_Weilburg_70.jpg\" title=\"Foto: Max Colin Heydenreich\"><img decoding=\"async\" width=\"128\" src=\"http:\/\/www.schoene-nachrichten.de\/wp-content\/uploads\/2007\/06\/070624_Weilburg_70.thumbnail.jpg\" alt=\"070624_Weilburg_70.jpg\" \/><\/a> <a rel=\"lightbox[roadtrip]\" target=\"_blank\" href=\"http:\/\/www.schoene-nachrichten.de\/wp-content\/uploads\/2007\/06\/070624_Weilburg_71.jpg\" title=\"Foto: Max Colin Heydenreich\"><img decoding=\"async\" width=\"128\" src=\"http:\/\/www.schoene-nachrichten.de\/wp-content\/uploads\/2007\/06\/070624_Weilburg_71.thumbnail.jpg\" alt=\"070624_Weilburg_71.jpg\" \/><\/a> <a rel=\"lightbox[roadtrip]\" target=\"_blank\" href=\"http:\/\/www.schoene-nachrichten.de\/wp-content\/uploads\/2007\/06\/070624_Weilburg_72.jpg\" title=\"Foto: Max Colin Heydenreich\"><img decoding=\"async\" width=\"128\" src=\"http:\/\/www.schoene-nachrichten.de\/wp-content\/uploads\/2007\/06\/070624_Weilburg_72.thumbnail.jpg\" alt=\"070624_Weilburg_72.jpg\" \/><\/a><\/p>\n","protected":false},"excerpt":{"rendered":"<div class=\"tmnf_excerpt\"><p>Sch\u00f6nes aus Weilburg. In Weilburg ist man stolz auf ihn. Denn hoch \u00fcber der Lahn, in der damaligen Wilinaburg, wurde er geboren: Konrad der J\u00fcngere. Sp\u00e4ter folgte er seinem Vater im Amt des Herzogs von Franken. Dann w\u00e4hlten ihn die Gro\u00dfen aus Sachsen, Franken, Bayern und Schwaben zum K\u00f6nig Konrad I. \u2013 und zwar in &hellip;<\/p>\n<\/div>","protected":false},"author":1,"featured_media":0,"comment_status":"closed","ping_status":"closed","sticky":false,"template":"","format":"standard","meta":{"footnotes":""},"categories":[1,54,53,44],"tags":[],"class_list":["post-3825","post","type-post","status-publish","format-standard","hentry","category-startseite","category-bildergalerien","category-bildung","category-kultur"],"_links":{"self":[{"href":"https:\/\/www.fuldaernachrichten.de\/index.php?rest_route=\/wp\/v2\/posts\/3825","targetHints":{"allow":["GET"]}}],"collection":[{"href":"https:\/\/www.fuldaernachrichten.de\/index.php?rest_route=\/wp\/v2\/posts"}],"about":[{"href":"https:\/\/www.fuldaernachrichten.de\/index.php?rest_route=\/wp\/v2\/types\/post"}],"author":[{"embeddable":true,"href":"https:\/\/www.fuldaernachrichten.de\/index.php?rest_route=\/wp\/v2\/users\/1"}],"replies":[{"embeddable":true,"href":"https:\/\/www.fuldaernachrichten.de\/index.php?rest_route=%2Fwp%2Fv2%2Fcomments&post=3825"}],"version-history":[{"count":0,"href":"https:\/\/www.fuldaernachrichten.de\/index.php?rest_route=\/wp\/v2\/posts\/3825\/revisions"}],"wp:attachment":[{"href":"https:\/\/www.fuldaernachrichten.de\/index.php?rest_route=%2Fwp%2Fv2%2Fmedia&parent=3825"}],"wp:term":[{"taxonomy":"category","embeddable":true,"href":"https:\/\/www.fuldaernachrichten.de\/index.php?rest_route=%2Fwp%2Fv2%2Fcategories&post=3825"},{"taxonomy":"post_tag","embeddable":true,"href":"https:\/\/www.fuldaernachrichten.de\/index.php?rest_route=%2Fwp%2Fv2%2Ftags&post=3825"}],"curies":[{"name":"wp","href":"https:\/\/api.w.org\/{rel}","templated":true}]}}