{"id":3814,"date":"2007-07-05T01:49:33","date_gmt":"2007-07-04T23:49:33","guid":{"rendered":"http:\/\/www.schoene-nachrichten.de\/?p=3814"},"modified":"2007-07-05T01:50:45","modified_gmt":"2007-07-04T23:50:45","slug":"woide-und-wingenfeld-besuchten-schweinemastbetrieb","status":"publish","type":"post","link":"https:\/\/www.fuldaernachrichten.de\/?p=3814","title":{"rendered":"Woide und Wingenfeld besuchten Schweinemastbetrieb"},"content":{"rendered":"<p><strong>Sch\u00f6nes aus Fulda.<\/strong> Landrat Bernd Woide und Erster Kreisbeigeordneter Dr. Heiko Wingenfeld haben sich optimistisch zur Zukunft der heimischen Landwirtschaft ge\u00e4u\u00dfert. Obwohl der Strukturwandel noch l\u00e4ngst nicht zum Abschluss gekommen sei und die Zahl der Vollerwerbslandwirte weiter zur\u00fcckgehen werde, bleibe der Landkreis Fulda eine von der Landwirtschaft gepr\u00e4gte Region, sagten die beiden Kreispolitiker beim Besuch des Schweinemastbetriebs von Peter Bleuel in Oberrode.<\/p>\n<p><strong>Fotos (41):<\/strong> Max Colin Heydenreich<\/p>\n<p><a rel=\"lightbox[roadtrip]\" target=\"_blank\" href=\"http:\/\/www.schoene-nachrichten.de\/wp-content\/uploads\/2007\/06\/070622_Bauernhof_27.jpg\" title=\"Foto: Max Colin Heydenreich\"><img decoding=\"async\" width=\"128\" src=\"http:\/\/www.schoene-nachrichten.de\/wp-content\/uploads\/2007\/06\/070622_Bauernhof_27.thumbnail.jpg\" alt=\"070622_Bauernhof_27.jpg\" \/><\/a>\u00c2\u00a0<a rel=\"lightbox[roadtrip]\" target=\"_blank\" href=\"http:\/\/www.schoene-nachrichten.de\/wp-content\/uploads\/2007\/06\/070622_Bauernhof_12.jpg\" title=\"Foto: Max Colin Heydenreich\"><img decoding=\"async\" width=\"128\" src=\"http:\/\/www.schoene-nachrichten.de\/wp-content\/uploads\/2007\/06\/070622_Bauernhof_12.thumbnail.jpg\" alt=\"070622_Bauernhof_12.jpg\" \/><\/a> <a rel=\"lightbox[roadtrip]\" target=\"_blank\" href=\"http:\/\/www.schoene-nachrichten.de\/wp-content\/uploads\/2007\/06\/070622_Bauernhof_40.jpg\" title=\"Foto: Max Colin Heydenreich\"><img decoding=\"async\" width=\"128\" src=\"http:\/\/www.schoene-nachrichten.de\/wp-content\/uploads\/2007\/06\/070622_Bauernhof_40.thumbnail.jpg\" alt=\"070622_Bauernhof_40.jpg\" \/><\/a>\u00c2\u00a0<\/p>\n<p><a rel=\"lightbox[roadtrip]\" target=\"_blank\" href=\"http:\/\/www.schoene-nachrichten.de\/wp-content\/uploads\/2007\/06\/070622_Bauernhof_04.jpg\" title=\"Foto: Max Colin Heydenreich\"><img decoding=\"async\" width=\"128\" src=\"http:\/\/www.schoene-nachrichten.de\/wp-content\/uploads\/2007\/06\/070622_Bauernhof_04.thumbnail.jpg\" alt=\"070622_Bauernhof_04.jpg\" \/><\/a>\u00c2\u00a0<a rel=\"lightbox[roadtrip]\" target=\"_blank\" href=\"http:\/\/www.schoene-nachrichten.de\/wp-content\/uploads\/2007\/06\/070622_Bauernhof_14.jpg\" title=\"Foto: Max Colin Heydenreich\"><img decoding=\"async\" width=\"128\" src=\"http:\/\/www.schoene-nachrichten.de\/wp-content\/uploads\/2007\/06\/070622_Bauernhof_14.thumbnail.jpg\" alt=\"070622_Bauernhof_14.jpg\" \/><\/a> <a rel=\"lightbox[roadtrip]\" target=\"_blank\" href=\"http:\/\/www.schoene-nachrichten.de\/wp-content\/uploads\/2007\/06\/070622_Bauernhof_22.jpg\" title=\"Foto: Max Colin Heydenreich\"><img decoding=\"async\" width=\"128\" src=\"http:\/\/www.schoene-nachrichten.de\/wp-content\/uploads\/2007\/06\/070622_Bauernhof_22.thumbnail.jpg\" alt=\"070622_Bauernhof_22.jpg\" \/><\/a><\/p>\n<p><!--more--><\/p>\n<p>Woide und Dr. Wingenfeld gr\u00fcnden ihre Zuversicht trotz der schwierigen Rahmenbedingungen in der Agrarpolitik auf die emotionale Bindung vieler Kreisbewohner an die Landwirtschaft. \u201eDie Menschen wissen, was sie an ihren Bauern haben.\u201c \u00dcber die Versorgung der Bev\u00f6lkerung mit qualitativ hochwertigen Nahrungsmitteln und den Erhalt der gewachsenen Kulturlandschaft hinaus trage die heimische Landwirtschaft zur spezifischen Lebensqualit\u00e4t in Rh\u00f6n und Vogelsberg bei.<\/p>\n<p><a rel=\"lightbox[roadtrip]\" target=\"_blank\" href=\"http:\/\/www.schoene-nachrichten.de\/wp-content\/uploads\/2007\/06\/070622_Bauernhof_01.jpg\" title=\"Foto: Max Colin Heydenreich\"><img decoding=\"async\" width=\"128\" src=\"http:\/\/www.schoene-nachrichten.de\/wp-content\/uploads\/2007\/06\/070622_Bauernhof_01.thumbnail.jpg\" alt=\"070622_Bauernhof_01.jpg\" \/><\/a> <a rel=\"lightbox[roadtrip]\" target=\"_blank\" href=\"http:\/\/www.schoene-nachrichten.de\/wp-content\/uploads\/2007\/06\/070622_Bauernhof_02.jpg\" title=\"Foto: Max Colin Heydenreich\"><img decoding=\"async\" width=\"128\" src=\"http:\/\/www.schoene-nachrichten.de\/wp-content\/uploads\/2007\/06\/070622_Bauernhof_02.thumbnail.jpg\" alt=\"070622_Bauernhof_02.jpg\" \/><\/a> <a rel=\"lightbox[roadtrip]\" target=\"_blank\" href=\"http:\/\/www.schoene-nachrichten.de\/wp-content\/uploads\/2007\/06\/070622_Bauernhof_03.jpg\" title=\"Foto: Max Colin Heydenreich\"><img decoding=\"async\" width=\"128\" src=\"http:\/\/www.schoene-nachrichten.de\/wp-content\/uploads\/2007\/06\/070622_Bauernhof_03.thumbnail.jpg\" alt=\"070622_Bauernhof_03.jpg\" \/><\/a><\/p>\n<p><a rel=\"lightbox[roadtrip]\" target=\"_blank\" href=\"http:\/\/www.schoene-nachrichten.de\/wp-content\/uploads\/2007\/06\/070622_Bauernhof_05.jpg\" title=\"Foto: Max Colin Heydenreich\"><img decoding=\"async\" width=\"128\" src=\"http:\/\/www.schoene-nachrichten.de\/wp-content\/uploads\/2007\/06\/070622_Bauernhof_05.thumbnail.jpg\" alt=\"070622_Bauernhof_05.jpg\" \/><\/a> <a rel=\"lightbox[roadtrip]\" target=\"_blank\" href=\"http:\/\/www.schoene-nachrichten.de\/wp-content\/uploads\/2007\/06\/070622_Bauernhof_06.jpg\" title=\"Foto: Max Colin Heydenreich\"><img decoding=\"async\" width=\"128\" src=\"http:\/\/www.schoene-nachrichten.de\/wp-content\/uploads\/2007\/06\/070622_Bauernhof_06.thumbnail.jpg\" alt=\"070622_Bauernhof_06.jpg\" \/><\/a> <a rel=\"lightbox[roadtrip]\" target=\"_blank\" href=\"http:\/\/www.schoene-nachrichten.de\/wp-content\/uploads\/2007\/06\/070622_Bauernhof_07.jpg\" title=\"Foto: Max Colin Heydenreich\"><img decoding=\"async\" width=\"128\" src=\"http:\/\/www.schoene-nachrichten.de\/wp-content\/uploads\/2007\/06\/070622_Bauernhof_07.thumbnail.jpg\" alt=\"070622_Bauernhof_07.jpg\" \/><\/a><\/p>\n<p>Insbesondere Landwirte, die flexibel auf die W\u00fcnsche der Verbraucher reagieren w\u00fcrden, h\u00e4tten eine echte \u00dcberlebensperspektive. Neben betriebswirtschaftlichem Denken und der Gewinnung eines regionalen Profils sei vor allem Kundenn\u00e4he gefragt. Gerade vor dem Hintergrund von Lebensmittelskandalen m\u00fcsse Vertrauen immer wieder gewonnen werden. \u201eGesundheitsbewusste Verbraucher sind durchaus bereit, einen fairen Preis f\u00fcr Agrarerzeugnisse zu bezahlen.\u201c<\/p>\n<p><a rel=\"lightbox[roadtrip]\" target=\"_blank\" href=\"http:\/\/www.schoene-nachrichten.de\/wp-content\/uploads\/2007\/06\/070622_Bauernhof_08.jpg\" title=\"Foto: Max Colin Heydenreich\"><img decoding=\"async\" width=\"128\" src=\"http:\/\/www.schoene-nachrichten.de\/wp-content\/uploads\/2007\/06\/070622_Bauernhof_08.thumbnail.jpg\" alt=\"070622_Bauernhof_08.jpg\" \/><\/a> <a rel=\"lightbox[roadtrip]\" target=\"_blank\" href=\"http:\/\/www.schoene-nachrichten.de\/wp-content\/uploads\/2007\/06\/070622_Bauernhof_09.jpg\" title=\"Foto: Max Colin Heydenreich\"><img decoding=\"async\" width=\"128\" src=\"http:\/\/www.schoene-nachrichten.de\/wp-content\/uploads\/2007\/06\/070622_Bauernhof_09.thumbnail.jpg\" alt=\"070622_Bauernhof_09.jpg\" \/><\/a> <a rel=\"lightbox[roadtrip]\" target=\"_blank\" href=\"http:\/\/www.schoene-nachrichten.de\/wp-content\/uploads\/2007\/06\/070622_Bauernhof_10.jpg\" title=\"Foto: Max Colin Heydenreich\"><img decoding=\"async\" width=\"128\" src=\"http:\/\/www.schoene-nachrichten.de\/wp-content\/uploads\/2007\/06\/070622_Bauernhof_10.thumbnail.jpg\" alt=\"070622_Bauernhof_10.jpg\" \/><\/a><\/p>\n<p><a rel=\"lightbox[roadtrip]\" target=\"_blank\" href=\"http:\/\/www.schoene-nachrichten.de\/wp-content\/uploads\/2007\/06\/070622_Bauernhof_11.jpg\" title=\"Foto: Max Colin Heydenreich\"><img decoding=\"async\" width=\"128\" src=\"http:\/\/www.schoene-nachrichten.de\/wp-content\/uploads\/2007\/06\/070622_Bauernhof_11.thumbnail.jpg\" alt=\"070622_Bauernhof_11.jpg\" \/><\/a>\u00c2\u00a0<a rel=\"lightbox[roadtrip]\" target=\"_blank\" href=\"http:\/\/www.schoene-nachrichten.de\/wp-content\/uploads\/2007\/06\/070622_Bauernhof_13.jpg\" title=\"Foto: Max Colin Heydenreich\"><img decoding=\"async\" width=\"128\" src=\"http:\/\/www.schoene-nachrichten.de\/wp-content\/uploads\/2007\/06\/070622_Bauernhof_13.thumbnail.jpg\" alt=\"070622_Bauernhof_13.jpg\" \/><\/a>\u00c2\u00a0<a rel=\"lightbox[roadtrip]\" target=\"_blank\" href=\"http:\/\/www.schoene-nachrichten.de\/wp-content\/uploads\/2007\/06\/070622_Bauernhof_26.jpg\" title=\"Foto: Max Colin Heydenreich\"><img decoding=\"async\" width=\"128\" src=\"http:\/\/www.schoene-nachrichten.de\/wp-content\/uploads\/2007\/06\/070622_Bauernhof_26.thumbnail.jpg\" alt=\"070622_Bauernhof_26.jpg\" \/><\/a><\/p>\n<p>Nach den Worten von Landrat Woide und Erstem Kreisbeigeordneten Dr. Wingenfeld sei der Landkreis Fulda stets seiner Verantwortung f\u00fcr die heimische Landwirtschaft in vorbildlicher Weise gerecht geworden. Dies zeige sich insbesondere in einer hessenweit einmaligen F\u00f6rderung aus kreiseigenen Mitteln, an der trotz angespannter Haushaltslage weiter festgehalten worden solle. \u201eWie unsere Amtsvorg\u00e4nger wollen wir den engen Schulterschluss mit dem b\u00e4uerlichen Berufsstand.\u201c<\/p>\n<p><a rel=\"lightbox[roadtrip]\" target=\"_blank\" href=\"http:\/\/www.schoene-nachrichten.de\/wp-content\/uploads\/2007\/06\/070622_Bauernhof_16.jpg\" title=\"Foto: Max Colin Heydenreich\"><img decoding=\"async\" width=\"128\" src=\"http:\/\/www.schoene-nachrichten.de\/wp-content\/uploads\/2007\/06\/070622_Bauernhof_16.thumbnail.jpg\" alt=\"070622_Bauernhof_16.jpg\" \/><\/a> <a rel=\"lightbox[roadtrip]\" target=\"_blank\" href=\"http:\/\/www.schoene-nachrichten.de\/wp-content\/uploads\/2007\/06\/070622_Bauernhof_17.jpg\" title=\"Foto: Max Colin Heydenreich\"><img decoding=\"async\" width=\"128\" src=\"http:\/\/www.schoene-nachrichten.de\/wp-content\/uploads\/2007\/06\/070622_Bauernhof_17.thumbnail.jpg\" alt=\"070622_Bauernhof_17.jpg\" \/><\/a> <a rel=\"lightbox[roadtrip]\" target=\"_blank\" href=\"http:\/\/www.schoene-nachrichten.de\/wp-content\/uploads\/2007\/06\/070622_Bauernhof_18.jpg\" title=\"Foto: Max Colin Heydenreich\"><img decoding=\"async\" width=\"128\" src=\"http:\/\/www.schoene-nachrichten.de\/wp-content\/uploads\/2007\/06\/070622_Bauernhof_18.thumbnail.jpg\" alt=\"070622_Bauernhof_18.jpg\" \/><\/a><\/p>\n<p><a rel=\"lightbox[roadtrip]\" target=\"_blank\" href=\"http:\/\/www.schoene-nachrichten.de\/wp-content\/uploads\/2007\/06\/070622_Bauernhof_19.jpg\" title=\"Foto: Max Colin Heydenreich\"><img decoding=\"async\" width=\"128\" src=\"http:\/\/www.schoene-nachrichten.de\/wp-content\/uploads\/2007\/06\/070622_Bauernhof_19.thumbnail.jpg\" alt=\"070622_Bauernhof_19.jpg\" \/><\/a> <a rel=\"lightbox[roadtrip]\" target=\"_blank\" href=\"http:\/\/www.schoene-nachrichten.de\/wp-content\/uploads\/2007\/06\/070622_Bauernhof_20.jpg\" title=\"Foto: Max Colin Heydenreich\"><img decoding=\"async\" width=\"128\" src=\"http:\/\/www.schoene-nachrichten.de\/wp-content\/uploads\/2007\/06\/070622_Bauernhof_20.thumbnail.jpg\" alt=\"070622_Bauernhof_20.jpg\" \/><\/a> <a rel=\"lightbox[roadtrip]\" target=\"_blank\" href=\"http:\/\/www.schoene-nachrichten.de\/wp-content\/uploads\/2007\/06\/070622_Bauernhof_21.jpg\" title=\"Foto: Max Colin Heydenreich\"><img decoding=\"async\" width=\"128\" src=\"http:\/\/www.schoene-nachrichten.de\/wp-content\/uploads\/2007\/06\/070622_Bauernhof_21.thumbnail.jpg\" alt=\"070622_Bauernhof_21.jpg\" \/><\/a><\/p>\n<p>Auf dem landwirtschaftlichen Anwesen werden 1.400 Mastschweine gehalten, wobei die Ferkel aus der Region stammen. Gro\u00dfen Wert legt Peter Bleuel darauf, mit seinem Betrieb hohen Qualit\u00e4tsanspr\u00fcchen insbesondere im Hinblick auf Tierhaltung und Umwelthygiene zu gen\u00fcgen. Dabei kommen innovative Techniken beispielweise bei der Ermittlung von betriebswirtschaftlichen Kennzeichen, aber auch bei der F\u00fctterung der Tiere mittels EDV-gesteuerter Mischanlage zum Einsatz.<\/p>\n<p><a rel=\"lightbox[roadtrip]\" target=\"_blank\" href=\"http:\/\/www.schoene-nachrichten.de\/wp-content\/uploads\/2007\/06\/070622_Bauernhof_23.jpg\" title=\"Foto: Max Colin Heydenreich\"><img decoding=\"async\" width=\"128\" src=\"http:\/\/www.schoene-nachrichten.de\/wp-content\/uploads\/2007\/06\/070622_Bauernhof_23.thumbnail.jpg\" alt=\"070622_Bauernhof_23.jpg\" \/><\/a> <a rel=\"lightbox[roadtrip]\" target=\"_blank\" href=\"http:\/\/www.schoene-nachrichten.de\/wp-content\/uploads\/2007\/06\/070622_Bauernhof_24.jpg\" title=\"Foto: Max Colin Heydenreich\"><img decoding=\"async\" width=\"128\" src=\"http:\/\/www.schoene-nachrichten.de\/wp-content\/uploads\/2007\/06\/070622_Bauernhof_24.thumbnail.jpg\" alt=\"070622_Bauernhof_24.jpg\" \/><\/a> <a rel=\"lightbox[roadtrip]\" target=\"_blank\" href=\"http:\/\/www.schoene-nachrichten.de\/wp-content\/uploads\/2007\/06\/070622_Bauernhof_25.jpg\" title=\"Foto: Max Colin Heydenreich\"><img decoding=\"async\" width=\"128\" src=\"http:\/\/www.schoene-nachrichten.de\/wp-content\/uploads\/2007\/06\/070622_Bauernhof_25.thumbnail.jpg\" alt=\"070622_Bauernhof_25.jpg\" \/><\/a><\/p>\n<p><a rel=\"lightbox[roadtrip]\" target=\"_blank\" href=\"http:\/\/www.schoene-nachrichten.de\/wp-content\/uploads\/2007\/06\/070622_Bauernhof_28.jpg\" title=\"Foto: Max Colin Heydenreich\"><img decoding=\"async\" width=\"128\" src=\"http:\/\/www.schoene-nachrichten.de\/wp-content\/uploads\/2007\/06\/070622_Bauernhof_28.thumbnail.jpg\" alt=\"070622_Bauernhof_28.jpg\" \/><\/a> <a rel=\"lightbox[roadtrip]\" target=\"_blank\" href=\"http:\/\/www.schoene-nachrichten.de\/wp-content\/uploads\/2007\/06\/070622_Bauernhof_29.jpg\" title=\"Foto: Max Colin Heydenreich\"><img decoding=\"async\" width=\"128\" src=\"http:\/\/www.schoene-nachrichten.de\/wp-content\/uploads\/2007\/06\/070622_Bauernhof_29.thumbnail.jpg\" alt=\"070622_Bauernhof_29.jpg\" \/><\/a> <a rel=\"lightbox[roadtrip]\" target=\"_blank\" href=\"http:\/\/www.schoene-nachrichten.de\/wp-content\/uploads\/2007\/06\/070622_Bauernhof_30.jpg\" title=\"Foto: Max Colin Heydenreich\"><img decoding=\"async\" width=\"128\" src=\"http:\/\/www.schoene-nachrichten.de\/wp-content\/uploads\/2007\/06\/070622_Bauernhof_30.thumbnail.jpg\" alt=\"070622_Bauernhof_30.jpg\" \/><\/a><\/p>\n<p><a rel=\"lightbox[roadtrip]\" target=\"_blank\" href=\"http:\/\/www.schoene-nachrichten.de\/wp-content\/uploads\/2007\/06\/070622_Bauernhof_31.jpg\" title=\"Foto: Max Colin Heydenreich\"><img decoding=\"async\" width=\"128\" src=\"http:\/\/www.schoene-nachrichten.de\/wp-content\/uploads\/2007\/06\/070622_Bauernhof_31.thumbnail.jpg\" alt=\"070622_Bauernhof_31.jpg\" \/><\/a> <a rel=\"lightbox[roadtrip]\" target=\"_blank\" href=\"http:\/\/www.schoene-nachrichten.de\/wp-content\/uploads\/2007\/06\/070622_Bauernhof_32.jpg\" title=\"Foto: Max Colin Heydenreich\"><img decoding=\"async\" width=\"128\" src=\"http:\/\/www.schoene-nachrichten.de\/wp-content\/uploads\/2007\/06\/070622_Bauernhof_32.thumbnail.jpg\" alt=\"070622_Bauernhof_32.jpg\" \/><\/a> <a rel=\"lightbox[roadtrip]\" target=\"_blank\" href=\"http:\/\/www.schoene-nachrichten.de\/wp-content\/uploads\/2007\/06\/070622_Bauernhof_33.jpg\" title=\"Foto: Max Colin Heydenreich\"><img decoding=\"async\" width=\"128\" src=\"http:\/\/www.schoene-nachrichten.de\/wp-content\/uploads\/2007\/06\/070622_Bauernhof_33.thumbnail.jpg\" alt=\"070622_Bauernhof_33.jpg\" \/><\/a><\/p>\n<p><a rel=\"lightbox[roadtrip]\" target=\"_blank\" href=\"http:\/\/www.schoene-nachrichten.de\/wp-content\/uploads\/2007\/06\/070622_Bauernhof_34.jpg\" title=\"Foto: Max Colin Heydenreich\"><img decoding=\"async\" width=\"128\" src=\"http:\/\/www.schoene-nachrichten.de\/wp-content\/uploads\/2007\/06\/070622_Bauernhof_34.thumbnail.jpg\" alt=\"070622_Bauernhof_34.jpg\" \/><\/a> <a rel=\"lightbox[roadtrip]\" target=\"_blank\" href=\"http:\/\/www.schoene-nachrichten.de\/wp-content\/uploads\/2007\/06\/070622_Bauernhof_35.jpg\" title=\"Foto: Max Colin Heydenreich\"><img decoding=\"async\" width=\"128\" src=\"http:\/\/www.schoene-nachrichten.de\/wp-content\/uploads\/2007\/06\/070622_Bauernhof_35.thumbnail.jpg\" alt=\"070622_Bauernhof_35.jpg\" \/><\/a> <a rel=\"lightbox[roadtrip]\" target=\"_blank\" href=\"http:\/\/www.schoene-nachrichten.de\/wp-content\/uploads\/2007\/06\/070622_Bauernhof_36.jpg\" title=\"Foto: Max Colin Heydenreich\"><img decoding=\"async\" width=\"128\" src=\"http:\/\/www.schoene-nachrichten.de\/wp-content\/uploads\/2007\/06\/070622_Bauernhof_36.thumbnail.jpg\" alt=\"070622_Bauernhof_36.jpg\" \/><\/a><\/p>\n<p><a rel=\"lightbox[roadtrip]\" target=\"_blank\" href=\"http:\/\/www.schoene-nachrichten.de\/wp-content\/uploads\/2007\/06\/070622_Bauernhof_37.jpg\" title=\"Foto: Max Colin Heydenreich\"><img decoding=\"async\" width=\"128\" src=\"http:\/\/www.schoene-nachrichten.de\/wp-content\/uploads\/2007\/06\/070622_Bauernhof_37.thumbnail.jpg\" alt=\"070622_Bauernhof_37.jpg\" \/><\/a> <a rel=\"lightbox[roadtrip]\" target=\"_blank\" href=\"http:\/\/www.schoene-nachrichten.de\/wp-content\/uploads\/2007\/06\/070622_Bauernhof_38.jpg\" title=\"Foto: Max Colin Heydenreich\"><img decoding=\"async\" width=\"128\" src=\"http:\/\/www.schoene-nachrichten.de\/wp-content\/uploads\/2007\/06\/070622_Bauernhof_38.thumbnail.jpg\" alt=\"070622_Bauernhof_38.jpg\" \/><\/a> <a rel=\"lightbox[roadtrip]\" target=\"_blank\" href=\"http:\/\/www.schoene-nachrichten.de\/wp-content\/uploads\/2007\/06\/070622_Bauernhof_39.jpg\" title=\"Foto: Max Colin Heydenreich\"><img decoding=\"async\" width=\"128\" src=\"http:\/\/www.schoene-nachrichten.de\/wp-content\/uploads\/2007\/06\/070622_Bauernhof_39.thumbnail.jpg\" alt=\"070622_Bauernhof_39.jpg\" \/><\/a><\/p>\n<p><a rel=\"lightbox[roadtrip]\" target=\"_blank\" href=\"http:\/\/www.schoene-nachrichten.de\/wp-content\/uploads\/2007\/06\/070622_Bauernhof_15.jpg\" title=\"Foto: Max Colin Heydenreich\"><img decoding=\"async\" width=\"128\" src=\"http:\/\/www.schoene-nachrichten.de\/wp-content\/uploads\/2007\/06\/070622_Bauernhof_15.thumbnail.jpg\" alt=\"070622_Bauernhof_15.jpg\" \/><\/a>\u00c2\u00a0<a rel=\"lightbox[roadtrip]\" target=\"_blank\" href=\"http:\/\/www.schoene-nachrichten.de\/wp-content\/uploads\/2007\/06\/070622_Bauernhof_41.jpg\" title=\"Foto: Max Colin Heydenreich\"><img decoding=\"async\" width=\"128\" src=\"http:\/\/www.schoene-nachrichten.de\/wp-content\/uploads\/2007\/06\/070622_Bauernhof_41.thumbnail.jpg\" alt=\"070622_Bauernhof_41.jpg\" \/><\/a> <a rel=\"lightbox[roadtrip]\" target=\"_blank\" href=\"http:\/\/www.schoene-nachrichten.de\/wp-content\/uploads\/2007\/06\/070622_Bauernhof_42.jpg\" title=\"Foto: Max Colin Heydenreich\"><img decoding=\"async\" width=\"128\" src=\"http:\/\/www.schoene-nachrichten.de\/wp-content\/uploads\/2007\/06\/070622_Bauernhof_42.thumbnail.jpg\" alt=\"070622_Bauernhof_42.jpg\" \/><\/a><\/p>\n","protected":false},"excerpt":{"rendered":"<div class=\"tmnf_excerpt\"><p>Sch\u00f6nes aus Fulda. Landrat Bernd Woide und Erster Kreisbeigeordneter Dr. Heiko Wingenfeld haben sich optimistisch zur Zukunft der heimischen Landwirtschaft ge\u00e4u\u00dfert. Obwohl der Strukturwandel noch l\u00e4ngst nicht zum Abschluss gekommen sei und die Zahl der Vollerwerbslandwirte weiter zur\u00fcckgehen werde, bleibe der Landkreis Fulda eine von der Landwirtschaft gepr\u00e4gte Region, sagten die beiden Kreispolitiker beim Besuch &hellip;<\/p>\n<\/div>","protected":false},"author":1,"featured_media":0,"comment_status":"closed","ping_status":"closed","sticky":false,"template":"","format":"standard","meta":{"footnotes":""},"categories":[1,29,52],"tags":[],"class_list":["post-3814","post","type-post","status-publish","format-standard","hentry","category-startseite","category-politik","category-umwelt"],"_links":{"self":[{"href":"https:\/\/www.fuldaernachrichten.de\/index.php?rest_route=\/wp\/v2\/posts\/3814","targetHints":{"allow":["GET"]}}],"collection":[{"href":"https:\/\/www.fuldaernachrichten.de\/index.php?rest_route=\/wp\/v2\/posts"}],"about":[{"href":"https:\/\/www.fuldaernachrichten.de\/index.php?rest_route=\/wp\/v2\/types\/post"}],"author":[{"embeddable":true,"href":"https:\/\/www.fuldaernachrichten.de\/index.php?rest_route=\/wp\/v2\/users\/1"}],"replies":[{"embeddable":true,"href":"https:\/\/www.fuldaernachrichten.de\/index.php?rest_route=%2Fwp%2Fv2%2Fcomments&post=3814"}],"version-history":[{"count":0,"href":"https:\/\/www.fuldaernachrichten.de\/index.php?rest_route=\/wp\/v2\/posts\/3814\/revisions"}],"wp:attachment":[{"href":"https:\/\/www.fuldaernachrichten.de\/index.php?rest_route=%2Fwp%2Fv2%2Fmedia&parent=3814"}],"wp:term":[{"taxonomy":"category","embeddable":true,"href":"https:\/\/www.fuldaernachrichten.de\/index.php?rest_route=%2Fwp%2Fv2%2Fcategories&post=3814"},{"taxonomy":"post_tag","embeddable":true,"href":"https:\/\/www.fuldaernachrichten.de\/index.php?rest_route=%2Fwp%2Fv2%2Ftags&post=3814"}],"curies":[{"name":"wp","href":"https:\/\/api.w.org\/{rel}","templated":true}]}}