{"id":3809,"date":"2007-06-24T01:22:46","date_gmt":"2007-06-23T23:22:46","guid":{"rendered":"http:\/\/www.schoene-nachrichten.de\/?p=3809"},"modified":"2007-06-24T02:26:07","modified_gmt":"2007-06-24T00:26:07","slug":"blackfoot-indianer-zu-besuch-in-fulda","status":"publish","type":"post","link":"https:\/\/www.fuldaernachrichten.de\/?p=3809","title":{"rendered":"Blackfoot Indianer zu Besuch in Fulda"},"content":{"rendered":"<p><strong>Schon in der FZ gelesen?<\/strong> K\u00fcrzlich wurde Murray Small Legs, ein echter Indianer vom Stamm der Blackfoot Indianer,\u00c2\u00a0von uns in Fulda gesichtet. Murray lebt seit zehn Jahren in Potsdam und betreibt europaweit Aufkl\u00e4rungsarbeit \u00fcber sein Volk. Au\u00dferdem tritt er bei Stadtfesten oder Events auf. Bevor er nach Deutschland kam, hat er in einem Reservat in Kanada als Fremdenf\u00fchrer gearbeitet.<\/p>\n<p><strong>Fotos (3):<\/strong> Max Colin Heydenreich<\/p>\n<p><a target=\"_blank\" rel=\"lightbox[roadtrip]\" href=\"http:\/\/www.schoene-nachrichten.de\/wp-content\/uploads\/2007\/06\/070624_indianer_01.jpg\" title=\"070624_indianer_01.jpg\"><img decoding=\"async\" src=\"http:\/\/www.schoene-nachrichten.de\/wp-content\/uploads\/2007\/06\/070624_indianer_01.thumbnail.jpg\" alt=\"070624_indianer_01.jpg\" \/><\/a>\u00c2\u00a0<a target=\"_blank\" rel=\"lightbox[roadtrip]\" href=\"http:\/\/www.schoene-nachrichten.de\/wp-content\/uploads\/2007\/06\/070624_indianer_02.jpg\" title=\"070624_indianer_02.jpg\"><img decoding=\"async\" src=\"http:\/\/www.schoene-nachrichten.de\/wp-content\/uploads\/2007\/06\/070624_indianer_02.thumbnail.jpg\" alt=\"070624_indianer_02.jpg\" \/><\/a>\u00c2\u00a0<a target=\"_blank\" rel=\"lightbox[roadtrip]\" href=\"http:\/\/www.schoene-nachrichten.de\/wp-content\/uploads\/2007\/06\/070624_indianer_03.jpg\" title=\"070624_indianer_03.jpg\"><img decoding=\"async\" src=\"http:\/\/www.schoene-nachrichten.de\/wp-content\/uploads\/2007\/06\/070624_indianer_03.thumbnail.jpg\" alt=\"070624_indianer_03.jpg\" \/><\/a><\/p>\n<p><!--more-->Die Chance, nach Deutschland auszuwandern, hat er ohne zu z\u00f6gern wahrgenommen. \u201eIch h\u00e4tte es mir nie verziehen, wenn ich es nicht gemacht h\u00e4tte\u201c sagt Murray. Warum ein knapp 1,85 Meter gro\u00dfer Mann den Namen \u201eSmall Legs\u201c tr\u00e4gt, konnte er schnell beantworten.<\/p>\n<p>Als die Indianer vor 150 Jahren ihr Land gegen ein Reservat eintauschten, bekamen alle Familien Nachnamen. Murrays Ur-Ur-Gro\u00dfvater, damals noch ein junger Mann, hatte sich den Namen \u201eYoungman\u201c ausgesucht. Doch der \u00dcbersetzer hatte da wohl etwas falsch verstanden. Seitdem gibt es eine Indianerfamilie, die gro\u00df gewachsen ist, aber <a target=\"_blank\" href=\"http:\/\/www.murray-small-legs.de\/\">\u201eSmall Legs\u201c <\/a>hei\u00dft.<\/p>\n","protected":false},"excerpt":{"rendered":"<div class=\"tmnf_excerpt\"><p>Schon in der FZ gelesen? K\u00fcrzlich wurde Murray Small Legs, ein echter Indianer vom Stamm der Blackfoot Indianer,\u00c2\u00a0von uns in Fulda gesichtet. Murray lebt seit zehn Jahren in Potsdam und betreibt europaweit Aufkl\u00e4rungsarbeit \u00fcber sein Volk. Au\u00dferdem tritt er bei Stadtfesten oder Events auf. Bevor er nach Deutschland kam, hat er in einem Reservat in &hellip;<\/p>\n<\/div>","protected":false},"author":1,"featured_media":0,"comment_status":"closed","ping_status":"closed","sticky":false,"template":"","format":"standard","meta":{"footnotes":""},"categories":[1,44],"tags":[],"class_list":["post-3809","post","type-post","status-publish","format-standard","hentry","category-startseite","category-kultur"],"_links":{"self":[{"href":"https:\/\/www.fuldaernachrichten.de\/index.php?rest_route=\/wp\/v2\/posts\/3809","targetHints":{"allow":["GET"]}}],"collection":[{"href":"https:\/\/www.fuldaernachrichten.de\/index.php?rest_route=\/wp\/v2\/posts"}],"about":[{"href":"https:\/\/www.fuldaernachrichten.de\/index.php?rest_route=\/wp\/v2\/types\/post"}],"author":[{"embeddable":true,"href":"https:\/\/www.fuldaernachrichten.de\/index.php?rest_route=\/wp\/v2\/users\/1"}],"replies":[{"embeddable":true,"href":"https:\/\/www.fuldaernachrichten.de\/index.php?rest_route=%2Fwp%2Fv2%2Fcomments&post=3809"}],"version-history":[{"count":0,"href":"https:\/\/www.fuldaernachrichten.de\/index.php?rest_route=\/wp\/v2\/posts\/3809\/revisions"}],"wp:attachment":[{"href":"https:\/\/www.fuldaernachrichten.de\/index.php?rest_route=%2Fwp%2Fv2%2Fmedia&parent=3809"}],"wp:term":[{"taxonomy":"category","embeddable":true,"href":"https:\/\/www.fuldaernachrichten.de\/index.php?rest_route=%2Fwp%2Fv2%2Fcategories&post=3809"},{"taxonomy":"post_tag","embeddable":true,"href":"https:\/\/www.fuldaernachrichten.de\/index.php?rest_route=%2Fwp%2Fv2%2Ftags&post=3809"}],"curies":[{"name":"wp","href":"https:\/\/api.w.org\/{rel}","templated":true}]}}