{"id":3805,"date":"2007-06-23T08:55:53","date_gmt":"2007-06-23T06:55:53","guid":{"rendered":"http:\/\/www.schoene-nachrichten.de\/?p=3805"},"modified":"2007-06-23T08:56:48","modified_gmt":"2007-06-23T06:56:48","slug":"kaufhof-chef-kai-dierks-packt-seine-koffer-aus","status":"publish","type":"post","link":"https:\/\/www.fuldaernachrichten.de\/?p=3805","title":{"rendered":"Kaufhof-Chef Kai Dierks packt seine Koffer aus"},"content":{"rendered":"<p><a rel=\"lightbox[roadtrip]\" target=\"_blank\" href=\"http:\/\/www.schoene-nachrichten.de\/wp-content\/uploads\/2007\/06\/070623_dierks_01.jpg\" title=\"070623_dierks_01.jpg\"><img decoding=\"async\" align=\"left\" src=\"http:\/\/www.schoene-nachrichten.de\/wp-content\/uploads\/2007\/06\/070623_dierks_01.thumbnail.jpg\" hspace=\"5\" alt=\"070623_dierks_01.jpg\" \/><\/a><strong>Schon in der FZ gelesen? <\/strong>Kai Dierks, der neue Chef von Galeria Kaufhof, lebt schon seit zwei Monaten aus dem Koffer. Dass der geb\u00fcrtige Bremer noch nicht in Fulda angekommen ist, liegt daran, dass seine Frau und die beiden T\u00f6chter zurzeit noch in L\u00fcdenscheid wohnen. Doch Mitte Juli steht endlich die Familienzusammenf\u00fchrung ins Haus. Dierks zieht mit Frau und Kindern in den neuen Stadtteil Fulda Galerie.<\/p>\n<p><!--more-->\u201eDie Entscheidung\u201c, sagt der 38-J\u00e4hrige, \u201ehat meine Gattin getroffen.\u201c Das ausschlaggebende Argument: \u201eIn der Fulda Galerie orientieren sich alle Bewohner neu, weil jeder zugezogen ist.\u201c Wenn alle Koffer und Umzugskisten ausgepackt sind, will der Betriebswirt endlich wieder seinen Hobbys Fu\u00dfball und Tennis fr\u00f6nen. Und in den stillen Momenten, wird er sich einen Augenblick zur\u00fccklehnen und tr\u00e4umen: von einer Radtour durch Australien.<\/p>\n","protected":false},"excerpt":{"rendered":"<div class=\"tmnf_excerpt\"><p>Schon in der FZ gelesen? Kai Dierks, der neue Chef von Galeria Kaufhof, lebt schon seit zwei Monaten aus dem Koffer. Dass der geb\u00fcrtige Bremer noch nicht in Fulda angekommen ist, liegt daran, dass seine Frau und die beiden T\u00f6chter zurzeit noch in L\u00fcdenscheid wohnen. Doch Mitte Juli steht endlich die Familienzusammenf\u00fchrung ins Haus. Dierks &hellip;<\/p>\n<\/div>","protected":false},"author":1,"featured_media":0,"comment_status":"closed","ping_status":"closed","sticky":false,"template":"","format":"standard","meta":{"footnotes":""},"categories":[1],"tags":[],"class_list":["post-3805","post","type-post","status-publish","format-standard","hentry","category-startseite"],"_links":{"self":[{"href":"https:\/\/www.fuldaernachrichten.de\/index.php?rest_route=\/wp\/v2\/posts\/3805","targetHints":{"allow":["GET"]}}],"collection":[{"href":"https:\/\/www.fuldaernachrichten.de\/index.php?rest_route=\/wp\/v2\/posts"}],"about":[{"href":"https:\/\/www.fuldaernachrichten.de\/index.php?rest_route=\/wp\/v2\/types\/post"}],"author":[{"embeddable":true,"href":"https:\/\/www.fuldaernachrichten.de\/index.php?rest_route=\/wp\/v2\/users\/1"}],"replies":[{"embeddable":true,"href":"https:\/\/www.fuldaernachrichten.de\/index.php?rest_route=%2Fwp%2Fv2%2Fcomments&post=3805"}],"version-history":[{"count":0,"href":"https:\/\/www.fuldaernachrichten.de\/index.php?rest_route=\/wp\/v2\/posts\/3805\/revisions"}],"wp:attachment":[{"href":"https:\/\/www.fuldaernachrichten.de\/index.php?rest_route=%2Fwp%2Fv2%2Fmedia&parent=3805"}],"wp:term":[{"taxonomy":"category","embeddable":true,"href":"https:\/\/www.fuldaernachrichten.de\/index.php?rest_route=%2Fwp%2Fv2%2Fcategories&post=3805"},{"taxonomy":"post_tag","embeddable":true,"href":"https:\/\/www.fuldaernachrichten.de\/index.php?rest_route=%2Fwp%2Fv2%2Ftags&post=3805"}],"curies":[{"name":"wp","href":"https:\/\/api.w.org\/{rel}","templated":true}]}}