{"id":3789,"date":"2007-06-24T02:09:32","date_gmt":"2007-06-24T00:09:32","guid":{"rendered":"http:\/\/www.schoene-nachrichten.de\/?p=3789"},"modified":"2007-06-24T02:11:52","modified_gmt":"2007-06-24T00:11:52","slug":"vogelkundliche-fuehrung-durch-das-rote-moor-2","status":"publish","type":"post","link":"https:\/\/www.fuldaernachrichten.de\/?p=3789","title":{"rendered":"Vogelkundliche F\u00fchrung durch das Rote Moor"},"content":{"rendered":"<p><strong>Termin.<\/strong>\u00c2\u00a0Das Biosph\u00e4renreservat Rh\u00f6n l\u00e4dt zu einer vogelkundlichen F\u00fchrung durch das Rote Moor ein. Der Ornithologe Horst Bachmann f\u00fchrt am Samstag, dem 30. Juni,\u00c2\u00a0um 14.00 Uhr \u00fcber den Bohlenpfad im Roten Moor. Treffpunkt ist der Parkplatz Moordorf, Haus am Moor. Die Kosten betragen 2,50 \u00e2\u201a\u00ac pro Person. Kinder sind frei.<\/p>\n","protected":false},"excerpt":{"rendered":"<div class=\"tmnf_excerpt\"><p>Termin.\u00c2\u00a0Das Biosph\u00e4renreservat Rh\u00f6n l\u00e4dt zu einer vogelkundlichen F\u00fchrung durch das Rote Moor ein. Der Ornithologe Horst Bachmann f\u00fchrt am Samstag, dem 30. Juni,\u00c2\u00a0um 14.00 Uhr \u00fcber den Bohlenpfad im Roten Moor. Treffpunkt ist der Parkplatz Moordorf, Haus am Moor. Die Kosten betragen 2,50 \u00e2\u201a\u00ac pro Person. Kinder sind frei.<\/p>\n<\/div>","protected":false},"author":1,"featured_media":0,"comment_status":"closed","ping_status":"closed","sticky":false,"template":"","format":"standard","meta":{"footnotes":""},"categories":[1,53,44,52],"tags":[],"class_list":["post-3789","post","type-post","status-publish","format-standard","hentry","category-startseite","category-bildung","category-kultur","category-umwelt"],"_links":{"self":[{"href":"https:\/\/www.fuldaernachrichten.de\/index.php?rest_route=\/wp\/v2\/posts\/3789","targetHints":{"allow":["GET"]}}],"collection":[{"href":"https:\/\/www.fuldaernachrichten.de\/index.php?rest_route=\/wp\/v2\/posts"}],"about":[{"href":"https:\/\/www.fuldaernachrichten.de\/index.php?rest_route=\/wp\/v2\/types\/post"}],"author":[{"embeddable":true,"href":"https:\/\/www.fuldaernachrichten.de\/index.php?rest_route=\/wp\/v2\/users\/1"}],"replies":[{"embeddable":true,"href":"https:\/\/www.fuldaernachrichten.de\/index.php?rest_route=%2Fwp%2Fv2%2Fcomments&post=3789"}],"version-history":[{"count":0,"href":"https:\/\/www.fuldaernachrichten.de\/index.php?rest_route=\/wp\/v2\/posts\/3789\/revisions"}],"wp:attachment":[{"href":"https:\/\/www.fuldaernachrichten.de\/index.php?rest_route=%2Fwp%2Fv2%2Fmedia&parent=3789"}],"wp:term":[{"taxonomy":"category","embeddable":true,"href":"https:\/\/www.fuldaernachrichten.de\/index.php?rest_route=%2Fwp%2Fv2%2Fcategories&post=3789"},{"taxonomy":"post_tag","embeddable":true,"href":"https:\/\/www.fuldaernachrichten.de\/index.php?rest_route=%2Fwp%2Fv2%2Ftags&post=3789"}],"curies":[{"name":"wp","href":"https:\/\/api.w.org\/{rel}","templated":true}]}}