{"id":37862,"date":"2009-09-04T03:05:57","date_gmt":"2009-09-04T01:05:57","guid":{"rendered":"http:\/\/www.schoene-nachrichten.de\/?p=37862"},"modified":"2009-09-03T20:06:47","modified_gmt":"2009-09-03T18:06:47","slug":"tag-der-offenen-tuer-der-feuerwehr","status":"publish","type":"post","link":"https:\/\/www.fuldaernachrichten.de\/?p=37862","title":{"rendered":"Tag der offenen T\u00fcr der Feuerwehr"},"content":{"rendered":"<p><strong>Fulda. <\/strong>Die Freiwillige Feuerwehr Fulda-Mitte veranstaltet am 06. September 2009 von 10.00 bis 18.00 Uhr einen Tag der offenen T\u00fcr. Zum Thema \u201e40 Jahre Jugendfeuerwehr Fulda-Mitte\u201c finden zahlreiche Vorf\u00fchrungen und Einsatzdarstellungen statt und die Jugendfeuerwehr demonstriert ihr K\u00f6nnen. Au\u00dferdem kann die Feuerwache besichtigt werden. Neben einem bunten Kinderprogramm und musikalischer Unterhaltung ist auch f\u00fcr das leibliche Wohl gesorgt. Oberb\u00fcrgermeister Gerhard M\u00f6ller wird das Programm er\u00f6ffnen.<!--more--><\/p>\n<p>Daher laden wir Sie am Sonntag, 06. September 2009 ab 10.00 Uhr zum Tag der offenen T\u00fcr der Feuerwache Fulda (Neuenberg) sehr herzlich ein. <\/p>\n","protected":false},"excerpt":{"rendered":"<div class=\"tmnf_excerpt\"><p>Fulda. Die Freiwillige Feuerwehr Fulda-Mitte veranstaltet am 06. September 2009 von 10.00 bis 18.00 Uhr einen Tag der offenen T\u00fcr. Zum Thema \u201e40 Jahre Jugendfeuerwehr Fulda-Mitte\u201c finden zahlreiche Vorf\u00fchrungen und Einsatzdarstellungen statt und die Jugendfeuerwehr demonstriert ihr K\u00f6nnen. Au\u00dferdem kann die Feuerwache besichtigt werden. Neben einem bunten Kinderprogramm und musikalischer Unterhaltung ist auch f\u00fcr das &hellip;<\/p>\n<\/div>","protected":false},"author":1,"featured_media":0,"comment_status":"closed","ping_status":"closed","sticky":false,"template":"","format":"standard","meta":{"footnotes":""},"categories":[1,71],"tags":[],"class_list":["post-37862","post","type-post","status-publish","format-standard","hentry","category-startseite","category-feuerwehr"],"_links":{"self":[{"href":"https:\/\/www.fuldaernachrichten.de\/index.php?rest_route=\/wp\/v2\/posts\/37862","targetHints":{"allow":["GET"]}}],"collection":[{"href":"https:\/\/www.fuldaernachrichten.de\/index.php?rest_route=\/wp\/v2\/posts"}],"about":[{"href":"https:\/\/www.fuldaernachrichten.de\/index.php?rest_route=\/wp\/v2\/types\/post"}],"author":[{"embeddable":true,"href":"https:\/\/www.fuldaernachrichten.de\/index.php?rest_route=\/wp\/v2\/users\/1"}],"replies":[{"embeddable":true,"href":"https:\/\/www.fuldaernachrichten.de\/index.php?rest_route=%2Fwp%2Fv2%2Fcomments&post=37862"}],"version-history":[{"count":1,"href":"https:\/\/www.fuldaernachrichten.de\/index.php?rest_route=\/wp\/v2\/posts\/37862\/revisions"}],"predecessor-version":[{"id":37863,"href":"https:\/\/www.fuldaernachrichten.de\/index.php?rest_route=\/wp\/v2\/posts\/37862\/revisions\/37863"}],"wp:attachment":[{"href":"https:\/\/www.fuldaernachrichten.de\/index.php?rest_route=%2Fwp%2Fv2%2Fmedia&parent=37862"}],"wp:term":[{"taxonomy":"category","embeddable":true,"href":"https:\/\/www.fuldaernachrichten.de\/index.php?rest_route=%2Fwp%2Fv2%2Fcategories&post=37862"},{"taxonomy":"post_tag","embeddable":true,"href":"https:\/\/www.fuldaernachrichten.de\/index.php?rest_route=%2Fwp%2Fv2%2Ftags&post=37862"}],"curies":[{"name":"wp","href":"https:\/\/api.w.org\/{rel}","templated":true}]}}