{"id":3785,"date":"2007-06-22T00:10:37","date_gmt":"2007-06-21T22:10:37","guid":{"rendered":"http:\/\/www.schoene-nachrichten.de\/?p=3785"},"modified":"2007-06-22T00:20:46","modified_gmt":"2007-06-21T22:20:46","slug":"bildungsfahrten-nach-eisenach-mit-elisabeth-musicalbesuch","status":"publish","type":"post","link":"https:\/\/www.fuldaernachrichten.de\/?p=3785","title":{"rendered":"Bildungsfahrten nach Eisenach \u2013 mit Elisabeth-Musicalbesuch"},"content":{"rendered":"<p><a rel=\"lightbox[roadtrip]\" target=\"_blank\" href=\"http:\/\/www.schoene-nachrichten.de\/wp-content\/uploads\/2007\/06\/070621_elisabeth.jpg\" title=\"070621_elisabeth.jpg\"><img decoding=\"async\" align=\"left\" src=\"http:\/\/www.schoene-nachrichten.de\/wp-content\/uploads\/2007\/06\/070621_elisabeth.thumbnail.jpg\" hspace=\"5\" alt=\"070621_elisabeth.jpg\" \/><\/a><strong>Sch\u00f6nes aus Fulda.<\/strong> Die Katholische Arbeitnehmer-Bewegung und das Kolpingwerk im Bistum Fulda bieten zum Anlass des 800. Geburtstages der Heiligen Elisabeth, Bildungsfahrten nach Eisenach an. Im Programm der Zweitagesfahrten sind der Besuch der Wartburg mit der 3. Th\u00fcringischen Landesausstellung, eine Stadtf\u00fchrung und der Besuch des Musicals \u201eElisabeth \u2013 Die Legende einer Heiligen\u201c\u00c2\u00a0im Landestheater Eisenach enthalten.<!--more--><\/p>\n<p>Ein Abstecher zur Creuzburg ist individuell eingeplant. Weitere Leistungen sind die Busfahrt und eine \u00dcbernachtung mit Fr\u00fchst\u00fccksbuffet im evangelischen Tagungshotel \u201eHaus Hainstein\u201c.<\/p>\n<p>Das Musical \u201eElisabeth \u2013 Die Legende einer Heiligen\u201c ist nach \u201eBonifatius\u201c in Fulda und Bremen, die n\u00e4chste gro\u00dfe B\u00fchnenproduktion von Peter Scholz, Denis Martin und Reinfried Schie\u00dfler und der in K\u00fcnzell ans\u00e4ssigen Musicalproduktionsfirma \u201espotlight Musicalproduktion GmbH\u201c.<\/p>\n<p>Wie das Kolpingwerk mitteilt, sind noch wenige Restpl\u00e4tze vorhanden. Termine der Bildungsfahrten: 25.\/26.07.2007 ab 139,- \u00e2\u201a\u00ac und 13.\/14.08.2007 ab 146,- \u00e2\u201a\u00ac . Weitere Informationen gibt es \u00fcber die Hotline: 0661-10 000 beim Kolpingwerk in Fulda.<\/p>\n","protected":false},"excerpt":{"rendered":"<div class=\"tmnf_excerpt\"><p>Sch\u00f6nes aus Fulda. Die Katholische Arbeitnehmer-Bewegung und das Kolpingwerk im Bistum Fulda bieten zum Anlass des 800. Geburtstages der Heiligen Elisabeth, Bildungsfahrten nach Eisenach an. Im Programm der Zweitagesfahrten sind der Besuch der Wartburg mit der 3. Th\u00fcringischen Landesausstellung, eine Stadtf\u00fchrung und der Besuch des Musicals \u201eElisabeth \u2013 Die Legende einer Heiligen\u201c\u00c2\u00a0im Landestheater Eisenach enthalten.<\/p>\n<\/div>","protected":false},"author":1,"featured_media":0,"comment_status":"closed","ping_status":"closed","sticky":false,"template":"","format":"standard","meta":{"footnotes":""},"categories":[1,53,50,44],"tags":[],"class_list":["post-3785","post","type-post","status-publish","format-standard","hentry","category-startseite","category-bildung","category-kirche","category-kultur"],"_links":{"self":[{"href":"https:\/\/www.fuldaernachrichten.de\/index.php?rest_route=\/wp\/v2\/posts\/3785","targetHints":{"allow":["GET"]}}],"collection":[{"href":"https:\/\/www.fuldaernachrichten.de\/index.php?rest_route=\/wp\/v2\/posts"}],"about":[{"href":"https:\/\/www.fuldaernachrichten.de\/index.php?rest_route=\/wp\/v2\/types\/post"}],"author":[{"embeddable":true,"href":"https:\/\/www.fuldaernachrichten.de\/index.php?rest_route=\/wp\/v2\/users\/1"}],"replies":[{"embeddable":true,"href":"https:\/\/www.fuldaernachrichten.de\/index.php?rest_route=%2Fwp%2Fv2%2Fcomments&post=3785"}],"version-history":[{"count":0,"href":"https:\/\/www.fuldaernachrichten.de\/index.php?rest_route=\/wp\/v2\/posts\/3785\/revisions"}],"wp:attachment":[{"href":"https:\/\/www.fuldaernachrichten.de\/index.php?rest_route=%2Fwp%2Fv2%2Fmedia&parent=3785"}],"wp:term":[{"taxonomy":"category","embeddable":true,"href":"https:\/\/www.fuldaernachrichten.de\/index.php?rest_route=%2Fwp%2Fv2%2Fcategories&post=3785"},{"taxonomy":"post_tag","embeddable":true,"href":"https:\/\/www.fuldaernachrichten.de\/index.php?rest_route=%2Fwp%2Fv2%2Ftags&post=3785"}],"curies":[{"name":"wp","href":"https:\/\/api.w.org\/{rel}","templated":true}]}}