{"id":378,"date":"2006-12-15T00:10:25","date_gmt":"2006-12-14T23:10:25","guid":{"rendered":"http:\/\/www.schoene-nachrichten.de\/?p=378"},"modified":"2007-01-12T02:04:01","modified_gmt":"2007-01-12T01:04:01","slug":"bahner-gaben-ihr-traditionelles-weihnachtskonzert-im-antoniusheim","status":"publish","type":"post","link":"https:\/\/www.fuldaernachrichten.de\/?p=378","title":{"rendered":"&#8220;Bahner&#8221; gaben ihr traditionelles Weihnachtskonzert im Antoniusheim"},"content":{"rendered":"<p><strong>Sch\u00f6nes aus Fulda.<\/strong> Eines ist klar: Wenn &#8220;die Bahner&#8221; in das Antoniusheim kommen, dann ist Weihnachten nicht mehr weit. Zehn Tage vor Heiligabend gaben\u00c2\u00a0der Bahn-Werkchor &#8220;Ausbesserungswerk Fulda&#8221; unter Leitung von Petra Hegmann und das Eisenbahnerorchester unter der Leitung von Manfred Herbert\u00c2\u00a0ihr traditionelles Weihnachtskonzert in der Cafeteria.<\/p>\n<p>\u00c2\u00a0<\/p>\n<p><a title=\"Foto: Max Colin Heydenreich\" href=\"http:\/\/www.schoene-nachrichten.de\/wp-content\/uploads\/2006\/12\/061214_aheim_06.jpg\" target=\"_blank\"><img decoding=\"async\" id=\"image371\" height=\"85\" alt=\"061214_aheim_06.jpg\" src=\"http:\/\/www.schoene-nachrichten.de\/wp-content\/uploads\/2006\/12\/061214_aheim_06.thumbnail.jpg\" \/><\/a>\u00c2\u00a0<a title=\"Foto: Max Colin Heydenreich\" href=\"http:\/\/www.schoene-nachrichten.de\/wp-content\/uploads\/2006\/12\/061214_aheim_10.jpg\" target=\"_blank\"><img decoding=\"async\" id=\"image375\" height=\"85\" alt=\"061214_aheim_10.jpg\" src=\"http:\/\/www.schoene-nachrichten.de\/wp-content\/uploads\/2006\/12\/061214_aheim_10.thumbnail.jpg\" \/><\/a>\u00c2\u00a0<a title=\"Foto: Max Colin Heydenreich\" href=\"http:\/\/www.schoene-nachrichten.de\/wp-content\/uploads\/2006\/12\/061214_aheim_09.jpg\" target=\"_blank\"><img decoding=\"async\" id=\"image374\" height=\"85\" alt=\"061214_aheim_09.jpg\" src=\"http:\/\/www.schoene-nachrichten.de\/wp-content\/uploads\/2006\/12\/061214_aheim_09.thumbnail.jpg\" \/><\/a><\/p>\n<p><a title=\"Foto: Max Colin Heydenreich\" href=\"http:\/\/www.schoene-nachrichten.de\/wp-content\/uploads\/2006\/12\/061214_aheim_11.jpg\" target=\"_blank\"><img decoding=\"async\" id=\"image376\" height=\"85\" alt=\"061214_aheim_11.jpg\" src=\"http:\/\/www.schoene-nachrichten.de\/wp-content\/uploads\/2006\/12\/061214_aheim_11.thumbnail.jpg\" \/><\/a>\u00c2\u00a0<a title=\"Foto: Max Colin Heydenreich\" href=\"http:\/\/www.schoene-nachrichten.de\/wp-content\/uploads\/2006\/12\/061214_aheim_08.jpg\" target=\"_blank\"><img decoding=\"async\" id=\"image373\" height=\"85\" alt=\"061214_aheim_08.jpg\" src=\"http:\/\/www.schoene-nachrichten.de\/wp-content\/uploads\/2006\/12\/061214_aheim_08.thumbnail.jpg\" \/><\/a>\u00c2\u00a0<a title=\"Foto: Max Colin Heydenreich\" href=\"http:\/\/www.schoene-nachrichten.de\/wp-content\/uploads\/2006\/12\/061214_aheim_12.jpg\" target=\"_blank\"><img decoding=\"async\" id=\"image377\" height=\"85\" alt=\"061214_aheim_12.jpg\" src=\"http:\/\/www.schoene-nachrichten.de\/wp-content\/uploads\/2006\/12\/061214_aheim_12.thumbnail.jpg\" \/><\/a>\u00c2\u00a0<\/p>\n<p><a title=\"Foto: Max Colin Heydenreich\" href=\"http:\/\/www.schoene-nachrichten.de\/wp-content\/uploads\/2006\/12\/061214_aheim_07.jpg\" target=\"_blank\"><img decoding=\"async\" id=\"image372\" height=\"85\" alt=\"061214_aheim_07.jpg\" src=\"http:\/\/www.schoene-nachrichten.de\/wp-content\/uploads\/2006\/12\/061214_aheim_07.thumbnail.jpg\" \/><\/a>\u00c2\u00a0<a title=\"Foto: Max Colin Heydenreich\" href=\"http:\/\/www.schoene-nachrichten.de\/wp-content\/uploads\/2006\/12\/061214_aheim_05.jpg\" target=\"_blank\"><img decoding=\"async\" id=\"image370\" height=\"85\" alt=\"061214_aheim_05.jpg\" src=\"http:\/\/www.schoene-nachrichten.de\/wp-content\/uploads\/2006\/12\/061214_aheim_05.thumbnail.jpg\" \/><\/a>\u00c2\u00a0<a title=\"Foto: Max Colin Heydenreich\" href=\"http:\/\/www.schoene-nachrichten.de\/wp-content\/uploads\/2006\/12\/061214_aheim_04.jpg\" target=\"_blank\"><img decoding=\"async\" id=\"image369\" height=\"85\" alt=\"061214_aheim_04.jpg\" src=\"http:\/\/www.schoene-nachrichten.de\/wp-content\/uploads\/2006\/12\/061214_aheim_04.thumbnail.jpg\" \/><\/a><\/p>\n<p><a title=\"Foto: Max Colin Heydenreich\" href=\"http:\/\/www.schoene-nachrichten.de\/wp-content\/uploads\/2006\/12\/061214_aheim_03.jpg\" target=\"_blank\"><img decoding=\"async\" id=\"image368\" height=\"85\" alt=\"061214_aheim_03.jpg\" src=\"http:\/\/www.schoene-nachrichten.de\/wp-content\/uploads\/2006\/12\/061214_aheim_03.thumbnail.jpg\" \/><\/a>\u00c2\u00a0<a title=\"Foto: Max Colin Heydenreich\" href=\"http:\/\/www.schoene-nachrichten.de\/wp-content\/uploads\/2006\/12\/061214_aheim_01.jpg\" target=\"_blank\"><img decoding=\"async\" id=\"image366\" height=\"85\" alt=\"061214_aheim_01.jpg\" src=\"http:\/\/www.schoene-nachrichten.de\/wp-content\/uploads\/2006\/12\/061214_aheim_01.thumbnail.jpg\" \/><\/a>\u00c2\u00a0<a title=\"Foto: Max Colin Heydenreich\" href=\"http:\/\/www.schoene-nachrichten.de\/wp-content\/uploads\/2006\/12\/061214_aheim_02.jpg\" target=\"_blank\"><img decoding=\"async\" id=\"image367\" height=\"85\" alt=\"061214_aheim_02.jpg\" src=\"http:\/\/www.schoene-nachrichten.de\/wp-content\/uploads\/2006\/12\/061214_aheim_02.thumbnail.jpg\" \/><\/a><\/p>\n<p>\u00c2\u00a0<\/p>\n<p><!--more-->Mit &#8220;O du fr\u00f6hliche&#8230;&#8221;, &#8220;Leise rieselt der Schnee&#8221; oder &#8220;White Christmas&#8221; verzauberten\u00c2\u00a0Chor und Orchester mehr als 200 Zuh\u00f6rer und animierten zum Klatschen, Mitsingen oder Dirigieren. Andachtsjodler und Weihnachtsgeschichte rundeten das Programm ab.<\/p>\n<p>\u00c2\u00a0<\/p>\n<p>F\u00fcr die einzelnen Wohngruppen gab es au\u00dferdem S\u00fc\u00dfigkeiten und Geschenke. &#8220;Es war wie immer eine wundersch\u00f6ne und gelungene Einstimmung auf das Fest&#8221;, fanden nicht nur die Bewohnerinnen und Bewohner des Antoniusheims, sondern auch die Mitarbeiter und G\u00e4ste.<\/p>\n<p>\u00c2\u00a0<\/p>\n<p><strong>Weitere Fotos sehen Sie unter <\/strong><a href=\"http:\/\/www.pressefoto-fulda.de\/\"><strong>www.pressefoto-fulda.de<\/strong><\/a><\/p>\n<p>\u00c2\u00a0<\/p>\n","protected":false},"excerpt":{"rendered":"<div class=\"tmnf_excerpt\"><p>Sch\u00f6nes aus Fulda. Eines ist klar: Wenn &#8220;die Bahner&#8221; in das Antoniusheim kommen, dann ist Weihnachten nicht mehr weit. Zehn Tage vor Heiligabend gaben\u00c2\u00a0der Bahn-Werkchor &#8220;Ausbesserungswerk Fulda&#8221; unter Leitung von Petra Hegmann und das Eisenbahnerorchester unter der Leitung von Manfred Herbert\u00c2\u00a0ihr traditionelles Weihnachtskonzert in der Cafeteria. \u00c2\u00a0 \u00c2\u00a0\u00c2\u00a0 \u00c2\u00a0\u00c2\u00a0\u00c2\u00a0 \u00c2\u00a0\u00c2\u00a0 \u00c2\u00a0\u00c2\u00a0 \u00c2\u00a0<\/p>\n<\/div>","protected":false},"author":1,"featured_media":0,"comment_status":"closed","ping_status":"closed","sticky":false,"template":"","format":"standard","meta":{"footnotes":""},"categories":[1,54],"tags":[],"class_list":["post-378","post","type-post","status-publish","format-standard","hentry","category-startseite","category-bildergalerien"],"_links":{"self":[{"href":"https:\/\/www.fuldaernachrichten.de\/index.php?rest_route=\/wp\/v2\/posts\/378","targetHints":{"allow":["GET"]}}],"collection":[{"href":"https:\/\/www.fuldaernachrichten.de\/index.php?rest_route=\/wp\/v2\/posts"}],"about":[{"href":"https:\/\/www.fuldaernachrichten.de\/index.php?rest_route=\/wp\/v2\/types\/post"}],"author":[{"embeddable":true,"href":"https:\/\/www.fuldaernachrichten.de\/index.php?rest_route=\/wp\/v2\/users\/1"}],"replies":[{"embeddable":true,"href":"https:\/\/www.fuldaernachrichten.de\/index.php?rest_route=%2Fwp%2Fv2%2Fcomments&post=378"}],"version-history":[{"count":0,"href":"https:\/\/www.fuldaernachrichten.de\/index.php?rest_route=\/wp\/v2\/posts\/378\/revisions"}],"wp:attachment":[{"href":"https:\/\/www.fuldaernachrichten.de\/index.php?rest_route=%2Fwp%2Fv2%2Fmedia&parent=378"}],"wp:term":[{"taxonomy":"category","embeddable":true,"href":"https:\/\/www.fuldaernachrichten.de\/index.php?rest_route=%2Fwp%2Fv2%2Fcategories&post=378"},{"taxonomy":"post_tag","embeddable":true,"href":"https:\/\/www.fuldaernachrichten.de\/index.php?rest_route=%2Fwp%2Fv2%2Ftags&post=378"}],"curies":[{"name":"wp","href":"https:\/\/api.w.org\/{rel}","templated":true}]}}