{"id":3775,"date":"2007-06-26T06:00:40","date_gmt":"2007-06-26T04:00:40","guid":{"rendered":"http:\/\/www.schoene-nachrichten.de\/?p=3775"},"modified":"2008-12-15T13:14:18","modified_gmt":"2008-12-15T12:14:18","slug":"serie-rechtsfragen-heute-kuendigung-arbeitsverhaeltnis","status":"publish","type":"post","link":"https:\/\/www.fuldaernachrichten.de\/?p=3775","title":{"rendered":"Serie &#8220;Rechtsfragen&#8221; &#8211; heute: &#8220;K\u00fcndigung Arbeitsverh\u00e4ltnis&#8221;"},"content":{"rendered":"<p><strong>Interessantes aus dem Miet- und Arbeitsrecht.<\/strong> Was ist ein Aufhebungsvertrag? Worauf muss ich bei meiner Nebenkostenabrechnung achten? Was sollte in meinem Arbeitszeugnis stehen? &#8220;Sch\u00f6ne Nachrichten&#8221; startet heute mit einer neuen Serie zu relevanten Fragen aus dem Miet-\u00c2\u00a0und Arbeitsrecht. Antworten gibt Rechtsanwalt Frank Hartmann aus Petersberg.\u00c2\u00a0In den n\u00e4chsten Tagen sehen Sie\u00c2\u00a0hier insgesamt elf Kurzvideos. Heute geht es um das Thema. &#8220;K\u00fcndigung eines Arbeitsverh\u00e4ltnisses&#8221;.<\/p>\n<p><strong>Fotos (6) und Video:<\/strong> Max Colin Heydenreich<\/p>\n<p><strong>Teil\u00c2\u00a01 &#8211; K\u00fcndigung Arbeitsverh\u00e4ltnis<br \/>\n<\/strong>Video ansehen mit: <a target=\"_blank\" href=\"http:\/\/www.schoene-nachrichten.de\/wp-content\/uploads\/2007\/06\/070625_Hartmann_1_1.wmv\">Windows Media Player<\/a>\u00c2\u00a0oder\u00c2\u00a0<a target=\"_blank\" href=\"http:\/\/www.schoene-nachrichten.de\/Video\/070625_Hartmann_1_1.rmvb\">Real Media Player<\/a><\/p>\n<p><a rel=\"lightbox[roadtrip]\" target=\"_blank\" href=\"http:\/\/www.schoene-nachrichten.de\/wp-content\/uploads\/2007\/06\/070620_hartmann_01.jpg\" title=\"070620_hartmann_01.jpg\"><img decoding=\"async\" src=\"http:\/\/www.schoene-nachrichten.de\/wp-content\/uploads\/2007\/06\/070620_hartmann_01.thumbnail.jpg\" alt=\"070620_hartmann_01.jpg\" \/><\/a>\u00c2\u00a0<a rel=\"lightbox[roadtrip]\" target=\"_blank\" href=\"http:\/\/www.schoene-nachrichten.de\/wp-content\/uploads\/2007\/06\/070620_hartmann_04.jpg\" title=\"070620_hartmann_04.jpg\"><img decoding=\"async\" src=\"http:\/\/www.schoene-nachrichten.de\/wp-content\/uploads\/2007\/06\/070620_hartmann_04.thumbnail.jpg\" alt=\"070620_hartmann_04.jpg\" \/><\/a>\u00c2\u00a0<a rel=\"lightbox[roadtrip]\" target=\"_blank\" href=\"http:\/\/www.schoene-nachrichten.de\/wp-content\/uploads\/2007\/06\/070620_hartmann_02.jpg\" title=\"070620_hartmann_02.jpg\"><img decoding=\"async\" src=\"http:\/\/www.schoene-nachrichten.de\/wp-content\/uploads\/2007\/06\/070620_hartmann_02.thumbnail.jpg\" alt=\"070620_hartmann_02.jpg\" \/><\/a>\u00c2\u00a0<\/p>\n<p><!--more-->Frank Hartmann ist Fachanwalt f\u00fcr Miet- und Wohnungseigentumsrecht, sowie Fachanwalt f\u00fcr Arbeitsrecht. Seit 1990 arbeitet er in seiner Petersberger Kanzlei und ist Lehrgangsleiter der anwaltlichen Lehrg\u00e4nge f\u00fcr Rechtsreferendarinnen und Rechtsreferendare. Er ist Gr\u00fcndungsmitglied der Arbeitsgemeinschaft Mietrecht und WEG im Deutschen Anwaltsverein und seit 2005 Mitglied des Fachausschusses Miet- und Wohnungseigentumsrecht der Rechtsanwaltskammer Kassel.<\/p>\n<p><a rel=\"lightbox[roadtrip]\" target=\"_blank\" href=\"http:\/\/www.schoene-nachrichten.de\/wp-content\/uploads\/2007\/06\/070620_hartmann_05.jpg\" title=\"070620_hartmann_05.jpg\"><img decoding=\"async\" src=\"http:\/\/www.schoene-nachrichten.de\/wp-content\/uploads\/2007\/06\/070620_hartmann_05.thumbnail.jpg\" alt=\"070620_hartmann_05.jpg\" \/><\/a>\u00c2\u00a0<a rel=\"lightbox[roadtrip]\" target=\"_blank\" href=\"http:\/\/www.schoene-nachrichten.de\/wp-content\/uploads\/2007\/06\/070620_hartmann_03.jpg\" title=\"070620_hartmann_03.jpg\"><img decoding=\"async\" src=\"http:\/\/www.schoene-nachrichten.de\/wp-content\/uploads\/2007\/06\/070620_hartmann_03.thumbnail.jpg\" alt=\"070620_hartmann_03.jpg\" \/><\/a>\u00c2\u00a0<a rel=\"lightbox[roadtrip]\" target=\"_blank\" href=\"http:\/\/www.schoene-nachrichten.de\/wp-content\/uploads\/2007\/06\/070620_hartmann_06.jpg\" title=\"070620_hartmann_06.jpg\"><img decoding=\"async\" src=\"http:\/\/www.schoene-nachrichten.de\/wp-content\/uploads\/2007\/06\/070620_hartmann_06.thumbnail.jpg\" alt=\"070620_hartmann_06.jpg\" \/><\/a><\/p>\n<p>Neben seinen beiden Spezialgebieten arbeitet Hartmann auch in den Bereichen Erbrecht, Verkehrsunfallrecht, Forderungsmanagement, Jagdrecht, Vertragsrecht und Ordnungswidrigkeitenrecht.<\/p>\n<p><img decoding=\"async\" src=\"http:\/\/www.schoene-nachrichten.de\/wp-content\/uploads\/2007\/02\/x_sponsor.gif\" alt=\"x_sponsor.gif\" \/>[local \/wp-content\/uploads\/2007\/06\/070625_Hartmann_1_1.wmv]<\/p>\n<p><strong>Wer weitere Fragen in den genannten Bereichen hat, kann sich unter folgendem Kontakt direkt mit Frank Hartmann in Verbindung setzen:<\/strong><\/p>\n<p>Rechtsanwalt Frank Hartmann<br \/>\nPropsteistra\u00dfe 6<br \/>\n36100 Petersberg<br \/>\nTel.: (0661) 6 98 19<\/p>\n<p><a target=\"_blank\" href=\"http:\/\/www.rae-hartmann.de\">www.rae-hartmann.de<\/a><\/p>\n","protected":false},"excerpt":{"rendered":"<div class=\"tmnf_excerpt\"><p>Interessantes aus dem Miet- und Arbeitsrecht. Was ist ein Aufhebungsvertrag? Worauf muss ich bei meiner Nebenkostenabrechnung achten? Was sollte in meinem Arbeitszeugnis stehen? &#8220;Sch\u00f6ne Nachrichten&#8221; startet heute mit einer neuen Serie zu relevanten Fragen aus dem Miet-\u00c2\u00a0und Arbeitsrecht. Antworten gibt Rechtsanwalt Frank Hartmann aus Petersberg.\u00c2\u00a0In den n\u00e4chsten Tagen sehen Sie\u00c2\u00a0hier insgesamt elf Kurzvideos. Heute geht &hellip;<\/p>\n<\/div>","protected":false},"author":1,"featured_media":0,"comment_status":"closed","ping_status":"closed","sticky":false,"template":"","format":"standard","meta":{"footnotes":""},"categories":[1,79],"tags":[],"class_list":["post-3775","post","type-post","status-publish","format-standard","hentry","category-startseite","category-kino"],"_links":{"self":[{"href":"https:\/\/www.fuldaernachrichten.de\/index.php?rest_route=\/wp\/v2\/posts\/3775","targetHints":{"allow":["GET"]}}],"collection":[{"href":"https:\/\/www.fuldaernachrichten.de\/index.php?rest_route=\/wp\/v2\/posts"}],"about":[{"href":"https:\/\/www.fuldaernachrichten.de\/index.php?rest_route=\/wp\/v2\/types\/post"}],"author":[{"embeddable":true,"href":"https:\/\/www.fuldaernachrichten.de\/index.php?rest_route=\/wp\/v2\/users\/1"}],"replies":[{"embeddable":true,"href":"https:\/\/www.fuldaernachrichten.de\/index.php?rest_route=%2Fwp%2Fv2%2Fcomments&post=3775"}],"version-history":[{"count":1,"href":"https:\/\/www.fuldaernachrichten.de\/index.php?rest_route=\/wp\/v2\/posts\/3775\/revisions"}],"predecessor-version":[{"id":17443,"href":"https:\/\/www.fuldaernachrichten.de\/index.php?rest_route=\/wp\/v2\/posts\/3775\/revisions\/17443"}],"wp:attachment":[{"href":"https:\/\/www.fuldaernachrichten.de\/index.php?rest_route=%2Fwp%2Fv2%2Fmedia&parent=3775"}],"wp:term":[{"taxonomy":"category","embeddable":true,"href":"https:\/\/www.fuldaernachrichten.de\/index.php?rest_route=%2Fwp%2Fv2%2Fcategories&post=3775"},{"taxonomy":"post_tag","embeddable":true,"href":"https:\/\/www.fuldaernachrichten.de\/index.php?rest_route=%2Fwp%2Fv2%2Ftags&post=3775"}],"curies":[{"name":"wp","href":"https:\/\/api.w.org\/{rel}","templated":true}]}}