{"id":3766,"date":"2007-06-21T07:00:19","date_gmt":"2007-06-21T05:00:19","guid":{"rendered":"http:\/\/www.schoene-nachrichten.de\/?p=3766"},"modified":"2007-06-21T07:02:10","modified_gmt":"2007-06-21T05:02:10","slug":"e-jugend-wird-vize-weltmeister-bei-united-world-games-2007","status":"publish","type":"post","link":"https:\/\/www.fuldaernachrichten.de\/?p=3766","title":{"rendered":"E-Jugend wird Vize-Weltmeister bei United World Games 2007"},"content":{"rendered":"<p><strong>Sch\u00f6nes aus Fulda.<\/strong> Riesenerfolg f\u00fcr die E-Jugend des Fu\u00dfballvereins Fulda Horas: Bei den United World Games 2007 im \u00f6sterreichischen Klagenfurt sind die Nachwuchsspieler in der Altersklasse U 11 Vize-Weltmeister geworden.<\/p>\n<p><strong>Fotos (27):<\/strong> Fu\u00dfballverein Fulda Horas<\/p>\n<p><a rel=\"lightbox[roadtrip]\" target=\"_blank\" href=\"http:\/\/www.schoene-nachrichten.de\/wp-content\/uploads\/2007\/06\/070620_Horas_18.jpg\" title=\"Foto: Fu\u00dfballverein Fulda Horas\"><img decoding=\"async\" width=\"128\" src=\"http:\/\/www.schoene-nachrichten.de\/wp-content\/uploads\/2007\/06\/070620_Horas_18.thumbnail.jpg\" alt=\"070620_Horas_18.jpg\" \/><\/a>\u00c2\u00a0<a rel=\"lightbox[roadtrip]\" target=\"_blank\" href=\"http:\/\/www.schoene-nachrichten.de\/wp-content\/uploads\/2007\/06\/070620_Horas_26.jpg\" title=\"Foto: Fu\u00dfballverein Fulda Horas\"><img decoding=\"async\" width=\"128\" src=\"http:\/\/www.schoene-nachrichten.de\/wp-content\/uploads\/2007\/06\/070620_Horas_26.thumbnail.jpg\" alt=\"070620_Horas_26.jpg\" \/><\/a>\u00c2\u00a0<a rel=\"lightbox[roadtrip]\" target=\"_blank\" href=\"http:\/\/www.schoene-nachrichten.de\/wp-content\/uploads\/2007\/06\/070620_Horas_17.jpg\" title=\"Foto: Fu\u00dfballverein Fulda Horas\"><img decoding=\"async\" width=\"128\" src=\"http:\/\/www.schoene-nachrichten.de\/wp-content\/uploads\/2007\/06\/070620_Horas_17.thumbnail.jpg\" alt=\"070620_Horas_17.jpg\" \/><\/a><\/p>\n<p><!--more-->Bei der Miniolympiade, die von Kinder und Jugendlichen bis 17 Jahren in den Disziplinen Fu\u00dfball, Basketball und Volleyball ausgetragen wird, waren 2000 Sportler aus 13 Nationen am Start. Das Horaser Team war die einzige deutsche Fu\u00dfballmannschaft, die sich dem internationalen Vergleich gestellt hat. Und dass sich die Jungs von Trainer Joe White nicht verstecken m\u00fcssen, zeigt das Ergebnis der Vorrundenspiele.<\/p>\n<p><a rel=\"lightbox[roadtrip]\" target=\"_blank\" href=\"http:\/\/www.schoene-nachrichten.de\/wp-content\/uploads\/2007\/06\/070620_Horas_01.jpg\" title=\"Foto: Fu\u00dfballverein Fulda Horas\"><img decoding=\"async\" width=\"128\" src=\"http:\/\/www.schoene-nachrichten.de\/wp-content\/uploads\/2007\/06\/070620_Horas_01.thumbnail.jpg\" alt=\"070620_Horas_01.jpg\" \/><\/a> <a rel=\"lightbox[roadtrip]\" target=\"_blank\" href=\"http:\/\/www.schoene-nachrichten.de\/wp-content\/uploads\/2007\/06\/070620_Horas_02.jpg\" title=\"Foto: Fu\u00dfballverein Fulda Horas\"><img decoding=\"async\" width=\"128\" src=\"http:\/\/www.schoene-nachrichten.de\/wp-content\/uploads\/2007\/06\/070620_Horas_02.thumbnail.jpg\" alt=\"070620_Horas_02.jpg\" \/><\/a> <a rel=\"lightbox[roadtrip]\" target=\"_blank\" href=\"http:\/\/www.schoene-nachrichten.de\/wp-content\/uploads\/2007\/06\/070620_Horas_03.jpg\" title=\"Foto: Fu\u00dfballverein Fulda Horas\"><img decoding=\"async\" width=\"128\" src=\"http:\/\/www.schoene-nachrichten.de\/wp-content\/uploads\/2007\/06\/070620_Horas_03.thumbnail.jpg\" alt=\"070620_Horas_03.jpg\" \/><\/a><\/p>\n<p><a rel=\"lightbox[roadtrip]\" target=\"_blank\" href=\"http:\/\/www.schoene-nachrichten.de\/wp-content\/uploads\/2007\/06\/070620_Horas_04.jpg\" title=\"Foto: Fu\u00dfballverein Fulda Horas\"><img decoding=\"async\" width=\"128\" src=\"http:\/\/www.schoene-nachrichten.de\/wp-content\/uploads\/2007\/06\/070620_Horas_04.thumbnail.jpg\" alt=\"070620_Horas_04.jpg\" \/><\/a> <a rel=\"lightbox[roadtrip]\" target=\"_blank\" href=\"http:\/\/www.schoene-nachrichten.de\/wp-content\/uploads\/2007\/06\/070620_Horas_05.jpg\" title=\"Foto: Fu\u00dfballverein Fulda Horas\"><img decoding=\"async\" width=\"128\" src=\"http:\/\/www.schoene-nachrichten.de\/wp-content\/uploads\/2007\/06\/070620_Horas_05.thumbnail.jpg\" alt=\"070620_Horas_05.jpg\" \/><\/a> <a rel=\"lightbox[roadtrip]\" target=\"_blank\" href=\"http:\/\/www.schoene-nachrichten.de\/wp-content\/uploads\/2007\/06\/070620_Horas_06.jpg\" title=\"Foto: Fu\u00dfballverein Fulda Horas\"><img decoding=\"async\" width=\"128\" src=\"http:\/\/www.schoene-nachrichten.de\/wp-content\/uploads\/2007\/06\/070620_Horas_06.thumbnail.jpg\" alt=\"070620_Horas_06.jpg\" \/><\/a><\/p>\n<p>Nach f\u00fcnf Spielen gegen Mannschaften aus Kroatien, Serbien, \u00d6sterreich und Slowenien waren sie ungeschlagen ins Finale eingezogen. Dort unterlagen sie dem Team aus Dusanovac (Serbien) mit 3:1. \u201eDar\u00fcber waren meine Jungs aber nicht traurig, denn es waren sehr starke Gegner, die alle in einer Fu\u00dfballschule trainieren\u201c, berichtet White.<\/p>\n<p><a rel=\"lightbox[roadtrip]\" target=\"_blank\" href=\"http:\/\/www.schoene-nachrichten.de\/wp-content\/uploads\/2007\/06\/070620_Horas_07.jpg\" title=\"Foto: Fu\u00dfballverein Fulda Horas\"><img decoding=\"async\" width=\"128\" src=\"http:\/\/www.schoene-nachrichten.de\/wp-content\/uploads\/2007\/06\/070620_Horas_07.thumbnail.jpg\" alt=\"070620_Horas_07.jpg\" \/><\/a> <a rel=\"lightbox[roadtrip]\" target=\"_blank\" href=\"http:\/\/www.schoene-nachrichten.de\/wp-content\/uploads\/2007\/06\/070620_Horas_08.jpg\" title=\"Foto: Fu\u00dfballverein Fulda Horas\"><img decoding=\"async\" width=\"128\" src=\"http:\/\/www.schoene-nachrichten.de\/wp-content\/uploads\/2007\/06\/070620_Horas_08.thumbnail.jpg\" alt=\"070620_Horas_08.jpg\" \/><\/a> <a rel=\"lightbox[roadtrip]\" target=\"_blank\" href=\"http:\/\/www.schoene-nachrichten.de\/wp-content\/uploads\/2007\/06\/070620_Horas_09.jpg\" title=\"Foto: Fu\u00dfballverein Fulda Horas\"><img decoding=\"async\" width=\"128\" src=\"http:\/\/www.schoene-nachrichten.de\/wp-content\/uploads\/2007\/06\/070620_Horas_09.thumbnail.jpg\" alt=\"070620_Horas_09.jpg\" \/><\/a><\/p>\n<p><a rel=\"lightbox[roadtrip]\" target=\"_blank\" href=\"http:\/\/www.schoene-nachrichten.de\/wp-content\/uploads\/2007\/06\/070620_Horas_10.jpg\" title=\"Foto: Fu\u00dfballverein Fulda Horas\"><img decoding=\"async\" width=\"128\" src=\"http:\/\/www.schoene-nachrichten.de\/wp-content\/uploads\/2007\/06\/070620_Horas_10.thumbnail.jpg\" alt=\"070620_Horas_10.jpg\" \/><\/a> <a rel=\"lightbox[roadtrip]\" target=\"_blank\" href=\"http:\/\/www.schoene-nachrichten.de\/wp-content\/uploads\/2007\/06\/070620_Horas_11.jpg\" title=\"Foto: Fu\u00dfballverein Fulda Horas\"><img decoding=\"async\" width=\"128\" src=\"http:\/\/www.schoene-nachrichten.de\/wp-content\/uploads\/2007\/06\/070620_Horas_11.thumbnail.jpg\" alt=\"070620_Horas_11.jpg\" \/><\/a> <a rel=\"lightbox[roadtrip]\" target=\"_blank\" href=\"http:\/\/www.schoene-nachrichten.de\/wp-content\/uploads\/2007\/06\/070620_Horas_12.jpg\" title=\"Foto: Fu\u00dfballverein Fulda Horas\"><img decoding=\"async\" width=\"128\" src=\"http:\/\/www.schoene-nachrichten.de\/wp-content\/uploads\/2007\/06\/070620_Horas_12.thumbnail.jpg\" alt=\"070620_Horas_12.jpg\" \/><\/a><\/p>\n<p>F\u00fcr die Neun- bis Zehnj\u00e4hrigen sei das dreit\u00e4gige Sportspektakel am W\u00f6rthersee ein echtes Erlebnis und w\u00fcrdiger Saisonabschluss gewesen. Im n\u00e4chsten Jahr will White mit seinen Spielern wieder an den \u201eGames\u201c, die unter der Schirmherrschaft der UNESCO stehen, teilnehmen. Und wenn alles klappt, gibt es zuvor noch eine Revanche gegen die Serben. Die haben die Horaser Jungs n\u00e4mlich nach Dusanovac eingeladen.<\/p>\n<p><a rel=\"lightbox[roadtrip]\" target=\"_blank\" href=\"http:\/\/www.schoene-nachrichten.de\/wp-content\/uploads\/2007\/06\/070620_Horas_13.jpg\" title=\"Foto: Fu\u00dfballverein Fulda Horas\"><img decoding=\"async\" width=\"128\" src=\"http:\/\/www.schoene-nachrichten.de\/wp-content\/uploads\/2007\/06\/070620_Horas_13.thumbnail.jpg\" alt=\"070620_Horas_13.jpg\" \/><\/a> <a rel=\"lightbox[roadtrip]\" target=\"_blank\" href=\"http:\/\/www.schoene-nachrichten.de\/wp-content\/uploads\/2007\/06\/070620_Horas_14.jpg\" title=\"Foto: Fu\u00dfballverein Fulda Horas\"><img decoding=\"async\" width=\"128\" src=\"http:\/\/www.schoene-nachrichten.de\/wp-content\/uploads\/2007\/06\/070620_Horas_14.thumbnail.jpg\" alt=\"070620_Horas_14.jpg\" \/><\/a> <a rel=\"lightbox[roadtrip]\" target=\"_blank\" href=\"http:\/\/www.schoene-nachrichten.de\/wp-content\/uploads\/2007\/06\/070620_Horas_15.jpg\" title=\"Foto: Fu\u00dfballverein Fulda Horas\"><img decoding=\"async\" width=\"128\" src=\"http:\/\/www.schoene-nachrichten.de\/wp-content\/uploads\/2007\/06\/070620_Horas_15.thumbnail.jpg\" alt=\"070620_Horas_15.jpg\" \/><\/a><\/p>\n<p><a rel=\"lightbox[roadtrip]\" target=\"_blank\" href=\"http:\/\/www.schoene-nachrichten.de\/wp-content\/uploads\/2007\/06\/070620_Horas_16.jpg\" title=\"Foto: Fu\u00dfballverein Fulda Horas\"><img decoding=\"async\" width=\"128\" src=\"http:\/\/www.schoene-nachrichten.de\/wp-content\/uploads\/2007\/06\/070620_Horas_16.thumbnail.jpg\" alt=\"070620_Horas_16.jpg\" \/><\/a>\u00c2\u00a0<a rel=\"lightbox[roadtrip]\" target=\"_blank\" href=\"http:\/\/www.schoene-nachrichten.de\/wp-content\/uploads\/2007\/06\/070620_Horas_19.jpg\" title=\"Foto: Fu\u00dfballverein Fulda Horas\"><img decoding=\"async\" width=\"128\" src=\"http:\/\/www.schoene-nachrichten.de\/wp-content\/uploads\/2007\/06\/070620_Horas_19.thumbnail.jpg\" alt=\"070620_Horas_19.jpg\" \/><\/a> <a rel=\"lightbox[roadtrip]\" target=\"_blank\" href=\"http:\/\/www.schoene-nachrichten.de\/wp-content\/uploads\/2007\/06\/070620_Horas_20.jpg\" title=\"Foto: Fu\u00dfballverein Fulda Horas\"><img decoding=\"async\" width=\"128\" src=\"http:\/\/www.schoene-nachrichten.de\/wp-content\/uploads\/2007\/06\/070620_Horas_20.thumbnail.jpg\" alt=\"070620_Horas_20.jpg\" \/><\/a><\/p>\n<p><strong>In Klagenfurt haben gespielt:<\/strong> Nicolas Spork, Kubilay Seker, Lukas Lorenzen, Florian G\u00fcnther, Louis Henkel, Robin White, Daniel Wilde, Mark Lindinger, Leon Claasen und Dustin Henkel.<\/p>\n<p><a rel=\"lightbox[roadtrip]\" target=\"_blank\" href=\"http:\/\/www.schoene-nachrichten.de\/wp-content\/uploads\/2007\/06\/070620_Horas_21.jpg\" title=\"Foto: Fu\u00dfballverein Fulda Horas\"><img decoding=\"async\" width=\"128\" src=\"http:\/\/www.schoene-nachrichten.de\/wp-content\/uploads\/2007\/06\/070620_Horas_21.thumbnail.jpg\" alt=\"070620_Horas_21.jpg\" \/><\/a>\u00c2\u00a0<a rel=\"lightbox[roadtrip]\" target=\"_blank\" href=\"http:\/\/www.schoene-nachrichten.de\/wp-content\/uploads\/2007\/06\/070620_Horas_22.jpg\" title=\"Foto: Fu\u00dfballverein Fulda Horas\"><img decoding=\"async\" width=\"128\" src=\"http:\/\/www.schoene-nachrichten.de\/wp-content\/uploads\/2007\/06\/070620_Horas_22.thumbnail.jpg\" alt=\"070620_Horas_22.jpg\" \/><\/a> <a rel=\"lightbox[roadtrip]\" target=\"_blank\" href=\"http:\/\/www.schoene-nachrichten.de\/wp-content\/uploads\/2007\/06\/070620_Horas_23.jpg\" title=\"Foto: Fu\u00dfballverein Fulda Horas\"><img decoding=\"async\" width=\"128\" src=\"http:\/\/www.schoene-nachrichten.de\/wp-content\/uploads\/2007\/06\/070620_Horas_23.thumbnail.jpg\" alt=\"070620_Horas_23.jpg\" \/><\/a><\/p>\n<p><a rel=\"lightbox[roadtrip]\" target=\"_blank\" href=\"http:\/\/www.schoene-nachrichten.de\/wp-content\/uploads\/2007\/06\/070620_Horas_24.jpg\" title=\"Foto: Fu\u00dfballverein Fulda Horas\"><img decoding=\"async\" width=\"128\" src=\"http:\/\/www.schoene-nachrichten.de\/wp-content\/uploads\/2007\/06\/070620_Horas_24.thumbnail.jpg\" alt=\"070620_Horas_24.jpg\" \/><\/a>\u00c2\u00a0<a rel=\"lightbox[roadtrip]\" target=\"_blank\" href=\"http:\/\/www.schoene-nachrichten.de\/wp-content\/uploads\/2007\/06\/070620_Horas_25.jpg\" title=\"Foto: Fu\u00dfballverein Fulda Horas\"><img decoding=\"async\" width=\"128\" src=\"http:\/\/www.schoene-nachrichten.de\/wp-content\/uploads\/2007\/06\/070620_Horas_25.thumbnail.jpg\" alt=\"070620_Horas_25.jpg\" \/><\/a>\u00c2\u00a0<a rel=\"lightbox[roadtrip]\" target=\"_blank\" href=\"http:\/\/www.schoene-nachrichten.de\/wp-content\/uploads\/2007\/06\/070620_Horas_27.jpg\" title=\"Foto: Fu\u00dfballverein Fulda Horas\"><img decoding=\"async\" width=\"128\" src=\"http:\/\/www.schoene-nachrichten.de\/wp-content\/uploads\/2007\/06\/070620_Horas_27.thumbnail.jpg\" alt=\"070620_Horas_27.jpg\" \/><\/a><\/p>\n","protected":false},"excerpt":{"rendered":"<div class=\"tmnf_excerpt\"><p>Sch\u00f6nes aus Fulda. Riesenerfolg f\u00fcr die E-Jugend des Fu\u00dfballvereins Fulda Horas: Bei den United World Games 2007 im \u00f6sterreichischen Klagenfurt sind die Nachwuchsspieler in der Altersklasse U 11 Vize-Weltmeister geworden. Fotos (27): Fu\u00dfballverein Fulda Horas \u00c2\u00a0\u00c2\u00a0<\/p>\n<\/div>","protected":false},"author":1,"featured_media":0,"comment_status":"closed","ping_status":"closed","sticky":false,"template":"","format":"standard","meta":{"footnotes":""},"categories":[1,46],"tags":[],"class_list":["post-3766","post","type-post","status-publish","format-standard","hentry","category-startseite","category-sport"],"_links":{"self":[{"href":"https:\/\/www.fuldaernachrichten.de\/index.php?rest_route=\/wp\/v2\/posts\/3766","targetHints":{"allow":["GET"]}}],"collection":[{"href":"https:\/\/www.fuldaernachrichten.de\/index.php?rest_route=\/wp\/v2\/posts"}],"about":[{"href":"https:\/\/www.fuldaernachrichten.de\/index.php?rest_route=\/wp\/v2\/types\/post"}],"author":[{"embeddable":true,"href":"https:\/\/www.fuldaernachrichten.de\/index.php?rest_route=\/wp\/v2\/users\/1"}],"replies":[{"embeddable":true,"href":"https:\/\/www.fuldaernachrichten.de\/index.php?rest_route=%2Fwp%2Fv2%2Fcomments&post=3766"}],"version-history":[{"count":0,"href":"https:\/\/www.fuldaernachrichten.de\/index.php?rest_route=\/wp\/v2\/posts\/3766\/revisions"}],"wp:attachment":[{"href":"https:\/\/www.fuldaernachrichten.de\/index.php?rest_route=%2Fwp%2Fv2%2Fmedia&parent=3766"}],"wp:term":[{"taxonomy":"category","embeddable":true,"href":"https:\/\/www.fuldaernachrichten.de\/index.php?rest_route=%2Fwp%2Fv2%2Fcategories&post=3766"},{"taxonomy":"post_tag","embeddable":true,"href":"https:\/\/www.fuldaernachrichten.de\/index.php?rest_route=%2Fwp%2Fv2%2Ftags&post=3766"}],"curies":[{"name":"wp","href":"https:\/\/api.w.org\/{rel}","templated":true}]}}