{"id":3752,"date":"2007-06-21T00:10:37","date_gmt":"2007-06-20T22:10:37","guid":{"rendered":"http:\/\/www.schoene-nachrichten.de\/?p=3752"},"modified":"2007-06-21T00:11:16","modified_gmt":"2007-06-20T22:11:16","slug":"deutscher-weiterbildungstag-2007-auch-in-fulda","status":"publish","type":"post","link":"https:\/\/www.fuldaernachrichten.de\/?p=3752","title":{"rendered":"Deutscher Weiterbildungstag 2007 auch in Fulda"},"content":{"rendered":"<p><strong>Sch\u00f6nes aus Fulda.<\/strong> Das im Rahmen des Deutschen Weiterbildungstages 2007 am vergangenen Freitag ausgerichtete vhs Sommerfest fand trotz des Regens gro\u00dfes Interesse und demonstrierte das vielschichtige Leistungsspektrum der Volkshochschule des Landkreises Fulda. Gro\u00dfen Andrang konnte die Kabarett-Gruppe der vhs bei ihrem Auftritt verzeichnen, ebenso wurden die Mitwirkenden der Orientalischen Bauchtanzdarbietung vor vollen Publikumsr\u00e4ngen f\u00fcr ihren Auftritt mit viel Applaus belohnt.<\/p>\n<p><a rel=\"lightbox[roadtrip]\" target=\"_blank\" href=\"http:\/\/www.schoene-nachrichten.de\/wp-content\/uploads\/2007\/06\/070615_vhs1.jpg\" title=\"070615_vhs1.jpg\"><img decoding=\"async\" width=\"128\" src=\"http:\/\/www.schoene-nachrichten.de\/wp-content\/uploads\/2007\/06\/070615_vhs1.thumbnail.jpg\" alt=\"070615_vhs1.jpg\" height=\"79\" \/><\/a>\u00c2\u00a0<a rel=\"lightbox[roadtrip]\" target=\"_blank\" href=\"http:\/\/www.schoene-nachrichten.de\/wp-content\/uploads\/2007\/06\/070615_vhs2.jpg\" title=\"070615_vhs2.jpg\"><img decoding=\"async\" width=\"116\" src=\"http:\/\/www.schoene-nachrichten.de\/wp-content\/uploads\/2007\/06\/070615_vhs2.thumbnail.jpg\" alt=\"070615_vhs2.jpg\" height=\"80\" style=\"width: 116px; height: 80px\" \/><\/a>\u00c2\u00a0<a rel=\"lightbox[roadtrip]\" target=\"_blank\" href=\"http:\/\/www.schoene-nachrichten.de\/wp-content\/uploads\/2007\/06\/070615_vhs3.jpg\" title=\"070615_vhs3.jpg\"><img decoding=\"async\" width=\"117\" src=\"http:\/\/www.schoene-nachrichten.de\/wp-content\/uploads\/2007\/06\/070615_vhs3.thumbnail.jpg\" alt=\"070615_vhs3.jpg\" height=\"80\" style=\"width: 117px; height: 80px\" \/><\/a><\/p>\n<p><!--more--><\/p>\n<p>Doch auch Demonstrationen aus dem Kreativbereich fanden Anklang bei den Besuchern. Simone Kirsch f\u00fchrte in die Kunst der Kalligrafie ein, der Fotograf Martin Eisenbart stellte eigene Fotografien aus, daneben dokumentierte er das Geschehen rund um das Sommerfest mit professionellen Aufnahmen. Teilnehmerinnen aus einem N\u00e4hkurs von Ingeborg Brokamp flanierten mit selbst geschneiderten historischen Gew\u00e4ndern durch die G\u00e4nge des Georg-Stieler-Hauses und die Reihen der Besucher.<\/p>\n<p>Unter dem Motto \u201eMit Vollgas zum neuen Job\u201c lie\u00dfen sich die Teilnehmer eines Schnupperkurses dar\u00fcber informieren, wie man sich am besten auf ein Bewerbungsgespr\u00e4ch vorbereitet und wie eine Bewerbungsmappe auszusehen hat. Aufgrund des einsetzenden Regens konnte das vhs-Nachwuchsblasorchester Mackenzell-N\u00fcsttal leider nicht sein volles Programm abliefern, doch die dargebotenen St\u00fccke gaben einen ausreichenden Eindruck vom K\u00f6nnen der jungen Musikerinnen und Musiker.\u00c2\u00a0 Die St\u00fccke der Teilnehmer des vhs-Kurses \u201eAfrikanisches Trommeln\u201c zu Beginn sowie die Kl\u00e4nge der Taiko-Trommelgruppe am Ende des Sommerfestes umrahmten klanggewaltig und imposant die Veranstaltung des Deutschen Weiterbildungstages 2007 aus dem Raum Fulda.<\/p>\n<p>Der Tag, so Michael Friedrich, Leiter der vhs des Landkreises Fulda, wurde zum einen f\u00fcr die Vorstellung des neuen Semesterprogramms genutzt. Zum anderen sei der Rahmen ideal gewesen, um \u00fcber personelle Neuerungen zu informieren, wie zum Beispiel die Benennung des neuen Studienleiters f\u00fcr den Fachbereich Gesundheit Stefan Will.\u00c2\u00a0Viele Besucher seien immer wieder \u00fcber das weit reichende und vielschichtige Bildungsangebot der vhs \u00fcberrascht. Daher, so Friedrich weiter, nehme man gerne die M\u00f6glichkeit eines solchen Sommerfestes wahr um auch Personen, die nicht so h\u00e4ufig ein vhs-Programm zu Hand nehmen, \u00fcber die Vielf\u00e4ltigkeit der Angebote zu informieren.<\/p>\n<p>Aller Voraussicht nach werde es auch im kommenden Jahr wieder ein Sommerfest geben, die Resonanz auf die Veranstaltung seitens der Kursteilnehmerinnen und Kursteilnehmer sowie der interessierten \u00d6ffentlichkeit sei so gut, dass man das Fest zum Programmerscheinungstermin zum festen Bestandteil im Veranstaltungskalender der vhs des Landkreises machen werde.<\/p>\n","protected":false},"excerpt":{"rendered":"<div class=\"tmnf_excerpt\"><p>Sch\u00f6nes aus Fulda. Das im Rahmen des Deutschen Weiterbildungstages 2007 am vergangenen Freitag ausgerichtete vhs Sommerfest fand trotz des Regens gro\u00dfes Interesse und demonstrierte das vielschichtige Leistungsspektrum der Volkshochschule des Landkreises Fulda. Gro\u00dfen Andrang konnte die Kabarett-Gruppe der vhs bei ihrem Auftritt verzeichnen, ebenso wurden die Mitwirkenden der Orientalischen Bauchtanzdarbietung vor vollen Publikumsr\u00e4ngen f\u00fcr ihren &hellip;<\/p>\n<\/div>","protected":false},"author":1,"featured_media":0,"comment_status":"closed","ping_status":"closed","sticky":false,"template":"","format":"standard","meta":{"footnotes":""},"categories":[1,53,37,44],"tags":[],"class_list":["post-3752","post","type-post","status-publish","format-standard","hentry","category-startseite","category-bildung","category-essen-und-trinken","category-kultur"],"_links":{"self":[{"href":"https:\/\/www.fuldaernachrichten.de\/index.php?rest_route=\/wp\/v2\/posts\/3752","targetHints":{"allow":["GET"]}}],"collection":[{"href":"https:\/\/www.fuldaernachrichten.de\/index.php?rest_route=\/wp\/v2\/posts"}],"about":[{"href":"https:\/\/www.fuldaernachrichten.de\/index.php?rest_route=\/wp\/v2\/types\/post"}],"author":[{"embeddable":true,"href":"https:\/\/www.fuldaernachrichten.de\/index.php?rest_route=\/wp\/v2\/users\/1"}],"replies":[{"embeddable":true,"href":"https:\/\/www.fuldaernachrichten.de\/index.php?rest_route=%2Fwp%2Fv2%2Fcomments&post=3752"}],"version-history":[{"count":0,"href":"https:\/\/www.fuldaernachrichten.de\/index.php?rest_route=\/wp\/v2\/posts\/3752\/revisions"}],"wp:attachment":[{"href":"https:\/\/www.fuldaernachrichten.de\/index.php?rest_route=%2Fwp%2Fv2%2Fmedia&parent=3752"}],"wp:term":[{"taxonomy":"category","embeddable":true,"href":"https:\/\/www.fuldaernachrichten.de\/index.php?rest_route=%2Fwp%2Fv2%2Fcategories&post=3752"},{"taxonomy":"post_tag","embeddable":true,"href":"https:\/\/www.fuldaernachrichten.de\/index.php?rest_route=%2Fwp%2Fv2%2Ftags&post=3752"}],"curies":[{"name":"wp","href":"https:\/\/api.w.org\/{rel}","templated":true}]}}