{"id":37507,"date":"2009-08-31T06:00:09","date_gmt":"2009-08-31T04:00:09","guid":{"rendered":"http:\/\/www.schoene-nachrichten.de\/?p=37507"},"modified":"2009-08-30T22:52:26","modified_gmt":"2009-08-30T20:52:26","slug":"gottesdienst-pasta-party-und-staffel-marathon-kreuzkirche-fulda-feiert-aaanderen-marathon-gottesdienst","status":"publish","type":"post","link":"https:\/\/www.fuldaernachrichten.de\/?p=37507","title":{"rendered":"Gottesdienst, Pasta-Party und Staffel-Marathon &#8211; Kreuzkirche Fulda  feiert \u201eAAAnderen Marathon-Gottesdienst\u201c"},"content":{"rendered":"<p><strong>Fulda. <\/strong>Die Kreuzkirchengemeinde\u00c2\u00a0 in Fulda-Neuenberg macht\u00c2\u00a0 sich schon l\u00e4nger einen Namen unter den L\u00e4ufern in Fulda, vorneweg ihr Pfarrer Stefan B\u00fcrger, der in 2005 den Berlin-Marathon gelaufen ist. Ein regelm\u00e4\u00dfiger Lauftreff geh\u00f6rt zur Kirchengemeinde seitdem dazu.<\/p>\n<p><a href=\"http:\/\/www.schoene-nachrichten.de\/wp-content\/uploads\/2009\/08\/untitled17.jpg\"><img fetchpriority=\"high\" decoding=\"async\" class=\"alignnone size-thumbnail wp-image-37509\" title=\"Informationsbeauftragter des Ev. Kirchenkreises Fulda\" src=\"http:\/\/www.schoene-nachrichten.de\/wp-content\/uploads\/2009\/08\/untitled17-265x353.jpg\" alt=\"Informationsbeauftragter des Ev. Kirchenkreises Fulda\" width=\"265\" height=\"353\" srcset=\"https:\/\/www.fuldaernachrichten.de\/wp-content\/uploads\/2009\/08\/untitled17-265x353.jpg 265w, https:\/\/www.fuldaernachrichten.de\/wp-content\/uploads\/2009\/08\/untitled17.jpg 450w\" sizes=\"(max-width: 265px) 100vw, 265px\" \/><\/a> <a href=\"http:\/\/www.schoene-nachrichten.de\/wp-content\/uploads\/2009\/08\/untitled18.jpg\"><img decoding=\"async\" class=\"alignnone size-thumbnail wp-image-37510\" title=\"Informationsbeauftragter des Ev. Kirchenkreises Fulda\" src=\"http:\/\/www.schoene-nachrichten.de\/wp-content\/uploads\/2009\/08\/untitled18-265x198.jpg\" alt=\"Informationsbeauftragter des Ev. Kirchenkreises Fulda\" width=\"265\" height=\"198\" srcset=\"https:\/\/www.fuldaernachrichten.de\/wp-content\/uploads\/2009\/08\/untitled18-265x198.jpg 265w, https:\/\/www.fuldaernachrichten.de\/wp-content\/uploads\/2009\/08\/untitled18.jpg 800w\" sizes=\"(max-width: 265px) 100vw, 265px\" \/><\/a><!--more--><\/p>\n<p><strong>Tradtition seit 2006<\/strong><\/p>\n<p>Auf den Vorabend des Fulda-Marathon hat die Gemeinde nun extra ihren Gottesdienst gelegt, es soll ein Marathon-Gottesdienst werden. \u201eSeit 2006 feiern wir in der Kreuzkirche einen AAAnderen Gottesdienst (Ausschlafen-Aufatmen-Aufeinander zu gehen), der jeweils am ersten Sonntag im Monat stattfindet\u201c, erl\u00e4utert Stefan B\u00fcrger. Das traf in den letzten Jahren immer den Termin des Fulda-Marathons am ersten Septemberwochenende. Die Gemeindeleitung habe sich nun entschlossen, den Gottesdienst auf den Samstag zu legen, und damit alle einzuladen, die am Fulda-Marathon mitlaufen. \u201eHoffentlich kommen nicht alle 2000-3000 L\u00e4ufer, denn dann kommen wir an unsere Kapazit\u00e4tsgrenzen\u201c, witzelt der Pfarrer.<\/p>\n<p>Wie in Gro\u00dfst\u00e4dten wollte die Kirchengemeinde auch gern zum Marathon einen thematischen Gottesdienst anbieten. Nat\u00fcrlich werde er an das Thema Laufen ankn\u00fcpfen und \u00fcberlegen, inwieweit man genau wie beim Langstreckenlauf auch zum Glauben seine eigene Geschwindigkeit finden m\u00fcsse. Auch \u201eNicht-L\u00e4ufern\u201c k\u00f6nne hier Nachdenkliches mit auf den Weg gegeben werden.<\/p>\n<p><a href=\"http:\/\/www.schoene-nachrichten.de\/wp-content\/uploads\/2009\/08\/untitled25.jpg\"><img decoding=\"async\" class=\"alignnone size-thumbnail wp-image-37511\" title=\"Informationsbeauftragter des Ev. Kirchenkreises Fulda\" src=\"http:\/\/www.schoene-nachrichten.de\/wp-content\/uploads\/2009\/08\/untitled25-265x198.jpg\" alt=\"Informationsbeauftragter des Ev. Kirchenkreises Fulda\" width=\"265\" height=\"198\" srcset=\"https:\/\/www.fuldaernachrichten.de\/wp-content\/uploads\/2009\/08\/untitled25-265x198.jpg 265w, https:\/\/www.fuldaernachrichten.de\/wp-content\/uploads\/2009\/08\/untitled25.jpg 800w\" sizes=\"(max-width: 265px) 100vw, 265px\" \/><\/a> <a href=\"http:\/\/www.schoene-nachrichten.de\/wp-content\/uploads\/2009\/08\/untitled41.jpg\"><img loading=\"lazy\" decoding=\"async\" class=\"alignnone size-thumbnail wp-image-37512\" title=\"Informationsbeauftragter des Ev. Kirchenkreises Fulda\" src=\"http:\/\/www.schoene-nachrichten.de\/wp-content\/uploads\/2009\/08\/untitled41-265x198.jpg\" alt=\"Informationsbeauftragter des Ev. Kirchenkreises Fulda\" width=\"265\" height=\"198\" srcset=\"https:\/\/www.fuldaernachrichten.de\/wp-content\/uploads\/2009\/08\/untitled41-265x198.jpg 265w, https:\/\/www.fuldaernachrichten.de\/wp-content\/uploads\/2009\/08\/untitled41.jpg 800w\" sizes=\"(max-width: 265px) 100vw, 265px\" \/><\/a><\/p>\n<p>Die Kreuzkirchenband wird neben modernen geistlichen Liedern das Lied der Wise Guys \u201eQu\u00e4l dich fit\u201c singen. Auf das Lied im Zusammenhang des Gottesdienstes hat ihn sein 11j\u00e4hriger Sohn Malte gebracht, der auch gastweise in der Band mitsingen wird. Ist Laufen \u201eErsatz f\u00fcr Religion\u201c, wie es bei den Wise Guys hei\u00dft oder k\u00f6nnen nicht doch Marathon-Lauf und \u201eLebens-Lauf\u201c zusammen passen?<\/p>\n<p>Wie in jedem AAAnderen Gottesdienst gibt es auch am Samstag, 5.9.09, 17.00, nach dem Gottesdienst ein Buffet \u2013 passend zum sportlichen Gottesdienst \u201ePasta satt!\u201c,\u00c2\u00a0 zu dem die Kreuzkirchengemeinde jeden einl\u00e4dt. B\u00fcrger dankt dem Marathon-Veranstalter und dem \u201eCaterer der Kreuzkirche\u201c, dem \u201eRestaurant Academica\u201c, schon f\u00fcr die Unterst\u00fctzung.<\/p>\n<p>Ein Kurz-Theaterst\u00fcck gibt es auch zu sehen. Es handelt von einem Laufanf\u00e4nger mit 116kg. Kinder finden einen parallelen Kindergottesdienst. \u201eEs ist herrlich zu sehen, dass zum AAAnderen Gottesdienst immer so\u00c2\u00a0 etwa 40 Kinder kommen\u201c, zeigt sich der sportliche Pfarrer begeistert. Und er wei\u00df, einen Tag nach dem Marathongottesdienst geht es mit mehreren Staffeln der Kreuzkirche auf die Halbmarathonstrecke.<\/p>\n","protected":false},"excerpt":{"rendered":"<div class=\"tmnf_excerpt\"><p>Fulda. Die Kreuzkirchengemeinde\u00c2\u00a0 in Fulda-Neuenberg macht\u00c2\u00a0 sich schon l\u00e4nger einen Namen unter den L\u00e4ufern in Fulda, vorneweg ihr Pfarrer Stefan B\u00fcrger, der in 2005 den Berlin-Marathon gelaufen ist. Ein regelm\u00e4\u00dfiger Lauftreff geh\u00f6rt zur Kirchengemeinde seitdem dazu.<\/p>\n<\/div>","protected":false},"author":1,"featured_media":0,"comment_status":"closed","ping_status":"closed","sticky":false,"template":"","format":"standard","meta":{"footnotes":""},"categories":[1,50,46],"tags":[],"class_list":["post-37507","post","type-post","status-publish","format-standard","hentry","category-startseite","category-kirche","category-sport"],"_links":{"self":[{"href":"https:\/\/www.fuldaernachrichten.de\/index.php?rest_route=\/wp\/v2\/posts\/37507","targetHints":{"allow":["GET"]}}],"collection":[{"href":"https:\/\/www.fuldaernachrichten.de\/index.php?rest_route=\/wp\/v2\/posts"}],"about":[{"href":"https:\/\/www.fuldaernachrichten.de\/index.php?rest_route=\/wp\/v2\/types\/post"}],"author":[{"embeddable":true,"href":"https:\/\/www.fuldaernachrichten.de\/index.php?rest_route=\/wp\/v2\/users\/1"}],"replies":[{"embeddable":true,"href":"https:\/\/www.fuldaernachrichten.de\/index.php?rest_route=%2Fwp%2Fv2%2Fcomments&post=37507"}],"version-history":[{"count":3,"href":"https:\/\/www.fuldaernachrichten.de\/index.php?rest_route=\/wp\/v2\/posts\/37507\/revisions"}],"predecessor-version":[{"id":37517,"href":"https:\/\/www.fuldaernachrichten.de\/index.php?rest_route=\/wp\/v2\/posts\/37507\/revisions\/37517"}],"wp:attachment":[{"href":"https:\/\/www.fuldaernachrichten.de\/index.php?rest_route=%2Fwp%2Fv2%2Fmedia&parent=37507"}],"wp:term":[{"taxonomy":"category","embeddable":true,"href":"https:\/\/www.fuldaernachrichten.de\/index.php?rest_route=%2Fwp%2Fv2%2Fcategories&post=37507"},{"taxonomy":"post_tag","embeddable":true,"href":"https:\/\/www.fuldaernachrichten.de\/index.php?rest_route=%2Fwp%2Fv2%2Ftags&post=37507"}],"curies":[{"name":"wp","href":"https:\/\/api.w.org\/{rel}","templated":true}]}}